{"id":39572,"date":"2026-08-18T07:23:00","date_gmt":"2026-08-18T05:23:00","guid":{"rendered":"https:\/\/euapp01.newsmemory.com\/lamarseillaise\/news\/?p=39572"},"modified":"2026-08-22T16:40:12","modified_gmt":"2026-08-22T14:40:12","slug":"dans-le-vaucluse-la-canicule-fait-disjoncter-un-reseau-a-moderniser","status":"publish","type":"post","link":"https:\/\/euapp01.newsmemory.com\/lamarseillaise\/news\/2026\/08\/18\/dans-le-vaucluse-la-canicule-fait-disjoncter-un-reseau-a-moderniser\/","title":{"rendered":"Dans le Vaucluse, la canicule fait disjoncter un r\u00e9seau \u00e0 moderniser"},"content":{"rendered":"<div class=\"paragraph\">\n<p>Il y a tout juste un an, lors d\u2019un conseil communautaire du Grand Avignon, <a rel=\"noopener noreferrer\" href=\"https:\/\/www.lamarseillaise.fr\/societe\/la-chaleur-responsable-de-plusieurs-coupures-de-courant-majeures-GI18455704\" target=\"_blank\">les \u00e9lus s\u2019\u00e9taient retrouv\u00e9s dans le noir, tentant tant bien que mal de continuer \u00e0 d\u00e9battre et voter malgr\u00e9 plusieurs coupures de courant.<\/a> Une sc\u00e8ne cocasse qui illustrait une panne d\u2019\u00e9lectricit\u00e9 affectant le secteur d\u2019Agroparc mais aussi de Montfavet ou Ved\u00e8ne. Un cas loin d\u2019\u00eatre isol\u00e9 qui s\u2019est reproduit \u00e0 plusieurs reprises depuis juin en Vaucluse mais aussi \u00e0 Arles ou Aubagne, o\u00f9 les maires des deux communes viennent de demander des comptes et des mesures concr\u00e8tes \u00e0 Enedis, gestionnaire du r\u00e9seau, face \u00e0 ces pannes \u00e0 r\u00e9p\u00e9tition.<\/p>\n<p>\u00c0 Avignon, 5\u00a0400\u00a0clients ont ainsi \u00e9t\u00e9 priv\u00e9s d\u2019\u00e9lectricit\u00e9 pendant environ 17 heures entre ce samedi et dimanche. Dimanche soir \u00e9galement, plusieurs secteurs de Cavaillon ont \u00e9t\u00e9 plong\u00e9s dans le noir p\u00e9nalisant 1\u00a0300\u00a0foyers, parfois quelques minutes et jusqu\u2019\u00e0 trois heures. Fin juin, jusqu\u2019\u00e0 9\u00a0000\u00a0foyers \u00e9taient aussi sans courant, principalement \u00e0 Orange, pendant plus d\u2019une journ\u00e9e, impactant fortement les habitants mais aussi h\u00f4pitaux et commer\u00e7ants. Des cas diff\u00e9rents, mais une m\u00eame cause\u00a0: \u00ab<i>\u00a0<\/i><i>Les tr\u00e8s fortes chaleurs cumul\u00e9es sur plusieurs jours avec une temp\u00e9rature qui ne descend pas la nuit ont fait monter la temp\u00e9rature des sols goudronn\u00e9s jusqu\u2019\u00e0 80<\/i><i>\u00a0<\/i><i>degr\u00e9s par endroits, ce qui a mis en forte contrainte les r\u00e9seaux souterrains. Les zones urbaines sont potentiellement les plus touch\u00e9es par ce type de ph\u00e9nom\u00e8ne \u00e0 cause des sols goudronn\u00e9s<\/i>\u00a0\u00bb, indique Enedis.<\/p>\n<p>Une double peine donc, o\u00f9 les habitants n\u2019ont plus de jus pour faire tourner ventilateurs, clim, \u00e9ventuels appareils respiratoires ou, plus trivialement, machines \u00e0 gla\u00e7ons, mais aussi pour les agents Enedis qui doivent intervenir en urgence sous fortes chaleurs pour r\u00e9parer. Si la vigilance canicule est lev\u00e9e depuis ce mardi matin, ces \u00e9pisodes sont vou\u00e9s \u00e0 se reproduire. Enedis en a bien conscience et relayait, d\u00e8s le mois de mai, des vid\u00e9os didactiques sur les effets de la canicule sur les r\u00e9seaux souterrains.<\/p>\n<\/p><\/div>\n<div class=\"intext\"> De nouveaux c\u00e2bles divisant le risque par 33\n              <\/div>\n<div class=\"paragraph\">\n<p>\u00ab<i>\u00a0<\/i><i>Face \u00e0 ces \u00e9volutions, Enedis adapte en profondeur son r\u00e9seau pour renforcer sa r\u00e9silience face aux fortes chaleurs<\/i>, nous r\u00e9pond l\u2019op\u00e9rateur. <i>Cela passe par un programme continu de modernisation des infrastructures, incluant le renouvellement des \u00e9quipements les plus sensibles \u00e0 la chaleur.<\/i><i>\u00a0<\/i>\u00bb Un plan national d\u2019investissements de 26\u00a0milliards d\u2019euros sur la p\u00e9riode 2026-2040 a \u00e9t\u00e9 engag\u00e9, \u00ab\u00a0<i>dont plus de 15<\/i><i>\u00a0<\/i><i>milliards d\u2019euros sur l\u2019adaptation au changement climatique<\/i><i>\u00a0<\/i>\u00bb. En 2025, 40\u00a0millions d\u2019euros ont \u00e9t\u00e9 investis en Vaucluse permettant de moderniser \u00ab\u00a0<i>plusieurs dizaines de kilom\u00e8tres du r\u00e9seau<\/i><i>\u00a0<\/i>\u00bb sur les 15\u00a0170km du d\u00e9partement.<\/p>\n<p>Une grande majorit\u00e9 de c\u00e2bles date encore de la p\u00e9riode 1965-1981 et atteignent leurs limites. D\u00e9sormais, Enedis opte pour des c\u00e2bles \u00e0 isolation synth\u00e9tique, qui \u00ab\u00a0<i>offrent une meilleure tenue thermique et une plus grande fiabilit\u00e9<\/i><i>\u00a0<\/i>\u00bb. Selon Enedis, ils divisent \u00ab\u00a0<i>par 33 le nombre d\u2019incidents en p\u00e9riode chaude<\/i><i>\u00a0<\/i>\u00bb.<\/p>\n<\/p><\/div>\n","protected":false},"excerpt":{"rendered":"Il y a tout juste un an, lors d&rsquo;un conseil communautaire du Grand Avignon, les &eacute;lus s&rsquo;&eacute;taient retrouv&eacute;s dans le noir, tentant tant bien que mal de continuer &agrave; d&eacute;battre et voter malgr&eacute; plusieurs &#8230;","protected":false},"author":1,"featured_media":39573,"comment_status":"open","ping_status":"open","sticky":false,"template":"","format":"standard","meta":{"footnotes":""},"categories":[3926,3925,20],"tags":[495,3275,174,372,373,207,177,696,6101,6235,1026,6100,106,519,3099,419,1395,171,2087],"news-destination":[3944],"news-source":[475],"is_homepage":[],"ta_other":[],"class_list":["post-39572","post","type-post","status-publish","format-standard","has-post-thumbnail","hentry","category-accueil-merge","category-accueil-third","category-societe","tag-495","tag-adaptation-climatique","tag-avignon","tag-canicule","tag-chaleur","tag-changement-climatique","tag-commercants","tag-commerces","tag-coupure","tag-coupures-delectricite","tag-electricite","tag-enedis","tag-habitants","tag-investissements","tag-modernisation","tag-rechauffement-climatique","tag-temperatures","tag-vaucluse","tag-vigilance","news-destination-homepage","news-source-website"],"_links":{"self":[{"href":"https:\/\/euapp01.newsmemory.com\/lamarseillaise\/news\/wp-json\/wp\/v2\/posts\/39572","targetHints":{"allow":["GET"]}}],"collection":[{"href":"https:\/\/euapp01.newsmemory.com\/lamarseillaise\/news\/wp-json\/wp\/v2\/posts"}],"about":[{"href":"https:\/\/euapp01.newsmemory.com\/lamarseillaise\/news\/wp-json\/wp\/v2\/types\/post"}],"author":[{"embeddable":true,"href":"https:\/\/euapp01.newsmemory.com\/lamarseillaise\/news\/wp-json\/wp\/v2\/users\/1"}],"replies":[{"embeddable":true,"href":"https:\/\/euapp01.newsmemory.com\/lamarseillaise\/news\/wp-json\/wp\/v2\/comments?post=39572"}],"version-history":[{"count":1,"href":"https:\/\/euapp01.newsmemory.com\/lamarseillaise\/news\/wp-json\/wp\/v2\/posts\/39572\/revisions"}],"predecessor-version":[{"id":39574,"href":"https:\/\/euapp01.newsmemory.com\/lamarseillaise\/news\/wp-json\/wp\/v2\/posts\/39572\/revisions\/39574"}],"wp:featuredmedia":[{"embeddable":true,"href":"https:\/\/euapp01.newsmemory.com\/lamarseillaise\/news\/wp-json\/wp\/v2\/media\/39573"}],"wp:attachment":[{"href":"https:\/\/euapp01.newsmemory.com\/lamarseillaise\/news\/wp-json\/wp\/v2\/media?parent=39572"}],"wp:term":[{"taxonomy":"category","embeddable":true,"href":"https:\/\/euapp01.newsmemory.com\/lamarseillaise\/news\/wp-json\/wp\/v2\/categories?post=39572"},{"taxonomy":"post_tag","embeddable":true,"href":"https:\/\/euapp01.newsmemory.com\/lamarseillaise\/news\/wp-json\/wp\/v2\/tags?post=39572"},{"taxonomy":"news-destination","embeddable":true,"href":"https:\/\/euapp01.newsmemory.com\/lamarseillaise\/news\/wp-json\/wp\/v2\/news-destination?post=39572"},{"taxonomy":"news-source","embeddable":true,"href":"https:\/\/euapp01.newsmemory.com\/lamarseillaise\/news\/wp-json\/wp\/v2\/news-source?post=39572"},{"taxonomy":"is_homepage","embeddable":true,"href":"https:\/\/euapp01.newsmemory.com\/lamarseillaise\/news\/wp-json\/wp\/v2\/is_homepage?post=39572"},{"taxonomy":"ta_other","embeddable":true,"href":"https:\/\/euapp01.newsmemory.com\/lamarseillaise\/news\/wp-json\/wp\/v2\/ta_other?post=39572"}],"curies":[{"name":"wp","href":"https:\/\/api.w.org\/{rel}","templated":true}]}}