{"id":39569,"date":"2026-08-18T07:09:00","date_gmt":"2026-08-18T05:09:00","guid":{"rendered":"https:\/\/euapp01.newsmemory.com\/lamarseillaise\/news\/?p=39569"},"modified":"2026-08-22T16:40:12","modified_gmt":"2026-08-22T14:40:12","slug":"contre-les-abandons-danimaux-le-meilleur-allie-est-la-reflexion","status":"publish","type":"post","link":"https:\/\/euapp01.newsmemory.com\/lamarseillaise\/news\/2026\/08\/18\/contre-les-abandons-danimaux-le-meilleur-allie-est-la-reflexion\/","title":{"rendered":"Contre les abandons d\u2019animaux, le meilleur alli\u00e9 est la r\u00e9flexion"},"content":{"rendered":"<div class=\"paragraph\">\n<p>Depuis quelques semaines, sur les r\u00e9seaux sociaux, les publications se multiplient\u00a0: \u00ab\u00a0Trouv\u00e9e \u00e0 Port-de-Bouc, femelle, non identifi\u00e9e, attach\u00e9e devant la clinique v\u00e9t\u00e9rinaire&#8230;\u00a0\u00bb \u00ab\u00a0Trouv\u00e9 \u00e0 Gignac-la-Nerthe, I-CAD (Identification des carnivores domestiques) pas \u00e0 jour.\u00a0\u00bb \u00ab\u00a0Attend ses propri\u00e9taires au refuge.\u00a0\u00bb<\/p>\n<p>La saison estivale est une p\u00e9riode noire pour les animaux de compagnie. \u00ab\u00a0<i>En France, on est les champions d\u2019Europe de l\u2019abandon<\/i><i>\u00a0<\/i>\u00bb, affirme Philippe Adam, le pr\u00e9sident de la SPA de Salon-de-Provence. En 2025, 335\u00a0258\u00a0chats et chiens ont \u00e9t\u00e9 pris en charge par les structures de protection animale, selon des donn\u00e9es publi\u00e9es d\u00e9but 2026 par Solidarit\u00e9 peuple animal \u00e0 partir des fichiers de l\u2019I-CAD. En \u00e9t\u00e9, les associations estiment qu\u2019un animal de compagnie est abandonn\u00e9 toutes les deux minutes.<\/p>\n<\/p><\/div>\n<div class=\"intext\"> Les malinois et les staffs surrepr\u00e9sent\u00e9s\n              <\/div>\n<div class=\"paragraph\">\n<p>\u00c0 Salon-de-Provence, la SPA enregistre un pic de 30% sur les mois de juin, juillet et ao\u00fbt. Cr\u00e9\u00e9e en 1954, l\u2019association n\u2019a juridiquement rien \u00e0 voir avec son homologue \u00e0 la patte orange. \u00ab\u00a0<i>Soci\u00e9t\u00e9 protectrice des animaux est un terme g\u00e9n\u00e9rique<\/i>\u00a0\u00bb, explique Philippe Adam. En 2021, alors que la loi impose \u00e0 chaque commune de disposer d\u2019une fourri\u00e8re, l\u2019association ind\u00e9pendante passe une convention avec 43\u00a0collectivit\u00e9s du pays salonais.<\/p>\n<p>\u00ab<i>\u00a0<\/i><i>Quand on capture un animal sur la voie publique, il y a un d\u00e9lai de 8<\/i><i>\u00a0<\/i><i>jours ouvr\u00e9s et francs pour que le propri\u00e9taire vienne le r\u00e9cup\u00e9rer, puis il est r\u00e9put\u00e9 nous appartenir, <\/i>d\u00e9taille le pr\u00e9sident.<i> Apr\u00e8s un protocole vaccinal complet et une quarantaine, il rejoint la zone refuge pour pouvoir \u00eatre adopt\u00e9<\/i>.\u00a0\u00bb Les chiens et chats peuvent aussi arriver suite \u00e0 un arr\u00eat\u00e9 de placement \u00e9manant du maire, \u00e0 une r\u00e9quisition judiciaire, ou \u00e0 une proc\u00e9dure l\u00e9gale d\u2019abandon en cas de force majeure (maladie, s\u00e9jour \u00e0 l\u2019h\u00f4pital).<\/p>\n<p>En ce mois d\u2019ao\u00fbt, quasiment tous les boxs de la fourri\u00e8re comme du refuge sont au complet. Environ 280 animaux vivent dans l\u2019enceinte de la SPA, qui a une capacit\u00e9 maximale de 300\u00a0placements. Du c\u00f4t\u00e9 des chiens, deux races sont surrepr\u00e9sent\u00e9es\u00a0: les staffs et les malinois, qui constituent \u00e0 elles deux 50% du cheptel.<\/p>\n<p>Avec une probl\u00e9matique\u00a0: ces chiens \u00e9tant de cat\u00e9gorie 1 ou 2 (d\u2019attaque ou de garde et de d\u00e9fense), ils sont plus compliqu\u00e9s \u00e0 adopter. \u00ab<i>\u00a0<\/i><i>Il faut avoir un casier judiciaire vierge, obtenir un permis de d\u00e9tention et souscrire une assurance responsabilit\u00e9 civile particuli\u00e8re<\/i>\u00a0\u00bb, d\u00e9taille le pr\u00e9sident de la SPA. Si ce classement peut faire peur, il suffit de rencontrer les concern\u00e9s pour se lib\u00e9rer des pr\u00e9jug\u00e9s. Derri\u00e8re les grilles, les coups de langue sont abondants et la douceur des regards est frappante. \u00ab\u00a0<i>Avec de l\u2019amour et de la patience, on arrive \u00e0 beaucoup de choses<\/i>\u00a0\u00bb, glisse Cathy Dautheribes, qui a cr\u00e9\u00e9 Fos-Animalia il y a 30\u00a0ans.<\/p>\n<p>Cette association, \u00e9galement fourri\u00e8re pour le territoire foss\u00e9en, double sa capacit\u00e9 en \u00e9t\u00e9 et conna\u00eet la m\u00eame probl\u00e9matique. \u00ab\u00a0<i>On a beaucoup de malinois, <\/i>souffle la pr\u00e9sidente.<i> Ce sont des chiens de travail, pas des chiens de famille. Ils ont besoin de cadre.<\/i> <i>Les gens les prennent b\u00e9b\u00e9 parce qu\u2019il y a un effet de mode, ils les gardent deux ans puis les abandonnent parce qu\u2019ils s\u2019en sortent pas.<\/i>\u00a0\u00bb Aux abandons en pagaille s\u2019ajoute la p\u00e9riode de reproduction des chats. \u00ab\u00a0<i>On est envahis de chatons, on en a une trentaine<\/i><i>\u00a0<\/i>\u00bb, r\u00e9v\u00e8le Cathy Dautheribes en entrant dans la chatterie, o\u00f9 les miaulements juv\u00e9niles illustrent \u00e0 eux seuls la situation. \u00ab\u00a0<i>Le reste de l\u2019ann\u00e9e on a un roulement, mais les gens n\u2019adoptent pas en \u00e9t\u00e9, il n\u2019y a que des abandons<\/i>\u00a0\u00bb, d\u00e9plore-t-elle.<\/p>\n<p>Pour que ces situations ne se r\u00e9p\u00e8tent pas, les refuges demandent aux adoptants de prendre un vrai temps de r\u00e9flexion avant de sauter le pas, et de choisir un compagnon adapt\u00e9 \u00e0 leur mode de vie. \u00ab\u00a0<i>Il faut venir plusieurs fois, que toute la famille se pr\u00e9sente, essayer de promener le chien&#8230; Et surtout \u00eatre conscient que c\u2019est du temps et de l\u2019argent<\/i><i>\u00a0<\/i>\u00bb, appuie Cathy Dautheribes.<\/p>\n<p>En 2021, le travail de collaboration entre la SPA de Salon-de-Provence et les d\u00e9put\u00e9s Jean-Marc Zulesi (Ens) et \u00c9ric Diard (DVD) a men\u00e9 \u00e0 la publication d\u2019une loi imposant \u00e0 tout adoptant de signer un certificat d\u2019engagement et de connaissance, assorti d\u2019un d\u00e9lai de r\u00e9flexion obligatoire d\u2019une semaine avant la remise effective de l\u2019animal.<\/p>\n<\/p><\/div>\n","protected":false},"excerpt":{"rendered":"Depuis quelques semaines, sur les r&eacute;seaux sociaux, les publications se multiplient&nbsp;: &laquo;&nbsp;Trouv&eacute;e &agrave; Port-de-Bouc, femelle, non identifi&eacute;e, attach&eacute;e devant la clinique &#8230;","protected":false},"author":1,"featured_media":39570,"comment_status":"open","ping_status":"open","sticky":false,"template":"","format":"standard","meta":{"footnotes":""},"categories":[3926,3925,20],"tags":[6269,1840,182,168,4381,3567,1632,3709,482,2233,5097,3568,1698,1313,1672],"news-destination":[3944],"news-source":[475],"is_homepage":[],"ta_other":[],"class_list":["post-39569","post","type-post","status-publish","format-standard","has-post-thumbnail","hentry","category-accueil-merge","category-accueil-third","category-societe","tag-abandons","tag-animal","tag-animaux","tag-association","tag-bien-etre-animal","tag-chats","tag-chiens","tag-eric-diard","tag-fos-sur-mer","tag-fourriere","tag-jean-marc-zulesi","tag-refuge","tag-saison-estivale","tag-salon-de-provence","tag-spa","news-destination-homepage","news-source-website"],"_links":{"self":[{"href":"https:\/\/euapp01.newsmemory.com\/lamarseillaise\/news\/wp-json\/wp\/v2\/posts\/39569","targetHints":{"allow":["GET"]}}],"collection":[{"href":"https:\/\/euapp01.newsmemory.com\/lamarseillaise\/news\/wp-json\/wp\/v2\/posts"}],"about":[{"href":"https:\/\/euapp01.newsmemory.com\/lamarseillaise\/news\/wp-json\/wp\/v2\/types\/post"}],"author":[{"embeddable":true,"href":"https:\/\/euapp01.newsmemory.com\/lamarseillaise\/news\/wp-json\/wp\/v2\/users\/1"}],"replies":[{"embeddable":true,"href":"https:\/\/euapp01.newsmemory.com\/lamarseillaise\/news\/wp-json\/wp\/v2\/comments?post=39569"}],"version-history":[{"count":1,"href":"https:\/\/euapp01.newsmemory.com\/lamarseillaise\/news\/wp-json\/wp\/v2\/posts\/39569\/revisions"}],"predecessor-version":[{"id":39571,"href":"https:\/\/euapp01.newsmemory.com\/lamarseillaise\/news\/wp-json\/wp\/v2\/posts\/39569\/revisions\/39571"}],"wp:featuredmedia":[{"embeddable":true,"href":"https:\/\/euapp01.newsmemory.com\/lamarseillaise\/news\/wp-json\/wp\/v2\/media\/39570"}],"wp:attachment":[{"href":"https:\/\/euapp01.newsmemory.com\/lamarseillaise\/news\/wp-json\/wp\/v2\/media?parent=39569"}],"wp:term":[{"taxonomy":"category","embeddable":true,"href":"https:\/\/euapp01.newsmemory.com\/lamarseillaise\/news\/wp-json\/wp\/v2\/categories?post=39569"},{"taxonomy":"post_tag","embeddable":true,"href":"https:\/\/euapp01.newsmemory.com\/lamarseillaise\/news\/wp-json\/wp\/v2\/tags?post=39569"},{"taxonomy":"news-destination","embeddable":true,"href":"https:\/\/euapp01.newsmemory.com\/lamarseillaise\/news\/wp-json\/wp\/v2\/news-destination?post=39569"},{"taxonomy":"news-source","embeddable":true,"href":"https:\/\/euapp01.newsmemory.com\/lamarseillaise\/news\/wp-json\/wp\/v2\/news-source?post=39569"},{"taxonomy":"is_homepage","embeddable":true,"href":"https:\/\/euapp01.newsmemory.com\/lamarseillaise\/news\/wp-json\/wp\/v2\/is_homepage?post=39569"},{"taxonomy":"ta_other","embeddable":true,"href":"https:\/\/euapp01.newsmemory.com\/lamarseillaise\/news\/wp-json\/wp\/v2\/ta_other?post=39569"}],"curies":[{"name":"wp","href":"https:\/\/api.w.org\/{rel}","templated":true}]}}