{"id":39566,"date":"2026-08-18T07:22:00","date_gmt":"2026-08-18T05:22:00","guid":{"rendered":"https:\/\/euapp01.newsmemory.com\/lamarseillaise\/news\/?p=39566"},"modified":"2026-08-22T16:40:12","modified_gmt":"2026-08-22T14:40:12","slug":"a-ollioules-la-propriete-leguee-ne-peut-abriter-une-ecole-privee","status":"publish","type":"post","link":"https:\/\/euapp01.newsmemory.com\/lamarseillaise\/news\/2026\/08\/18\/a-ollioules-la-propriete-leguee-ne-peut-abriter-une-ecole-privee\/","title":{"rendered":"\u00c0 Ollioules, la propri\u00e9t\u00e9 l\u00e9gu\u00e9e ne peut abriter une \u00e9cole priv\u00e9e"},"content":{"rendered":"<div class=\"paragraph\">\n<p>\u00ab <i>N<\/i><i>ous sommes navr\u00e9s d\u2019avoir \u00e0 renouveler notre ferme opposition, quitte \u00e0 saisir toutes les instances comp\u00e9tentes, \u00e0 la cession de la propri\u00e9t\u00e9 Fraisse l\u00e9gu\u00e9e sous conditions \u00e0 la ville d\u2019Ollioules, telle qu\u2019elle est pr\u00e9sent\u00e9e au conseil municipal.<\/i>\u00a0\u00bb Les \u00e9lus d\u2019opposition du groupe \u00ab\u00a0Ollioules Autrement\u00a0\u00bb, Claudie Cartereau-Zunino (Les \u00c9cologistes) et Christian Bercovici (PCF) sont intervenus en s\u00e9ance publique pour faire lecture du courrier adress\u00e9 au maire (LR) Robert Beneventi et \u00e0 son adjointe \u00e0 l\u2019urbanisme Laeticia Quilici.<\/p>\n<p>Pour m\u00e9moire suite \u00e0 leur demande aupr\u00e8s du pr\u00e9fet d\u2019exercer un contr\u00f4le de l\u00e9galit\u00e9 sur l\u2019op\u00e9ration, le projet initial avait \u00e9t\u00e9 suspendu. Ils s\u2019\u00e9tonnent donc aujourd\u2019hui que le nouveau pr\u00e9sent\u00e9 ne tienne pas compte, selon eux, des causes initiales du report. Le repr\u00e9sentant de l\u2019\u00c9tat dans le d\u00e9partement pointant alors un \u00ab\u00a0<i>projet s\u2019\u00e9loignant de l\u2019objectif poursuivi par le legs<\/i>\u00a0\u00bb.<\/p>\n<p>\u00ab\u00a0<i>Or non seulement les conditions du legs ne sont toujours pas respect\u00e9es, mais elles ne le sont pas non plus dans le cahier des charges sur lequel devaient s\u2019appuyer les candidats \u00e0 l\u2019achat de la propri\u00e9t\u00e9<\/i>\u00a0\u00bb, d\u00e9nonce la gauche.<\/p>\n<p>Et de rappeler une fois encore que C\u00e9cile Beckeric (\u00e9pouse Fraisse), d\u00e9c\u00e9d\u00e9e en juin\u00a02017, a fait dont de cette propri\u00e9t\u00e9 \u00e0 la collectivit\u00e9 \u00e0 la condition que soit cr\u00e9\u00e9 sur celle-ci un lieu destin\u00e9 \u00e0 la petite enfance. Ce qui n\u2019est manifestement toujours pas le cas aujourd\u2019hui, du moins pas dans son int\u00e9gralit\u00e9, environ un tiers seulement du b\u00e2ti \u00e0 venir.<\/p>\n<p>Le projet pour lequel le groupe Suprana se porte acqu\u00e9reur pr\u00e9voit la construction d\u2019une \u00e9cole de 11 classes de la maternelle au coll\u00e8ge. Ce qui pr\u00e9sente pour commencer une vision quelque peu \u00e9largie du terme petite enfance.<\/p>\n<p>Mais ce qui choque encore plus la gauche et les \u00e9cologistes c\u2019est la nature de l\u2019\u00e9tablissement hors contrat avec l\u2019\u00c9ducation nationale qui doit y \u00eatre \u00e9rig\u00e9\u00a0: le cours Tabarly, une \u00e9cole du r\u00e9seau Esp\u00e9rance banlieues.<\/p>\n<p>\u00ab\u00a0<i>Peut-\u00eatre n\u2019avez-vous pas eu le loisir de lire les nombreux articles parus dans la presse nationale et syndicale \u00e9voquant les diff\u00e9rentes enqu\u00eates judiciaires concernant le r\u00e9seau Esp\u00e9rance banlieues<\/i><i>\u00a0<\/i><i>?<\/i>\u00a0\u00bb, lancent les \u00e9lus d\u2019opposition au maire. Plusieurs enqu\u00eates sont actuellement en cours, mais aucune condamnation judiciaire d\u00e9finitive n\u2019a eu lieu.<\/p>\n<p>\u00ab\u00a0<i>Quand on sait que le fondateur du r\u00e9seau Esp\u00e9rance banlieues, \u00c9ric Mestrallet est proche des milieux catholiques int\u00e9gristes dont certains militent pour l\u2019abolition de la R\u00e9publique, vous comprendrez qu\u2019on s\u2019\u00e9tonne que la municipalit\u00e9 d\u2019Ollioules puisse faciliter l\u2019installation d\u2019un \u00e9tablissement scolaire appartenant \u00e0 ce r\u00e9seau<\/i>\u00a0\u00bb, ajoutent les \u00e9lus. Et de conclure\u00a0: \u00ab\u00a0<i>La ville ne peut pas trahir les conditions du legs et laisser se construire sur la propri\u00e9t\u00e9 autre chose qu\u2019un \u00e9tablissement pour jeunes enfants de 0 \u00e0 6<\/i><i>\u00a0<\/i><i>ans<\/i><i>\u00a0<\/i><i>!<\/i>\u00a0\u00bb Pour la municipalit\u00e9, \u00ab\u00a0<i>la principale critique du pr\u00e9fet, qui avait \u00e9voqu\u00e9 l\u2019existence d\u2019un <\/i>&#8220;<i>risque juridique&#8221;, portait sur des activit\u00e9s annexes aujourd\u2019hui abandonn\u00e9es<\/i>\u00a0\u00bb<i>. <\/i>Le nouveau programme s\u2019inscrit donc, pour elle, dans une parfaite conformit\u00e9.<\/p>\n<p>L\u2019opposition va donc porter l\u2019affaire devant le tribunal administratif.<\/p>\n<\/p><\/div>\n","protected":false},"excerpt":{"rendered":"&laquo; Nous sommes navr&eacute;s d&rsquo;avoir &agrave; renouveler notre ferme opposition, quitte &agrave; saisir toutes les instances comp&eacute;tentes, &agrave; la cession de la propri&eacute;t&eacute; Fraisse l&eacute;gu&eacute;e sous &#8230;","protected":false},"author":1,"featured_media":39567,"comment_status":"open","ping_status":"open","sticky":false,"template":"","format":"standard","meta":{"footnotes":""},"categories":[3926,3925,20],"tags":[690,208,375,410,926,2554,304,96,631,830,250,632,1131,1567,1186,3696,790,31,720],"news-destination":[3944],"news-source":[475],"is_homepage":[],"ta_other":[],"class_list":["post-39566","post","type-post","status-publish","format-standard","has-post-thumbnail","hentry","category-accueil-merge","category-accueil-third","category-societe","tag-catholique","tag-collectivites","tag-dons","tag-education","tag-education-nationale","tag-enseignement","tag-les-ecologistes","tag-municipalite","tag-ollioules","tag-opposition","tag-pcf","tag-petite-enfance","tag-prefecture","tag-prefet","tag-presse","tag-secteur-prive","tag-tribunal-administratif","tag-var","tag-ville","news-destination-homepage","news-source-website"],"_links":{"self":[{"href":"https:\/\/euapp01.newsmemory.com\/lamarseillaise\/news\/wp-json\/wp\/v2\/posts\/39566","targetHints":{"allow":["GET"]}}],"collection":[{"href":"https:\/\/euapp01.newsmemory.com\/lamarseillaise\/news\/wp-json\/wp\/v2\/posts"}],"about":[{"href":"https:\/\/euapp01.newsmemory.com\/lamarseillaise\/news\/wp-json\/wp\/v2\/types\/post"}],"author":[{"embeddable":true,"href":"https:\/\/euapp01.newsmemory.com\/lamarseillaise\/news\/wp-json\/wp\/v2\/users\/1"}],"replies":[{"embeddable":true,"href":"https:\/\/euapp01.newsmemory.com\/lamarseillaise\/news\/wp-json\/wp\/v2\/comments?post=39566"}],"version-history":[{"count":1,"href":"https:\/\/euapp01.newsmemory.com\/lamarseillaise\/news\/wp-json\/wp\/v2\/posts\/39566\/revisions"}],"predecessor-version":[{"id":39568,"href":"https:\/\/euapp01.newsmemory.com\/lamarseillaise\/news\/wp-json\/wp\/v2\/posts\/39566\/revisions\/39568"}],"wp:featuredmedia":[{"embeddable":true,"href":"https:\/\/euapp01.newsmemory.com\/lamarseillaise\/news\/wp-json\/wp\/v2\/media\/39567"}],"wp:attachment":[{"href":"https:\/\/euapp01.newsmemory.com\/lamarseillaise\/news\/wp-json\/wp\/v2\/media?parent=39566"}],"wp:term":[{"taxonomy":"category","embeddable":true,"href":"https:\/\/euapp01.newsmemory.com\/lamarseillaise\/news\/wp-json\/wp\/v2\/categories?post=39566"},{"taxonomy":"post_tag","embeddable":true,"href":"https:\/\/euapp01.newsmemory.com\/lamarseillaise\/news\/wp-json\/wp\/v2\/tags?post=39566"},{"taxonomy":"news-destination","embeddable":true,"href":"https:\/\/euapp01.newsmemory.com\/lamarseillaise\/news\/wp-json\/wp\/v2\/news-destination?post=39566"},{"taxonomy":"news-source","embeddable":true,"href":"https:\/\/euapp01.newsmemory.com\/lamarseillaise\/news\/wp-json\/wp\/v2\/news-source?post=39566"},{"taxonomy":"is_homepage","embeddable":true,"href":"https:\/\/euapp01.newsmemory.com\/lamarseillaise\/news\/wp-json\/wp\/v2\/is_homepage?post=39566"},{"taxonomy":"ta_other","embeddable":true,"href":"https:\/\/euapp01.newsmemory.com\/lamarseillaise\/news\/wp-json\/wp\/v2\/ta_other?post=39566"}],"curies":[{"name":"wp","href":"https:\/\/api.w.org\/{rel}","templated":true}]}}