{"id":39563,"date":"2026-08-18T07:06:00","date_gmt":"2026-08-18T05:06:00","guid":{"rendered":"https:\/\/euapp01.newsmemory.com\/lamarseillaise\/news\/?p=39563"},"modified":"2026-08-22T16:04:33","modified_gmt":"2026-08-22T14:04:33","slug":"jeffrey-de-lange-est-pret-a-relever-le-gant-avec-lom","status":"publish","type":"post","link":"https:\/\/euapp01.newsmemory.com\/lamarseillaise\/news\/2026\/08\/18\/jeffrey-de-lange-est-pret-a-relever-le-gant-avec-lom\/","title":{"rendered":"Jeffrey de Lange est pr\u00eat \u00e0 relever le gant avec l\u2019OM"},"content":{"rendered":"<div class=\"paragraph\">\n<p>Il y a deux ans, Jeffrey de Lange arrivait \u00e0 l\u2019OM, dans le sillage de Geronimo Rulli.<\/p>\n<p>Tous les deux quittaient les Pays-Bas, avec en t\u00eate l\u2019id\u00e9e de prendre un nouvel envol. Geronimo Rulli avait perdu sa place de num\u00e9ro 1 dans le but de l\u2019Ajax. Alors que Jeffrey de Lange \u00e9tait aux portes de la s\u00e9lection \u00ab\u00a0Oranje\u00a0\u00bb, apr\u00e8s une saison pleine avec Deventer.<\/p>\n<p>Lorsqu\u2019il a parl\u00e9 d\u2019eux, Roberto de Zerbi refusait de faire un choix, entre deux \u00e9l\u00e9ments qu\u2019il estimait \u00ab\u00a0<i>de valeur et de qualit\u00e9s \u00e9gales. C\u2019est le terrain qui dictera mes choix<\/i><i>\u00a0<\/i>\u00bb disait alors celui qui d\u00e9couvrait \u00e9galement l\u2019OM. N\u00e9anmoins, Geronimo Rulli avait une cote sup\u00e9rieure. Du fait d\u2019avoir \u00e9t\u00e9 dans l\u2019\u00e9quipe d\u2019Argentine championne du Monde au Qatar.<\/p>\n<\/p><\/div>\n<div class=\"intext\"> Le coup d\u2019arr\u00eat au Parc\n              <\/div>\n<div class=\"paragraph\">\n<p>C\u2019est donc lui qui a d\u00e9but\u00e9 la saison dans le but marseillais. Et \u00e0 Brest, sa premi\u00e8re prestation, avec notamment un penalty arr\u00eat\u00e9, a rapidement ferm\u00e9 la porte \u00e0 Jeffrey de Lange. Le N\u00e9erlandais devant se contenter de la coupe de France pour montrer ses qualit\u00e9s.<\/p>\n<p>La saison suivante, avec un Geronimo Rulli moins d\u00e9cisif, sa doublure a b\u00e9n\u00e9fici\u00e9 d\u2019un peu plus d\u2019exposition. Mais le choix de Roberto De Zerbi de le titulariser au Parc des Princes face au PSG a bris\u00e9 son \u00e9lan. Avec une d\u00e9faite 5-0, une semaine apr\u00e8s un \u00e9chec face au Paris FC, o\u00f9 Geronimo Rulli \u00e9tait pass\u00e9 \u00e0 c\u00f4t\u00e9 de son match.<\/p>\n<p>L\u2019id\u00e9e de l\u2019entra\u00eeneur marseillais de l\u2019\u00e9poque \u00e9tait de faire souffler l\u2019Argentin et montrer au N\u00e9erlandais qu\u2019il pouvait \u00eatre une alternative efficace. Le contraire c\u2019est produit, avec deux joueurs qui ont fini la saison le moral dans les chaussettes. Peut-\u00eatre aurait-il plus judicieux pour Roberto De Zerbi de titulariser Jeffrey de Lange face au Paris FC\u00a0? L\u2019histoire ne peut h\u00e9las pas se r\u00e9\u00e9crire.<\/p>\n<p>Jusqu\u2019\u00e0 ce funeste 8 f\u00e9vrier, les prestations de l\u2019ancien gardien des Go Ehead Eagles avaient \u00e9t\u00e9 au niveau des attentes. En neuf titularisations, cinq en coupe de France et quatre en Ligue 1, il avait livr\u00e9 cinq \u00ab\u00a0clean sheet\u00a0\u00bb. Mais la rouste inflig\u00e9e par le PSG est venue ternir cette statistique. Et il n\u2019a plus jou\u00e9 jusqu\u2019\u00e0 la fin de la saison, malgr\u00e9 l\u2019arriv\u00e9e de Habib Beye au chevet des Marseillais.<\/p>\n<p>Avec le d\u00e9part de Geronimo Rulli \u00e0 Manchester City, Bruno Genesio a besoin d\u2019un nouveau num\u00e9ro 1. Logiquement, Jeffrey de Lange a h\u00e9rit\u00e9 du statut. Dans un effectif o\u00f9 tout est en perp\u00e9tuel mouvement, avec des d\u00e9parts en cascade, qu\u2019aucune arriv\u00e9e n\u2019est encore venue compenser.<\/p>\n<p>Dans un groupe de rescap\u00e9s, o\u00f9 tout le monde est encore susceptible de quitter la gal\u00e8re phoc\u00e9enne, son retour aux Pays-Bas a m\u00eame \u00e9t\u00e9 un temps envisag\u00e9. Lorsque stage \u00e0 Zeist, des discussions ont \u00e9t\u00e9 men\u00e9es avec Twente. Mais finalement, le club d\u2019Enschede n\u2019a pas pu le r\u00e9cup\u00e9rer.<\/p>\n<p>Jeffrey de Lange a donc termin\u00e9 la pr\u00e9paration avec l\u2019OM. Il \u00e9tait titulaire lors des six matches amicaux, et n\u2019a c\u00e9d\u00e9 sa place \u00e0 Th\u00e9o Vermot que sur trois. Il sera donc dans le but olympien pour le coup d\u2019envoi de la saison. D\u2019autant plus que Lucas Perri s\u2019appr\u00eate \u00e0 s\u2019engager avec le Torino.<\/p>\n<\/p><\/div>\n<div class=\"paragraph\">\n<p><b>Franck McCourt a remis 50 millions au pot<\/b><\/p>\n<p>La situation financi\u00e8re de l\u2019OM est loin d\u2019\u00eatre au beau fixe.<\/p>\n<p>Elle a m\u00eame pouss\u00e9 la DNCG et l\u2019UEFA \u00e0 taper du poing sur la table pour exiger son assainissement, avec un encadrement de la masse salariale prononc\u00e9 par la premi\u00e8re, et la menace d\u2019une exclusion des coupes d\u2019Europe brandie par la seconde.<\/p>\n<p>Une situation qui oblige le club \u00e0 faire des coupes franches dans sa masse salariale, en se s\u00e9parant des plus gros salaires et en vendant ses cadres. N\u00e9anmoins, ces \u00e9conomies ne suffisent pas. De fait, Franck McCourt a d\u00fb effectuer une ouverture du capital de 50 millions d\u2019euros, venue s\u2019ajouter aux 120 millions inject\u00e9s en janvier dernier.<\/p>\n<\/p><\/div>\n","protected":false},"excerpt":{"rendered":"Il y a deux ans, Jeffrey de Lange arrivait &agrave; l&rsquo;OM, dans le sillage de Geronimo Rulli.","protected":false},"author":1,"featured_media":39564,"comment_status":"open","ping_status":"open","sticky":false,"template":"","format":"standard","meta":{"footnotes":""},"categories":[3926,3925,7],"tags":[10,13,1153,16,14],"news-destination":[3944],"news-source":[475],"is_homepage":[],"ta_other":[],"class_list":["post-39563","post","type-post","status-publish","format-standard","has-post-thumbnail","hentry","category-accueil-merge","category-accueil-third","category-sports","tag-bouches-du-rhone","tag-football","tag-ligue-1","tag-marseille","tag-om","news-destination-homepage","news-source-website"],"_links":{"self":[{"href":"https:\/\/euapp01.newsmemory.com\/lamarseillaise\/news\/wp-json\/wp\/v2\/posts\/39563","targetHints":{"allow":["GET"]}}],"collection":[{"href":"https:\/\/euapp01.newsmemory.com\/lamarseillaise\/news\/wp-json\/wp\/v2\/posts"}],"about":[{"href":"https:\/\/euapp01.newsmemory.com\/lamarseillaise\/news\/wp-json\/wp\/v2\/types\/post"}],"author":[{"embeddable":true,"href":"https:\/\/euapp01.newsmemory.com\/lamarseillaise\/news\/wp-json\/wp\/v2\/users\/1"}],"replies":[{"embeddable":true,"href":"https:\/\/euapp01.newsmemory.com\/lamarseillaise\/news\/wp-json\/wp\/v2\/comments?post=39563"}],"version-history":[{"count":1,"href":"https:\/\/euapp01.newsmemory.com\/lamarseillaise\/news\/wp-json\/wp\/v2\/posts\/39563\/revisions"}],"predecessor-version":[{"id":39565,"href":"https:\/\/euapp01.newsmemory.com\/lamarseillaise\/news\/wp-json\/wp\/v2\/posts\/39563\/revisions\/39565"}],"wp:featuredmedia":[{"embeddable":true,"href":"https:\/\/euapp01.newsmemory.com\/lamarseillaise\/news\/wp-json\/wp\/v2\/media\/39564"}],"wp:attachment":[{"href":"https:\/\/euapp01.newsmemory.com\/lamarseillaise\/news\/wp-json\/wp\/v2\/media?parent=39563"}],"wp:term":[{"taxonomy":"category","embeddable":true,"href":"https:\/\/euapp01.newsmemory.com\/lamarseillaise\/news\/wp-json\/wp\/v2\/categories?post=39563"},{"taxonomy":"post_tag","embeddable":true,"href":"https:\/\/euapp01.newsmemory.com\/lamarseillaise\/news\/wp-json\/wp\/v2\/tags?post=39563"},{"taxonomy":"news-destination","embeddable":true,"href":"https:\/\/euapp01.newsmemory.com\/lamarseillaise\/news\/wp-json\/wp\/v2\/news-destination?post=39563"},{"taxonomy":"news-source","embeddable":true,"href":"https:\/\/euapp01.newsmemory.com\/lamarseillaise\/news\/wp-json\/wp\/v2\/news-source?post=39563"},{"taxonomy":"is_homepage","embeddable":true,"href":"https:\/\/euapp01.newsmemory.com\/lamarseillaise\/news\/wp-json\/wp\/v2\/is_homepage?post=39563"},{"taxonomy":"ta_other","embeddable":true,"href":"https:\/\/euapp01.newsmemory.com\/lamarseillaise\/news\/wp-json\/wp\/v2\/ta_other?post=39563"}],"curies":[{"name":"wp","href":"https:\/\/api.w.org\/{rel}","templated":true}]}}