{"id":39559,"date":"2026-08-18T07:01:00","date_gmt":"2026-08-18T05:01:00","guid":{"rendered":"https:\/\/euapp01.newsmemory.com\/lamarseillaise\/news\/?p=39559"},"modified":"2026-08-22T15:51:50","modified_gmt":"2026-08-22T13:51:50","slug":"la-cgt-suspend-le-mouvement-de-greve-a-haribo","status":"publish","type":"post","link":"https:\/\/euapp01.newsmemory.com\/lamarseillaise\/news\/2026\/08\/18\/la-cgt-suspend-le-mouvement-de-greve-a-haribo\/","title":{"rendered":"La CGT suspend le mouvement de gr\u00e8ve \u00e0 Haribo"},"content":{"rendered":"<div class=\"paragraph\">\n<p>\u00ab <i>C<\/i><i>e n\u2019est que partie remise<\/i><i>\u00a0<\/i><i>!<\/i><i>\u00a0<\/i>\u00bb Ce lundi, les salari\u00e9s d\u2019Haribo \u00e0 Marseille accusent le coup.<\/p>\n<p>Et pour cause\u00a0: ils ont vot\u00e9 la reprise du travail apr\u00e8s un mouvement social marathon d\u00e9but\u00e9 le 25\u00a0juin dernier et alors qu\u2019ils entraient dans leur huiti\u00e8me semaine de gr\u00e8ve. Une reprise du travail qui n\u2019\u00e9quivaut pas \u00e0 la fin d\u00e9finitive du mouvement. \u00ab<i>\u00a0<\/i><i>Pour l\u2019heure, le mouvement est stopp\u00e9, on est en stand-by. Nous avons fait un vote dont nous avons eu les r\u00e9sultats dimanche. Malheureusement, il n\u2019y avait pas assez de monde pour continuer \u00e0 suivre le mouvement et la majorit\u00e9 souhaitait arr\u00eater la gr\u00e8ve<\/i><i>\u00a0<\/i>\u00bb, expose, en toute transparence, Sofia Calabria d\u00e9l\u00e9gu\u00e9e syndicale CGT du site.<\/p>\n<p>Rappelons que FO, qui avait d\u00e9but\u00e9 le mouvement avec la CGT, a \u00e9galement suspendu son mouvement, la semaine pr\u00e9c\u00e9dente. Forc\u00e9ment, la syndicaliste n\u2019a pas le sourire\u00a0: \u00ab<i>\u00a0<\/i><i>Les gens sont assez abattus et d\u00e9\u00e7us&#8230; C\u2019est compliqu\u00e9 de reprendre dans ces conditions, il y a un go\u00fbt d\u2019inachev\u00e9.<\/i><i>\u00a0<\/i>\u00bb<\/p>\n<p>En effet, les derni\u00e8res discussions entre son organisation syndicale et la direction n\u2019ont abouti \u00e0 rien de concret. La premi\u00e8re r\u00e9clamant une hausse de salaire de 2,5% quand la seconde proposait 1,8% <a href=\"https:\/\/www.lamarseillaise.fr\/social\/entretien-sofia-calabria-cgt-l-attitude-de-la-direction-d-haribo-est-scandaleuse-DP20586544\">(lire notre article du 13\/08)<\/a>. Pour rappel, la proposition initiale dans le cadre des n\u00e9gociations annuelles obligatoires (NAO) \u00e9tait de 0,9%. Le d\u00e9clenchement de la gr\u00e8ve commune avec FO avait permis de remonter la proposition \u00e0 1,5% et la promesse de discussions au 28\u00a0septembre prochain. Autant de points sur lesquels la CGT affirme n\u2019avoir aucune assurance ni visibilit\u00e9. \u00ab\u00a0<i>On esp\u00e8re que la r\u00e9union du 28<\/i><i>\u00a0<\/i><i>septembre est bien maintenue. Pour l\u2019instant, on n\u2019a rien de plus que 0,9% d\u2019augmentation<\/i><i>\u00a0<\/i>\u00bb, explique Sofia Calabria.<\/p>\n<\/p><\/div>\n<div class=\"intext\"> Vers un retour<br \/>\n               <br \/>des discussions\u00a0?\n              <\/div>\n<div class=\"paragraph\">\n<p>Contact\u00e9e, la direction du site \u00ab\u00a0<i>ne souhaite pas commenter<\/i>\u00a0\u00bb les montants \u00e9voqu\u00e9s par les syndicats et pr\u00e9cise qu\u2019ils \u00ab\u00a0<i>font l\u2019objet de discussion en cours en interne<\/i><i>\u00a0<\/i>\u00bb. Elle explique surtout que sa \u00ab\u00a0<i>volont\u00e9 est bien de poursuivre un dialogue social<\/i><i>\u00a0<\/i>\u00bb et que \u00ab<i>\u00a0<\/i><i>la suspension de la gr\u00e8ve \u00e0 compter de ce jour rouvre l\u2019opportunit\u00e9 de re-entamer des discussions<\/i><i>\u00a0<\/i>\u00bb.<\/p>\n<p>De quoi vraiment apaiser les ex-gr\u00e9vistes\u00a0? En tout cas, ces derniers pas d\u00e9faitistes\u00a0: \u00ab<i>\u00a0<\/i><i>Il y a aussi de la fiert\u00e9<\/i><i>\u00a0<\/i><i>: plus de 7 semaines de gr\u00e8ve, on entrait dans notre huiti\u00e8me semaine, ce n\u2019est pas rien non plus. Nous avons eu un impact \u00e9norme sur la production, on reprend le travail la t\u00eate haute.<\/i>\u00a0\u00bb D\u2019autant que Sofia Calabria insiste sur le fait que l\u2019arr\u00eat du mouvement n\u2019est que temporaire. \u00ab<i>\u00a0<\/i><i>Le combat n\u2019est pas fini. Ce n\u2019est qu\u2019une suspension, il n\u2019y a pas d\u2019abandon des revendications<\/i><i>\u00a0<\/i>\u00bb, conclut la syndicaliste.<\/p>\n<\/p><\/div>\n","protected":false},"excerpt":{"rendered":"&laquo; Ce n&rsquo;est que partie remise&nbsp;!&nbsp;&raquo; Ce lundi, les salari&eacute;s d&rsquo;Haribo &agrave; Marseille accusent le coup.","protected":false},"author":1,"featured_media":39560,"comment_status":"open","ping_status":"open","sticky":false,"template":"","format":"standard","meta":{"footnotes":""},"categories":[3926,3925,331],"tags":[1703,10,113,876,2965,6268,16,852,3519,1472,3316,911,962,53],"news-destination":[3944],"news-source":[475],"is_homepage":[],"ta_other":[],"class_list":["post-39559","post","type-post","status-publish","format-standard","has-post-thumbnail","hentry","category-accueil-merge","category-accueil-third","category-social","tag-augmentation","tag-bouches-du-rhone","tag-cgt","tag-greve","tag-grevistes","tag-haribo","tag-marseille","tag-mouvement-social","tag-nao","tag-negociations","tag-reprise","tag-revendications","tag-salaries","tag-travail","news-destination-homepage","news-source-website"],"_links":{"self":[{"href":"https:\/\/euapp01.newsmemory.com\/lamarseillaise\/news\/wp-json\/wp\/v2\/posts\/39559","targetHints":{"allow":["GET"]}}],"collection":[{"href":"https:\/\/euapp01.newsmemory.com\/lamarseillaise\/news\/wp-json\/wp\/v2\/posts"}],"about":[{"href":"https:\/\/euapp01.newsmemory.com\/lamarseillaise\/news\/wp-json\/wp\/v2\/types\/post"}],"author":[{"embeddable":true,"href":"https:\/\/euapp01.newsmemory.com\/lamarseillaise\/news\/wp-json\/wp\/v2\/users\/1"}],"replies":[{"embeddable":true,"href":"https:\/\/euapp01.newsmemory.com\/lamarseillaise\/news\/wp-json\/wp\/v2\/comments?post=39559"}],"version-history":[{"count":1,"href":"https:\/\/euapp01.newsmemory.com\/lamarseillaise\/news\/wp-json\/wp\/v2\/posts\/39559\/revisions"}],"predecessor-version":[{"id":39561,"href":"https:\/\/euapp01.newsmemory.com\/lamarseillaise\/news\/wp-json\/wp\/v2\/posts\/39559\/revisions\/39561"}],"wp:featuredmedia":[{"embeddable":true,"href":"https:\/\/euapp01.newsmemory.com\/lamarseillaise\/news\/wp-json\/wp\/v2\/media\/39560"}],"wp:attachment":[{"href":"https:\/\/euapp01.newsmemory.com\/lamarseillaise\/news\/wp-json\/wp\/v2\/media?parent=39559"}],"wp:term":[{"taxonomy":"category","embeddable":true,"href":"https:\/\/euapp01.newsmemory.com\/lamarseillaise\/news\/wp-json\/wp\/v2\/categories?post=39559"},{"taxonomy":"post_tag","embeddable":true,"href":"https:\/\/euapp01.newsmemory.com\/lamarseillaise\/news\/wp-json\/wp\/v2\/tags?post=39559"},{"taxonomy":"news-destination","embeddable":true,"href":"https:\/\/euapp01.newsmemory.com\/lamarseillaise\/news\/wp-json\/wp\/v2\/news-destination?post=39559"},{"taxonomy":"news-source","embeddable":true,"href":"https:\/\/euapp01.newsmemory.com\/lamarseillaise\/news\/wp-json\/wp\/v2\/news-source?post=39559"},{"taxonomy":"is_homepage","embeddable":true,"href":"https:\/\/euapp01.newsmemory.com\/lamarseillaise\/news\/wp-json\/wp\/v2\/is_homepage?post=39559"},{"taxonomy":"ta_other","embeddable":true,"href":"https:\/\/euapp01.newsmemory.com\/lamarseillaise\/news\/wp-json\/wp\/v2\/ta_other?post=39559"}],"curies":[{"name":"wp","href":"https:\/\/api.w.org\/{rel}","templated":true}]}}