{"id":39556,"date":"2026-08-18T07:02:00","date_gmt":"2026-08-18T05:02:00","guid":{"rendered":"https:\/\/euapp01.newsmemory.com\/lamarseillaise\/news\/?p=39556"},"modified":"2026-08-22T16:04:33","modified_gmt":"2026-08-22T14:04:33","slug":"colere-citoyenne-pour-sauver-37-arbres-du-parc-bonneveine-a-marseille","status":"publish","type":"post","link":"https:\/\/euapp01.newsmemory.com\/lamarseillaise\/news\/2026\/08\/18\/colere-citoyenne-pour-sauver-37-arbres-du-parc-bonneveine-a-marseille\/","title":{"rendered":"Col\u00e8re citoyenne pour sauver 37 arbres du Parc Bonneveine \u00e0 Marseille"},"content":{"rendered":"<div class=\"paragraph\">\n<p>Plusieurs dizaines de riverains, de membres d\u2019associations dont Extinction Rebellion et des militants LFI, dont Victoire Diethelm et Imran Trocm\u00e9, conseiller d\u2019arrondissement dans le 4\/5, se sont oppos\u00e9s, lundi matin, \u00e0 l\u2019abattage de 37 nouveaux arbres du parc public de Bonneveine. La coalition citoyenne Comm\u2019un Possible Marseille s\u2019interroge sur ce march\u00e9 public de r\u00e9habilitation \u00e0 2,5\u00a0millions d\u2019euros, sans attributaire connu.<\/p>\n<p>La Ville avait annonc\u00e9 vendredi l\u2019op\u00e9ration en brandissant une expertise de mars dernier d\u2019ONF Vegetis. \u00ab\u00a0<i>Au total, 37 arbres pr\u00e9sentent un niveau de risque \u00e9lev\u00e9 de chute, susceptible de porter atteinte \u00e0 la s\u00e9curit\u00e9 des usagers et des riverains<\/i><i>\u00a0<\/i>\u00bb, \u00e9crit la Ville qui s\u2019engage \u00e0 planter \u00ab\u00a0<i>210<\/i><i>\u00a0<\/i><i>nouveaux arbres tiges, d\u2019une hauteur de 3 \u00e0 4 m\u00e8tres<\/i><i>\u00a0<\/i>\u00bb.<\/p>\n<p>L\u2019annonce a \u00e9t\u00e9 v\u00e9cue comme une trahison par le collectif de riverains apr\u00e8s d\u00e9j\u00e0 14 arbres abattus. \u00ab\u00a0<i>Lors de la r\u00e9union du 10<\/i><i>\u00a0<\/i><i>ao\u00fbt en mairie centrale, le directeur g\u00e9n\u00e9ral adjoint et l\u2019adjointe en charge des espaces verts, Mme Prigent, s\u2019\u00e9taient engag\u00e9s \u00e0 nous transmettre la totalit\u00e9 des tests de l\u2019ONF, la liste et l\u2019emplacement des arbres \u00e0 abattre et de nous laisser 15<\/i><i>\u00a0<\/i><i>jours avant de faire un point avec eux et de prendre la d\u00e9cision finale<\/i>\u00a0\u00bb, d\u00e9nonce Alain Sennetz, pr\u00e9sident du collectif.<\/p>\n<\/p><\/div>\n<div class=\"intext\"> \u00ab\u00a0On a attendu<br \/>\n               <br \/>la fin de la nidification\u00a0\u00bb\n              <\/div>\n<div class=\"paragraph\">\n<p>Soutien de leur lutte, Richard Hardouin, le pr\u00e9sident de la FNE 13, d\u00e9nonce \u00ab\u00a0<i>incomp\u00e9tence, d\u00e9faut de transparence et parjure<\/i><i>\u00a0<\/i>\u00bb de la ville. Lundi, face \u00e0 la mobilisation citoyenne, c\u2019est une polici\u00e8re municipale puis un haut fonctionnaire de la ville qui se sont coll\u00e9s \u00e0 la t\u00e2che, aucun \u00e9lu de la municipalit\u00e9 n\u2019\u00e9tant venu d\u00e9fendre la d\u00e9cision. \u00ab\u00a0<i>Il n\u2019y a pas d\u2019arr\u00eat\u00e9 municipal pour l\u2019abattage, tout simplement parce qu\u2019il y a danger imminent<\/i><i>\u00a0<\/i>\u00bb, relaye la polici\u00e8re. \u00ab\u00a0<i>On a des expertises qui d\u00e9montrent la dangerosit\u00e9 de ces arbres. On a attendu la fin de la nidification pour ne pas porter atteinte \u00e0 des esp\u00e8ces prot\u00e9g\u00e9es<\/i><i>\u00a0<\/i>\u00bb, compl\u00e8te Marc Foveau, patron de la Direction de la Ville du Quotidien.<\/p>\n<p>\u00ab\u00a0<i>On ne peut pas admettre d\u2019\u00eatre pris pour des idiots parce qu\u2019ils cherchent \u00e0 s\u2019en tirer en disant que la fragilit\u00e9 structurelle vient des conditions de plantation initiales du parc en 1976<\/i><i>\u00a0<\/i><i>! C\u2019est une man\u0153uvre<\/i><i>\u00a0<\/i>\u00bb, proteste J\u00e9r\u00f4me Nardi du collectif. Le rapport de l\u2019ONF consult\u00e9 par <i>La<\/i><i>\u00a0<\/i><i>Marseillaise<\/i> \u00e9nonce dit que le retrait d\u2019enrob\u00e9 et de pavage en septembre\u00a02025 \u00ab\u00a0<i>a induit une d\u00e9solidarisation du sol, aggravant une structure d\u00e9j\u00e0 peu coh\u00e9sive. Impact imm\u00e9diat<\/i><i>\u00a0<\/i><i>: modification brutale des conditions racinaires entra\u00eenant une instabilit\u00e9 m\u00e9canique<\/i><i>\u00a0<\/i>\u00bb.<i> <\/i>\u00c0 17h15, le prestataire lan\u00e7ait ses tron\u00e7onneuses. Tout a \u00e9t\u00e9 d\u00e9capit\u00e9 malgr\u00e9 des heurts entre des opposants et la police venue en nombre.<\/p>\n<\/p><\/div>\n","protected":false},"excerpt":{"rendered":"Plusieurs dizaines de riverains, de membres d&rsquo;associations dont Extinction Rebellion et des militants LFI, dont Victoire Diethelm et Imran Trocm&eacute;, conseiller d&rsquo;arrondissement dans le 4\/5, se sont oppos&eacute;s, lundi matin, &#8230;","protected":false},"author":1,"featured_media":39557,"comment_status":"open","ping_status":"open","sticky":false,"template":"","format":"standard","meta":{"footnotes":""},"categories":[3926,3925,20],"tags":[2605,1505,10,536,511,102,5889,1490,2606,4032,6267,487,16,1263,96,1457,594,613,2247,2515,1064,111,393,593,2396],"news-destination":[3944],"news-source":[475],"is_homepage":[],"ta_other":[],"class_list":["post-39556","post","type-post","status-publish","format-standard","has-post-thumbnail","hentry","category-accueil-merge","category-accueil-third","category-societe","tag-arbres","tag-blocage","tag-bouches-du-rhone","tag-centrale","tag-citoyens","tag-collectif","tag-decision","tag-direction","tag-espaces-verts","tag-especes-protegees","tag-extinction","tag-gouvernance","tag-marseille","tag-militants","tag-municipalite","tag-plantation","tag-rapport","tag-rassemblement","tag-renaturation","tag-revolte","tag-riverains","tag-securite","tag-soutien","tag-transparence","tag-usagers","news-destination-homepage","news-source-website"],"_links":{"self":[{"href":"https:\/\/euapp01.newsmemory.com\/lamarseillaise\/news\/wp-json\/wp\/v2\/posts\/39556","targetHints":{"allow":["GET"]}}],"collection":[{"href":"https:\/\/euapp01.newsmemory.com\/lamarseillaise\/news\/wp-json\/wp\/v2\/posts"}],"about":[{"href":"https:\/\/euapp01.newsmemory.com\/lamarseillaise\/news\/wp-json\/wp\/v2\/types\/post"}],"author":[{"embeddable":true,"href":"https:\/\/euapp01.newsmemory.com\/lamarseillaise\/news\/wp-json\/wp\/v2\/users\/1"}],"replies":[{"embeddable":true,"href":"https:\/\/euapp01.newsmemory.com\/lamarseillaise\/news\/wp-json\/wp\/v2\/comments?post=39556"}],"version-history":[{"count":1,"href":"https:\/\/euapp01.newsmemory.com\/lamarseillaise\/news\/wp-json\/wp\/v2\/posts\/39556\/revisions"}],"predecessor-version":[{"id":39558,"href":"https:\/\/euapp01.newsmemory.com\/lamarseillaise\/news\/wp-json\/wp\/v2\/posts\/39556\/revisions\/39558"}],"wp:featuredmedia":[{"embeddable":true,"href":"https:\/\/euapp01.newsmemory.com\/lamarseillaise\/news\/wp-json\/wp\/v2\/media\/39557"}],"wp:attachment":[{"href":"https:\/\/euapp01.newsmemory.com\/lamarseillaise\/news\/wp-json\/wp\/v2\/media?parent=39556"}],"wp:term":[{"taxonomy":"category","embeddable":true,"href":"https:\/\/euapp01.newsmemory.com\/lamarseillaise\/news\/wp-json\/wp\/v2\/categories?post=39556"},{"taxonomy":"post_tag","embeddable":true,"href":"https:\/\/euapp01.newsmemory.com\/lamarseillaise\/news\/wp-json\/wp\/v2\/tags?post=39556"},{"taxonomy":"news-destination","embeddable":true,"href":"https:\/\/euapp01.newsmemory.com\/lamarseillaise\/news\/wp-json\/wp\/v2\/news-destination?post=39556"},{"taxonomy":"news-source","embeddable":true,"href":"https:\/\/euapp01.newsmemory.com\/lamarseillaise\/news\/wp-json\/wp\/v2\/news-source?post=39556"},{"taxonomy":"is_homepage","embeddable":true,"href":"https:\/\/euapp01.newsmemory.com\/lamarseillaise\/news\/wp-json\/wp\/v2\/is_homepage?post=39556"},{"taxonomy":"ta_other","embeddable":true,"href":"https:\/\/euapp01.newsmemory.com\/lamarseillaise\/news\/wp-json\/wp\/v2\/ta_other?post=39556"}],"curies":[{"name":"wp","href":"https:\/\/api.w.org\/{rel}","templated":true}]}}