{"id":39553,"date":"2026-08-18T07:03:00","date_gmt":"2026-08-18T05:03:00","guid":{"rendered":"https:\/\/euapp01.newsmemory.com\/lamarseillaise\/news\/?p=39553"},"modified":"2026-08-22T16:04:33","modified_gmt":"2026-08-22T14:04:33","slug":"exclusif-le-budget-metropolitain-du-prefet-attaque-en-justice","status":"publish","type":"post","link":"https:\/\/euapp01.newsmemory.com\/lamarseillaise\/news\/2026\/08\/18\/exclusif-le-budget-metropolitain-du-prefet-attaque-en-justice\/","title":{"rendered":"[Exclusif] Le budget m\u00e9tropolitain du pr\u00e9fet attaqu\u00e9 en justice"},"content":{"rendered":"<div class=\"paragraph\">\n<p>Candidat aux s\u00e9natoriales, le maire (PS) du Puy-Sainte-R\u00e9parade Jean-David Ciot avait menac\u00e9 au d\u00e9but de l\u2019\u00e9t\u00e9 de d\u00e9poser un recours pour contester le budget m\u00e9tropolitain arr\u00eat\u00e9 par le pr\u00e9fet de r\u00e9gion apr\u00e8s le refus des \u00e9lus de le voter. C\u2019est d\u00e9sormais chose faite. Alors que le d\u00e9lai de deux mois apr\u00e8s publication de l\u2019arr\u00eat\u00e9 pr\u00e9fectoral du 16\u00a0juin \u00ab\u00a0portant r\u00e8glement d\u2019office du budget primitif 2026 de la M\u00e9tropole Aix-Marseille-Provence\u00a0\u00bb s\u2019achevait ce dimanche, le tribunal administratif confirme aupr\u00e8s de <i>La<\/i><i>\u00a0<\/i><i>Marseillaise<\/i> n\u2019avoir enregistr\u00e9 qu\u2019un seul dossier le contestant, d\u00e9pos\u00e9 par la commune du Puy-Sainte-R\u00e9parade. Sans qu\u2019il n\u2019y ait pour l\u2019instant de date d\u2019audience programm\u00e9e.<\/p>\n<p>\u00ab\u00a0<i>J\u2019avais indiqu\u00e9 d\u00e8s le d\u00e9but que j\u2019allais demander \u00e0 des juristes de regarder ce budget, le pr\u00e9fet outrepasse les droits qui lui sont ouverts dans le cadre de la proc\u00e9dure d\u2019urgence<\/i><i>\u00a0<\/i>\u00bb, explique Jean-David Ciot. En se d\u00e9fendant d\u2019utiliser cette proc\u00e9dure dans sa campagne pour le palais du Luxembourg\u00a0: \u00ab\u00a0<i>C\u2019est plut\u00f4t l\u2019inverse, ces d\u00e9cisions prises d\u2019en haut par le pr\u00e9fet ont facilit\u00e9 l\u2019id\u00e9e d\u2019\u00eatre au S\u00e9nat pour repr\u00e9senter les maires.<\/i><i>\u00a0<\/i>\u00bb<\/p>\n<\/p><\/div>\n<div class=\"intext\"> D\u00e9cision modificative compliqu\u00e9e en vue\n              <\/div>\n<div class=\"paragraph\">\n<p>Le repr\u00e9sentant de l\u2019\u00c9tat avait d\u00e9cid\u00e9 de s\u2019\u00e9carter des pr\u00e9conisations formul\u00e9es par la chambre r\u00e9gionale des comptes le 11\u00a0juin dernier, en tranchant en faveur de 53\u00a0millions d\u2019euros de coupes dans les attributions de compensations vers\u00e9es aux municipalit\u00e9s sur la base de l\u2019ancienne taxe professionnelle, dont il consid\u00e8re une partie comme indues, plut\u00f4t que dans la dotation de solidarit\u00e9 communautaire vers\u00e9e pour corriger les in\u00e9galit\u00e9s entre communes. \u00ab\u00a0<i>Il n\u2019avait pas le droit de modifier le volume des attributions de compensation, qui rel\u00e8ve de la comp\u00e9tence des communes<\/i><i>\u00a0<\/i>\u00bb, attaque l\u2019\u00e9dile du Puy-Sainte-R\u00e9parade. Il pointe aussi le manque de justifications de la pr\u00e9fecture pour d\u00e9roger aux pr\u00e9conisations des magistrats financiers. \u00ab\u00a0<i>Il profite de cette opportunit\u00e9 pour s\u2019attaquer au probl\u00e8me des relations financi\u00e8res entre la M\u00e9tropole et les communes<\/i> <i>que la pr\u00e9fecture n\u2019a jamais attaqu\u00e9es<\/i><i>\u00a0<\/i>\u00bb, d\u00e9plore l\u2019ancien d\u00e9put\u00e9 pour lequel l\u2019\u00c9tat \u00ab\u00a0<i>n\u2019a pas \u00e9t\u00e9 courageux<\/i><i>\u00a0<\/i>\u00bb en faisant payer les communes plut\u00f4t qu\u2019en augmentant les imp\u00f4ts.<\/p>\n<p>Il est pourtant pr\u00eat \u00e0 retirer son recours, \u00ab\u00a0<i>\u00e0 condition que l\u2019on trouve un consensus le 10<\/i><i>\u00a0<\/i><i>septembre avec un accord \u00e9quilibr\u00e9 pour tout le monde<\/i><i>\u00a0<\/i>\u00bb. Ce jour-l\u00e0, le conseil m\u00e9tropolitain doit voter une d\u00e9cision modificative pour reprendre le budget arr\u00eat\u00e9 par l\u2019\u00c9tat. Un chantier de taille men\u00e9 de front avec la pr\u00e9paration d\u2019un budget 2027 dont le d\u00e9ficit s\u2019annonce encore plus dur \u00e0 combler, tandis qu\u2019aucun accord n\u2019a pu \u00eatre trouv\u00e9 avant les vacances sur la composition d\u2019une Clect, la commission charg\u00e9e d\u2019\u00e9valuer les transferts financiers entre la M\u00e9tropole et les communes. De quoi annoncer une rentr\u00e9e compliqu\u00e9e.<\/p>\n<\/p><\/div>\n","protected":false},"excerpt":{"rendered":"Candidat aux s&eacute;natoriales, le maire (PS) du Puy-Sainte-R&eacute;parade Jean-David Ciot avait menac&eacute; au d&eacute;but de l&rsquo;&eacute;t&eacute; de d&eacute;poser un recours pour contester le budget m&eacute;tropolitain &#8230;","protected":false},"author":1,"featured_media":39554,"comment_status":"open","ping_status":"open","sticky":false,"template":"","format":"standard","meta":{"footnotes":""},"categories":[3926,3925,330],"tags":[10,430,591,822,6266,16,671,1131,4858,790],"news-destination":[3944],"news-source":[475],"is_homepage":[],"ta_other":[],"class_list":["post-39553","post","type-post","status-publish","format-standard","has-post-thumbnail","hentry","category-accueil-merge","category-accueil-third","category-politique","tag-bouches-du-rhone","tag-budget","tag-chambre-regionale-des-comptes","tag-coupes-budgetaires","tag-le-puy-sainte-reparade","tag-marseille","tag-metropole-aix-marseille","tag-prefecture","tag-reforme-de-la-metropole","tag-tribunal-administratif","news-destination-homepage","news-source-website"],"_links":{"self":[{"href":"https:\/\/euapp01.newsmemory.com\/lamarseillaise\/news\/wp-json\/wp\/v2\/posts\/39553","targetHints":{"allow":["GET"]}}],"collection":[{"href":"https:\/\/euapp01.newsmemory.com\/lamarseillaise\/news\/wp-json\/wp\/v2\/posts"}],"about":[{"href":"https:\/\/euapp01.newsmemory.com\/lamarseillaise\/news\/wp-json\/wp\/v2\/types\/post"}],"author":[{"embeddable":true,"href":"https:\/\/euapp01.newsmemory.com\/lamarseillaise\/news\/wp-json\/wp\/v2\/users\/1"}],"replies":[{"embeddable":true,"href":"https:\/\/euapp01.newsmemory.com\/lamarseillaise\/news\/wp-json\/wp\/v2\/comments?post=39553"}],"version-history":[{"count":1,"href":"https:\/\/euapp01.newsmemory.com\/lamarseillaise\/news\/wp-json\/wp\/v2\/posts\/39553\/revisions"}],"predecessor-version":[{"id":39555,"href":"https:\/\/euapp01.newsmemory.com\/lamarseillaise\/news\/wp-json\/wp\/v2\/posts\/39553\/revisions\/39555"}],"wp:featuredmedia":[{"embeddable":true,"href":"https:\/\/euapp01.newsmemory.com\/lamarseillaise\/news\/wp-json\/wp\/v2\/media\/39554"}],"wp:attachment":[{"href":"https:\/\/euapp01.newsmemory.com\/lamarseillaise\/news\/wp-json\/wp\/v2\/media?parent=39553"}],"wp:term":[{"taxonomy":"category","embeddable":true,"href":"https:\/\/euapp01.newsmemory.com\/lamarseillaise\/news\/wp-json\/wp\/v2\/categories?post=39553"},{"taxonomy":"post_tag","embeddable":true,"href":"https:\/\/euapp01.newsmemory.com\/lamarseillaise\/news\/wp-json\/wp\/v2\/tags?post=39553"},{"taxonomy":"news-destination","embeddable":true,"href":"https:\/\/euapp01.newsmemory.com\/lamarseillaise\/news\/wp-json\/wp\/v2\/news-destination?post=39553"},{"taxonomy":"news-source","embeddable":true,"href":"https:\/\/euapp01.newsmemory.com\/lamarseillaise\/news\/wp-json\/wp\/v2\/news-source?post=39553"},{"taxonomy":"is_homepage","embeddable":true,"href":"https:\/\/euapp01.newsmemory.com\/lamarseillaise\/news\/wp-json\/wp\/v2\/is_homepage?post=39553"},{"taxonomy":"ta_other","embeddable":true,"href":"https:\/\/euapp01.newsmemory.com\/lamarseillaise\/news\/wp-json\/wp\/v2\/ta_other?post=39553"}],"curies":[{"name":"wp","href":"https:\/\/api.w.org\/{rel}","templated":true}]}}