{"id":39550,"date":"2026-08-18T06:57:00","date_gmt":"2026-08-18T04:57:00","guid":{"rendered":"https:\/\/euapp01.newsmemory.com\/lamarseillaise\/news\/?p=39550"},"modified":"2026-08-22T09:06:50","modified_gmt":"2026-08-22T07:06:50","slug":"rejet-et-precarite-le-quotidien-des-roms","status":"publish","type":"post","link":"https:\/\/euapp01.newsmemory.com\/lamarseillaise\/news\/2026\/08\/18\/rejet-et-precarite-le-quotidien-des-roms\/","title":{"rendered":"Rejet et pr\u00e9carit\u00e9, le quotidien des Roms"},"content":{"rendered":"<div class=\"paragraph\">\n<p>\u00ab <i>N<\/i><i>ous n\u2019avons pas re\u00e7u d\u2019avis d\u2019expulsion<\/i>\u00a0\u00bb, assure Bianca, porte-parole des familles sur ce site du 3<sup>e<\/sup>\u00a0arrondissement. Les signataires de la tribune \u00e9voquent la date fatidique du 24\u00a0ao\u00fbt, choqu\u00e9s par une telle op\u00e9ration programm\u00e9e \u00e0 quelques jours de la rentr\u00e9e scolaire.<\/p>\n<p>\u00ab\u00a0<i>Nous voulons qu\u2019on nous donne la possibilit\u00e9 de rester pour que les enfants continuent \u00e0 aller \u00e0 l\u2019\u00e9cole, pour qu\u2019ils aient un autre travail que fouiller dans les poubelles, revendre des affaires aux puces ou la ferraille \u00e0 Bougainville<\/i>\u00a0\u00bb, plaide cette m\u00e8re de quatre enfants. Tous les enfants sont scolaris\u00e9s dans les \u00e9coles, coll\u00e8ges et lyc\u00e9es du quartier. \u00ab\u00a0<i>Je suis la seule de la fratrie qui ne soit pas n\u00e9e ici<\/i>\u00a0\u00bb, compl\u00e8te Armecna, sa fille. Un b\u00e9b\u00e9 de trois mois dans les bras, B\u00e9atrice pr\u00e9cise\u00a0: \u00ab\u00a0<i>Il y a au moins trois enfants de moins de deux ans et quatre femmes enceintes ici.<\/i><i>\u00a0<\/i>\u00bb C\u2019est sans compter \u00ab\u00a0<i>un handicap\u00e9 et de nombreux malades, diab\u00e8te, hypertension&#8230;<\/i><i>\u00a0<\/i>\u00bb, ajoute Bianca.<\/p>\n<p>Originaire de la r\u00e9gion de Bucarest, en France depuis 20\u00a0ans, dont 16 \u00e0 Marseille, elle a v\u00e9cu plusieurs expulsions. \u00ab\u00a0<i>C\u2019est toujours la m\u00eame chose, on doit retrouver un lieu, s\u2019organiser pour vivre. C\u2019est de plus en plus difficile avec de moins en moins d\u2019argent. Un gros camion, il faut trois jours pour le remplir, \u00e7a repr\u00e9sente \u00e0 peine cent euros. moins le prix du gasoil<\/i><i>\u00a0<\/i>\u00bb, d\u00e9plore la jeune femme. Dans l\u2019enceinte de la caserne investie par des voitures et deux camions, des enfants jouent au ballon tandis qu\u2019un homme s\u2019attelle \u00e0 la r\u00e9paration d\u2019un moteur. Des douches et des sanitaires avec un espace pr\u00e9vu pour les machines \u00e0 laver ont \u00e9t\u00e9 am\u00e9nag\u00e9s. L\u2019association Solidarit\u00e9s International a aid\u00e9 \u00e0 une meilleure gestion de l\u2019eau. Un effort de traitement des d\u00e9chets a aussi \u00e9t\u00e9 entrepris car c\u2019est suite \u00e0 des plaintes du voisinage, incommod\u00e9 par les fum\u00e9es, que la demande d\u2019expulsion a \u00e9t\u00e9 faite sur ce b\u00e2timent, propri\u00e9t\u00e9 de la Ville.<\/p>\n<p>Du c\u00f4t\u00e9 de la mairie centrale, on explique\u00a0: \u00ab\u00a0<i>La pr\u00e9fecture a en effet la main sur le dossier, mais la Ville travaille depuis des mois avec l\u2019\u00c9tat pour trouver une solution de relogement. L\u2019objectif est d\u2019\u00e9viter les remises \u00e0 la rue.<\/i><i>\u00a0<\/i>\u00bb<i> <\/i>Particuli\u00e8rement sensible \u00e0 la situation, Emilia Sinsoilliez, enseignante et premi\u00e8re adjointe au maire du secteur, explique\u00a0: \u00ab\u00a0<i>Nous avons men\u00e9 un accompagnement social avec ces familles et les associations partenaires de la Ville, Rencontres Tsiganes, l\u2019Addap 13&#8230; et le deal avec la pr\u00e9fecture, c\u2019\u00e9tait que les sept familles \u00e0 la Busserade aient chacune un logement avant la rentr\u00e9e. C\u2019est pour cela que \u00e7a a pris du temps.<\/i>\u00a0\u00bb Des situations souvent complexes \u00e0 g\u00e9rer et plus ou moins soutenues par l\u2019\u00c9tat. \u00ab\u00a0<i>On y travaille, petit \u00e0 petit de nombreuses familles roms ont des toits sur la t\u00eate \u00e0 Marseille. Leurs enfants sont des petits Marseillais \u00e0 part enti\u00e8re.<\/i>\u00a0\u00bb<\/p>\n<p>Interrog\u00e9e, la pr\u00e9fecture n\u2019a pas donn\u00e9 suite. D\u2019autres proc\u00e9dures d\u2019expulsions sont pendantes.<\/p>\n<\/p><\/div>\n<div class=\"intext\"> D\u00e9j\u00e0 25\u00a0ans de gal\u00e8re\n              <\/div>\n<div class=\"paragraph\">\n<p><a href=\"https:\/\/www.lamarseillaise.fr\/societe\/pres-de-300-personnes-toujours-menacees-d-expulsion-a-la-valentine-MO20595458\">\u00c0 La Valentine dans le 11<sup>e<\/sup><\/a><a href=\"https:\/\/www.lamarseillaise.fr\/societe\/pres-de-300-personnes-toujours-menacees-d-expulsion-a-la-valentine-MO20595458\"> arrondissement<\/a> ou aux Aygalades, dans le 15<sup>e<\/sup> arrondissement, sur l\u2019ancien site de la cit\u00e9 des Cr\u00e9neaux. \u00ab\u00a0<i>Il y a un retour en arri\u00e8re du c\u00f4t\u00e9 de l\u2019\u00c9tat<\/i>\u00a0\u00bb, craint un associatif. Les budgets se resserrent et le travail partenarial engag\u00e9 par la Ville avec les associations historiques de terrain perd en forces. Il est notable que l\u2019Ampil (association m\u00e9diterran\u00e9enne pour l\u2019insertion par le logement) qui s\u2019est vue sucrer celui d\u00e9di\u00e9 \u00e0 la r\u00e9sorption des squats et bidonvilles se retrouve mise sur la touche, priv\u00e9e de moyen d\u2019actions.<\/p>\n<p>Depuis des d\u00e9cennies la politique de la solidarit\u00e9 en dent de scie de l\u2019\u00c9tat, associ\u00e9e \u00e0 un \u00ab\u00a0odieux amalgame\u00a0\u00bb, roms, gitans s\u00e9dentaires et gens du voyage, \u00ab\u00a0assimil\u00e9s \u00e0 des d\u00e9linquants\u00a0\u00bb ne favorise ni l\u2019apaisement de tensions de voisinage, ni les situations des familles, notait d\u00e9j\u00e0 Alain Fourest, l\u2019ancien pr\u00e9sident de Rencontres Tsiganes dans un rapport publi\u00e9 sur Cairninfo\u00a0: \u00ab\u00a01997-2012\u00a0: quinze ann\u00e9es de gal\u00e8re et de chasse aux Roms.\u00a0\u00bb En 2012, la pr\u00e9fecture proposait d\u2019accueillir les familles roms, balay\u00e9es d\u2019une friche \u00e0 l\u2019autre au gr\u00e9 des expulsions, dans l\u2019ancienne Bastide militaire La Guillermy. Une exp\u00e9rience avort\u00e9e face au tol\u00e9 des riverains. En charge de la solidarit\u00e9 pour la nouvelle municipalit\u00e9 marseillaise en 2020, Audrey Garino (PCF) \u00e9labore avec Laurent Carri\u00e9, pr\u00e9fet d\u00e9l\u00e9gu\u00e9 pour l\u2019\u00e9galit\u00e9 des chances, le projet d\u2019un village insertion sur la friche d\u2019une aire d\u2019autoroute \u00e0 Saint-Henri. La pr\u00e9fecture l\u2019abandonne en 2024.<\/p>\n<p>Pour autant, ces solutions existent. Pr\u00e8s de Lyon, le Village d\u2019insertion de Saint-Genis-les-Olli\u00e8res s\u2019est r\u00e9v\u00e9l\u00e9 une exp\u00e9rience positive. Cr\u00e9\u00e9 en 2015, il a accueilli 16 familles qui avaient \u00e9t\u00e9 \u00e9vacu\u00e9es de bidonvilles, sous la r\u00e9probation des habitants. Trois ans plus tard, \u00ab\u00a080% des familles ont trouv\u00e9 emploi et logement, et leurs enfants sont tous scolaris\u00e9s\u00a0\u00bb, publiait France Soir en 2018.<\/p>\n<\/p><\/div>\n<div class=\"paragraph\">\n<p>La tribune \u00ab <a href=\"https:\/\/www.lamarseillaise.fr\/societe\/tribune-expulsions-des-familles-roms-tsiganes-et-des-gens-du-voyage-mettre-fin-a-une-politique-de-relegation-AO20595216\">Expulsions des familles roms, tsiganes et des gens du voyage : mettre fin \u00e0 une politique de rel\u00e9gation <\/a>\u00bb<\/p>\n<\/p><\/div>\n","protected":false},"excerpt":{"rendered":"&laquo; Nous n&rsquo;avons pas re&ccedil;u d&rsquo;avis d&rsquo;expulsion&nbsp;&raquo;, assure Bianca, porte-parole des familles sur ce site du 3e&nbsp;arrondissement. Les signataires de la tribune &eacute;voquent la date fatidique du &#8230;","protected":false},"author":1,"featured_media":39551,"comment_status":"open","ping_status":"open","sticky":false,"template":"","format":"standard","meta":{"footnotes":""},"categories":[3926,3925,20],"tags":[964,855,1124,10,5820,822,1405,754,16,4434,271,1131,1406,2692,260,621],"news-destination":[3944],"news-source":[475],"is_homepage":[],"ta_other":[],"class_list":["post-39550","post","type-post","status-publish","format-standard","has-post-thumbnail","hentry","category-accueil-merge","category-accueil-third","category-societe","tag-accompagnement","tag-audrey-garino","tag-belle-de-mai","tag-bouches-du-rhone","tag-conference-de-presse","tag-coupes-budgetaires","tag-expulsion","tag-familles","tag-marseille","tag-marseille-3e-arrondissement","tag-precarite","tag-prefecture","tag-relogement","tag-roms","tag-solidarite","tag-tribune","news-destination-homepage","news-source-website"],"_links":{"self":[{"href":"https:\/\/euapp01.newsmemory.com\/lamarseillaise\/news\/wp-json\/wp\/v2\/posts\/39550","targetHints":{"allow":["GET"]}}],"collection":[{"href":"https:\/\/euapp01.newsmemory.com\/lamarseillaise\/news\/wp-json\/wp\/v2\/posts"}],"about":[{"href":"https:\/\/euapp01.newsmemory.com\/lamarseillaise\/news\/wp-json\/wp\/v2\/types\/post"}],"author":[{"embeddable":true,"href":"https:\/\/euapp01.newsmemory.com\/lamarseillaise\/news\/wp-json\/wp\/v2\/users\/1"}],"replies":[{"embeddable":true,"href":"https:\/\/euapp01.newsmemory.com\/lamarseillaise\/news\/wp-json\/wp\/v2\/comments?post=39550"}],"version-history":[{"count":1,"href":"https:\/\/euapp01.newsmemory.com\/lamarseillaise\/news\/wp-json\/wp\/v2\/posts\/39550\/revisions"}],"predecessor-version":[{"id":39552,"href":"https:\/\/euapp01.newsmemory.com\/lamarseillaise\/news\/wp-json\/wp\/v2\/posts\/39550\/revisions\/39552"}],"wp:featuredmedia":[{"embeddable":true,"href":"https:\/\/euapp01.newsmemory.com\/lamarseillaise\/news\/wp-json\/wp\/v2\/media\/39551"}],"wp:attachment":[{"href":"https:\/\/euapp01.newsmemory.com\/lamarseillaise\/news\/wp-json\/wp\/v2\/media?parent=39550"}],"wp:term":[{"taxonomy":"category","embeddable":true,"href":"https:\/\/euapp01.newsmemory.com\/lamarseillaise\/news\/wp-json\/wp\/v2\/categories?post=39550"},{"taxonomy":"post_tag","embeddable":true,"href":"https:\/\/euapp01.newsmemory.com\/lamarseillaise\/news\/wp-json\/wp\/v2\/tags?post=39550"},{"taxonomy":"news-destination","embeddable":true,"href":"https:\/\/euapp01.newsmemory.com\/lamarseillaise\/news\/wp-json\/wp\/v2\/news-destination?post=39550"},{"taxonomy":"news-source","embeddable":true,"href":"https:\/\/euapp01.newsmemory.com\/lamarseillaise\/news\/wp-json\/wp\/v2\/news-source?post=39550"},{"taxonomy":"is_homepage","embeddable":true,"href":"https:\/\/euapp01.newsmemory.com\/lamarseillaise\/news\/wp-json\/wp\/v2\/is_homepage?post=39550"},{"taxonomy":"ta_other","embeddable":true,"href":"https:\/\/euapp01.newsmemory.com\/lamarseillaise\/news\/wp-json\/wp\/v2\/ta_other?post=39550"}],"curies":[{"name":"wp","href":"https:\/\/api.w.org\/{rel}","templated":true}]}}