{"id":39547,"date":"2026-08-18T15:31:00","date_gmt":"2026-08-18T13:31:00","guid":{"rendered":"https:\/\/euapp01.newsmemory.com\/lamarseillaise\/news\/?p=39547"},"modified":"2026-08-19T18:13:09","modified_gmt":"2026-08-19T16:13:09","slug":"tribune-expulsions-des-familles-roms-tsiganes-et-des-gens-du-voyage-mettre-fin-a-une-politique-de-relegation","status":"publish","type":"post","link":"https:\/\/euapp01.newsmemory.com\/lamarseillaise\/news\/2026\/08\/18\/tribune-expulsions-des-familles-roms-tsiganes-et-des-gens-du-voyage-mettre-fin-a-une-politique-de-relegation\/","title":{"rendered":"[Tribune] Expulsions des familles roms, tsiganes et des gens du voyage : mettre fin \u00e0 une politique de rel\u00e9gation"},"content":{"rendered":"<div class=\"paragraph\">\n<p>\u00c0 Marseille comme partout en France, les expulsions en s\u00e9rie qui frappent les familles roms, tsiganes, les gens du voyage, les personnes exil\u00e9es et les sans-abri participent d\u2019une v\u00e9ritable politique de rel\u00e9gation, o\u00f9 la r\u00e9pression se r\u00e9v\u00e8le depuis trop longtemps comme seule modalit\u00e9 d\u2019action, pi\u00e9tinant les droits fondamentaux.<\/p>\n<p>Le racisme syst\u00e9mique, qui motive ces politiques, est un outil de domination et de division dans l\u2019ordre capitaliste. En d\u00e9signant les populations les plus pr\u00e9caires comme responsables des difficult\u00e9s sociales, elles d\u00e9tournent le d\u00e9bat des seules causes de la crise du logement : la sp\u00e9culation fonci\u00e8re, la financiarisation de l\u2019immobilier, la p\u00e9nurie de logements accessibles et le d\u00e9sengagement de l\u2019\u00c9tat. Elles opposent les classes populaires entre elles au lieu de s\u2019attaquer aux in\u00e9galit\u00e9s qui les frappent.<\/p>\n<p>\u00c0 Marseille, plusieurs lieux de vie roms sont aujourd\u2019hui menac\u00e9s d\u2019expulsion. Le cas le plus embl\u00e9matique est celui du 156 route de la Valentine, terrain appartenant \u00e0 M.Frey, dirigeant de Retail Prodev, class\u00e9 parmi les 500 plus grandes fortunes de France, o\u00f9 vivent pr\u00e8s de350 personnes, dont de nombreux enfants. Des millions d\u2019euros d\u2019argent public pourraient \u00eatre consacr\u00e9s \u00e0 une op\u00e9ration polici\u00e8re d\u2019expulsion, qui ne ferait que d\u00e9placer la mis\u00e8re, une fois de plus, sans apporter aucune solution durable. L\u2019\u00c9tat se r\u00e9v\u00e8le comme gestionnaire de la valeur immobili\u00e8re et fonci\u00e8re et non comme garant du droit fondamental au logement.<\/p>\n<p>Depuis plusieurs ann\u00e9es, les expulsions de lieux de vie roms se succ\u00e8dent, programm\u00e9es, \u00e0 intervalles r\u00e9guliers. Saint-Just (2020, expulsion du squat d\u2019un b\u00e2timent de l\u2019\u00e9v\u00each\u00e9),Maison Blanche (2021, \u00e9vacuation brutale et enfants d\u00e9scolaris\u00e9s), La Parette (2022,destruction du lieu de vie sans relogement), Le Mail (expulsion d\u2019un b\u00e2timent s\u00e9curis\u00e9 parles habitant\u00b7es), La Madrague \/ La Cabucelle ((2023-2024, op\u00e9rations polici\u00e8res r\u00e9p\u00e9t\u00e9es)ou encore Saint-Marcel (2024-2025) et Air Bel d\u00e9molition de 400 logements(2026). \u00c0 chaque fois, les cons\u00e9quences sont les m\u00eames : enfants d\u00e9scolaris\u00e9s, emplois perdus, ruptures des suivis sociaux, destruction des parcours d\u2019insertion et aggravation de la pr\u00e9carit\u00e9. L\u2019\u00c9tat expulse l\u2019\u00e9t\u00e9, quand les familles ne peuvent pas se d\u00e9fendre. En Haute-Savoie, cinq familles avec de jeunes enfants ont re\u00e7u fin juillet un arr\u00eat\u00e9 pr\u00e9fectoral d\u2019expulsion.<\/p>\n<p>L\u2019\u00e9t\u00e9, les tribunaux fonctionnent au ralenti, les avocats sont moins disponibles, les associations disposent de moins de moyens et les mobilisations sont plus difficiles. Expulser lorsque les familles sont les plus vuln\u00e9rables limite les possibilit\u00e9s de recours et de d\u00e9fense. L\u2019Etat doit faire des propositions de relogement avant toute expulsion .\u00c0 Marseille, les familles n\u2019ont pu r\u00e9sister pour l\u2019instant que gr\u00e2ce \u00e0 la solidarit\u00e9 des associations, des collectifs, des syndicats, des habitantes et habitant\u00b7es mobilis\u00e9s \u00e0 leurs c\u00f4t\u00e9s. Les injonctions du pr\u00e9fet dans l\u2019h\u00e9bergement d\u2019urgence marquent une nouvelle \u00e9tape dans la r\u00e9pression des plus vuln\u00e9rables. En ordonnant au SIAO 13 de sortir des familles de l\u2019h\u00f4tel sans solution de relogement, l\u2019\u00c9tat viole le droit \u00e0 la continuit\u00e9 de la prise en charge et teste sa capacit\u00e9 \u00e0 imposer des remises \u00e0 la rue en pleine p\u00e9nurie de places. Le refus unanime des associations rappelle que ces pratiques ne rel\u00e8vent pas d\u2019erreurs administratives mais d\u2019une strat\u00e9gie de gestion r\u00e9pressive de la pauvret\u00e9, qui fragilise les familles, alimente les r\u00e9seaux d\u2019exploitation et participe \u00e0 la m\u00eame logique de division et de contr\u00f4le que les expulsions de lieux de vie.<\/p>\n<p>Face \u00e0 cette politique du chaos et de rel\u00e9gation, les familles roms montrent qu\u2019une autre politique est possible. Dans le 15\u1d49 arrondissement de Marseille, des familles roms ont cr\u00e9\u00e9 la premi\u00e8re association rom de la ville et d\u00e9velopp\u00e9 un projet d\u2019agriculture urbaine pour entretenir et valoriser leur lieu de vie. Elles d\u00e9montrent leur capacit\u00e9 \u00e0 s\u2019organiser collectivement, \u00e0 produire et \u00e0 contribuer \u00e0 la vie du quartier. Au lieu d\u2019accompagner cette dynamique, une proc\u00e9dure d\u2019expulsion a \u00e9t\u00e9 engag\u00e9e. Cette contradiction montre combien l\u2019autonomie des classes populaires, en particulier lorsqu\u2019elle \u00e9mane de populations racis\u00e9es, vient bousculer les logiques d\u2019exclusion. Les gens du voyage subissent la m\u00eame stigmatisation.<\/p>\n<p>Dans le 6\u1d49 secteur de Marseille, le maire Rassemblement national a fait de la d\u00e9nonciation des occupations dites \u00ab ill\u00e9gales \u00bbun axe central de son action politique et a r\u00e9cemment pris pour cible des familles venues participer \u00e0 un rassemblement traditionnel. La M\u00e9tropole Aix-Marseille-Provence n\u2019avait pourtant toujours pas r\u00e9alis\u00e9 les aires d\u2019accueil et l\u2019aire de grand passage pr\u00e9vues par la loi, malgr\u00e9 les condamnations prononc\u00e9es par la justice administrative. On ne peut pas refuser de respecter ses obligations l\u00e9gales puis faire porter aux familles la responsabilit\u00e9 de cette carence.<\/p>\n<p>Nous appelons les organisations antiracistes, les collectifs de d\u00e9fense du droit au logement, les syndicats, les associations, les habitant\u00b7es des quartiers populaires, ainsi que toutes les personnes attach\u00e9es aux droits humains, \u00e0 unir leurs forces pour d\u00e9fendre le droit au logement, la dignit\u00e9 et toutes les familles victimes de ces politiques de rel\u00e9gation.<\/p>\n<p>Aux strat\u00e9gies de division, opposons une mobilisation unitaire des classes populaires. Un toit est un droit. La dignit\u00e9 n\u2019est pas n\u00e9gociable. Le racisme syst\u00e9mique est un outil de domination et de division dans l\u2019ordre capitaliste. Nous le combattons.<\/p>\n<p><b>Signataires.<\/b> <i>l\u2019inter orga : association ZOR (association de roms.) DAL France, ANC13, POI, VAI, Forces Vives, La France Insoumise 13, Faisons Front Commun, NPA a , Attac Marseille, soutien 59 Saint Just, Collectif 113, un Centre Ville Pour Tous, Comit\u00e9 antifasciste du 4\u00e8, Syndicat des associations de proximit\u00e9, La Penne Insoumise, Insoumis de la Vall\u00e9e de l\u2019Huveaune, Insoumis.es de Saint Marcel, Arte Chavalo, Riposte Anti Fasciste, Collectif du 5 Novembre, Collectif contre les Violences d\u2019\u00e9tat, Extinction R\u00e9bellion, Anti Cra Marseille, Collectif Al Manba, Afroqueer Revolution-R, ASCM, Sai13, UCL Marseille, Syndicat du Logement.<\/i><\/p>\n<\/p><\/div>\n","protected":false},"excerpt":{"rendered":"&Agrave; Marseille comme partout en France, les expulsions en s&eacute;rie qui frappent les familles roms, tsiganes, les gens du voyage, les personnes exil&eacute;es et les sans-abri participent d&rsquo;une v&eacute;ritable politique de &#8230;","protected":false},"author":1,"featured_media":39548,"comment_status":"open","ping_status":"open","sticky":false,"template":"","format":"standard","meta":{"footnotes":""},"categories":[20],"tags":[1928,138,10,2723,3220,1656,548,1926,596,16,857,2692,621,272,2787],"news-destination":[],"news-source":[475],"is_homepage":[],"ta_other":[],"class_list":["post-39547","post","type-post","status-publish","format-standard","has-post-thumbnail","hentry","category-societe","tag-antifascisme","tag-associations","tag-bouches-du-rhone","tag-collectif-du-5-novembre","tag-droit-au-logement","tag-droits-humains","tag-france-insoumise","tag-ldh","tag-logement","tag-marseille","tag-racisme","tag-roms","tag-tribune","tag-violences","tag-violences-faites-aux-femmes","news-source-website"],"_links":{"self":[{"href":"https:\/\/euapp01.newsmemory.com\/lamarseillaise\/news\/wp-json\/wp\/v2\/posts\/39547","targetHints":{"allow":["GET"]}}],"collection":[{"href":"https:\/\/euapp01.newsmemory.com\/lamarseillaise\/news\/wp-json\/wp\/v2\/posts"}],"about":[{"href":"https:\/\/euapp01.newsmemory.com\/lamarseillaise\/news\/wp-json\/wp\/v2\/types\/post"}],"author":[{"embeddable":true,"href":"https:\/\/euapp01.newsmemory.com\/lamarseillaise\/news\/wp-json\/wp\/v2\/users\/1"}],"replies":[{"embeddable":true,"href":"https:\/\/euapp01.newsmemory.com\/lamarseillaise\/news\/wp-json\/wp\/v2\/comments?post=39547"}],"version-history":[{"count":2,"href":"https:\/\/euapp01.newsmemory.com\/lamarseillaise\/news\/wp-json\/wp\/v2\/posts\/39547\/revisions"}],"predecessor-version":[{"id":39737,"href":"https:\/\/euapp01.newsmemory.com\/lamarseillaise\/news\/wp-json\/wp\/v2\/posts\/39547\/revisions\/39737"}],"wp:featuredmedia":[{"embeddable":true,"href":"https:\/\/euapp01.newsmemory.com\/lamarseillaise\/news\/wp-json\/wp\/v2\/media\/39548"}],"wp:attachment":[{"href":"https:\/\/euapp01.newsmemory.com\/lamarseillaise\/news\/wp-json\/wp\/v2\/media?parent=39547"}],"wp:term":[{"taxonomy":"category","embeddable":true,"href":"https:\/\/euapp01.newsmemory.com\/lamarseillaise\/news\/wp-json\/wp\/v2\/categories?post=39547"},{"taxonomy":"post_tag","embeddable":true,"href":"https:\/\/euapp01.newsmemory.com\/lamarseillaise\/news\/wp-json\/wp\/v2\/tags?post=39547"},{"taxonomy":"news-destination","embeddable":true,"href":"https:\/\/euapp01.newsmemory.com\/lamarseillaise\/news\/wp-json\/wp\/v2\/news-destination?post=39547"},{"taxonomy":"news-source","embeddable":true,"href":"https:\/\/euapp01.newsmemory.com\/lamarseillaise\/news\/wp-json\/wp\/v2\/news-source?post=39547"},{"taxonomy":"is_homepage","embeddable":true,"href":"https:\/\/euapp01.newsmemory.com\/lamarseillaise\/news\/wp-json\/wp\/v2\/is_homepage?post=39547"},{"taxonomy":"ta_other","embeddable":true,"href":"https:\/\/euapp01.newsmemory.com\/lamarseillaise\/news\/wp-json\/wp\/v2\/ta_other?post=39547"}],"curies":[{"name":"wp","href":"https:\/\/api.w.org\/{rel}","templated":true}]}}