{"id":39544,"date":"2026-08-18T06:56:00","date_gmt":"2026-08-18T04:56:00","guid":{"rendered":"https:\/\/euapp01.newsmemory.com\/lamarseillaise\/news\/?p=39544"},"modified":"2026-08-22T09:06:50","modified_gmt":"2026-08-22T07:06:50","slug":"pres-de-300-personnes-toujours-menacees-dexpulsion-a-la-valentine","status":"publish","type":"post","link":"https:\/\/euapp01.newsmemory.com\/lamarseillaise\/news\/2026\/08\/18\/pres-de-300-personnes-toujours-menacees-dexpulsion-a-la-valentine\/","title":{"rendered":"Pr\u00e8s de 300 personnes toujours menac\u00e9es d\u2019expulsion \u00e0 La Valentine"},"content":{"rendered":"<div class=\"paragraph\">\n<p>Alors qu\u2019approche la date de l\u2019audience en r\u00e9f\u00e9r\u00e9 suspension engag\u00e9 par leur avocat, Adam Borie, pr\u00e9vue le 24\u00a0ao\u00fbt, les dizaines de familles install\u00e9es depuis pr\u00e8s de deux ans sur le site de la friche Procida \u00e0 La Valentine (11<sup>e<\/sup>) restent plus que jamais vigilantes. <a href=\"https:\/\/www.lamarseillaise.fr\/societe\/le-spectre-de-l-expulsion-plane-sur-les-roms-de-la-valentine-OA20574578\">Sous le coup d\u2019un arr\u00eat\u00e9 d\u2019expulsion pris \u00e0 la veille de No\u00ebl, le 24 d\u00e9cembre 2025, elles sont dans l\u2019angoisse<\/a>. Leur crainte notamment\u00a0: que les enfants, en grande partie scolaris\u00e9s dans les \u00e9tablissements alentour, ne puissent pas faire leur rentr\u00e9e de septembre.<\/p>\n<p><a href=\"https:\/\/www.lamarseillaise.fr\/societe\/a-marseille-plusieurs-dizaines-de-familles-menacees-d-expulsion-HC20551798\">Rencontr\u00e9e fin juillet, \u00e0 l\u2019occasion d\u2019une mobilisation de soutien d\u2019associatifs, militants politiques et riverain<\/a>s, cette petite fille \u00e2g\u00e9e de 8\u00a0ans nous avait confi\u00e9 \u00ab\u00a0<i>\u00eatre la meilleure de sa classe<\/i>\u00a0\u00bb et vouloir \u00ab\u00a0<i>retrouver tous <\/i>[ses]<i> copains<\/i><i>\u00a0<\/i>\u00bb quand les adultes eux, l\u2019assurent\u00a0: \u00ab\u00a0<i>On travaille, on est fatigu\u00e9s d\u2019\u00eatre expuls\u00e9s chaque ann\u00e9e<\/i>.\u00a0\u00bb<\/p>\n<p>Pour m\u00e9moire, Ma\u00eetre Borie a indiqu\u00e9 le 5\u00a0ao\u00fbt au pr\u00e9fet des Bouches-du-Rh\u00f4ne par courriel avoir fait appel de l\u2019ordonnance d\u2019expulsion. La Cour d\u2019Appel d\u2019Aix-en-Provence ayant fix\u00e9 une audience au 23\u00a0f\u00e9vrier 2027. Pour l\u2019avocat, il s\u2019agit l\u00e0 d\u2019\u00ab\u00a0<i>une expulsion rapide, pour laquelle il n\u2019y a pas eu de contradictoire<\/i>\u00a0\u00bb, et donc \u00ab\u00a0<i>d\u00e9loyale<\/i>\u00a0\u00bb.<\/p>\n<\/p><\/div>\n<div class=\"intext\"> Des projets avort\u00e9s\n              <\/div>\n<div class=\"paragraph\">\n<p>Il rappelait notamment que dans cette affaire, une sortie n\u00e9goci\u00e9e, avec un protocole serait pourtant envisageable. Un accord entre la pr\u00e9fecture, les familles et le propri\u00e9taire d\u2019une grande partie du terrain, Retail Prodev, une filiale du groupe Frey, sp\u00e9cialis\u00e9e dans le d\u00e9veloppement de centres commerciaux. Pour rappel, elle pr\u00e9voyait dans un premier temps sur cet espace un projet baptis\u00e9 \u00ab\u00a0My Valentine\u00a0\u00bb, 29\u00a0000m\u00b2 avec 70\u00a0enseignes, avort\u00e9, puis une plateforme logistique auquel la Ville de Marseille, sous pression des riverains, effar\u00e9s par l\u2019afflux de poids lourds, ne d\u00e9livrera pas de permis de construire. Une partie du terrain appartient aussi \u00e0 la M\u00e9tropole avait oppos\u00e9 l\u2019avocat. La collectivit\u00e9 ayant achet\u00e9 le long de l\u2019Huveaune, pour r\u00e9aliser une voie verte.<\/p>\n<p>Surtout, cette d\u00e9cision d\u2019expulsion, comme celle qui frappe d\u2019autres sites dans la ville rappellent associatifs et collectifs <a href=\"https:\/\/www.lamarseillaise.fr\/societe\/tribune-expulsions-des-familles-roms-tsiganes-et-des-gens-du-voyage-mettre-fin-a-une-politique-de-relegation-AO20595216\">dans leur tribune<\/a>, s\u2019inscrit \u00e9galement dans un contexte de crise de l\u2019h\u00e9bergement d\u2019urgence. <a href=\"https:\/\/www.lamarseillaise.fr\/societe\/places-d-accueil-sabrees-des-vies-fragilisees-JO20593138\">Instruction ayant \u00e9t\u00e9 donn\u00e9e par l\u2019\u00c9tat de r\u00e9duire le nombre de place en h\u00f4tel&#8230; <\/a><\/p>\n<\/p><\/div>\n","protected":false},"excerpt":{"rendered":"Alors qu&rsquo;approche la date de l&rsquo;audience en r&eacute;f&eacute;r&eacute; suspension engag&eacute; par leur avocat, Adam Borie, pr&eacute;vue le 24&nbsp;ao&ucirc;t, les dizaines de familles install&eacute;es depuis pr&egrave;s de deux ans &#8230;","protected":false},"author":1,"featured_media":39545,"comment_status":"open","ping_status":"open","sticky":false,"template":"","format":"standard","meta":{"footnotes":""},"categories":[3926,3925,20],"tags":[168,10,3168,102,374,5889,1405,754,518,16,1750,1263,134,2129,1131,1064,2692,621,99,4075],"news-destination":[3944],"news-source":[475],"is_homepage":[],"ta_other":[],"class_list":["post-39544","post","type-post","status-publish","format-standard","has-post-thumbnail","hentry","category-accueil-merge","category-accueil-third","category-societe","tag-association","tag-bouches-du-rhone","tag-centres-commerciaux","tag-collectif","tag-crise","tag-decision","tag-expulsion","tag-familles","tag-instruction","tag-marseille","tag-marseille-11e-arrondissement","tag-militants","tag-mobilisation","tag-permis-de-construire","tag-prefecture","tag-riverains","tag-roms","tag-tribune","tag-ville-de-marseille","tag-voie-verte","news-destination-homepage","news-source-website"],"_links":{"self":[{"href":"https:\/\/euapp01.newsmemory.com\/lamarseillaise\/news\/wp-json\/wp\/v2\/posts\/39544","targetHints":{"allow":["GET"]}}],"collection":[{"href":"https:\/\/euapp01.newsmemory.com\/lamarseillaise\/news\/wp-json\/wp\/v2\/posts"}],"about":[{"href":"https:\/\/euapp01.newsmemory.com\/lamarseillaise\/news\/wp-json\/wp\/v2\/types\/post"}],"author":[{"embeddable":true,"href":"https:\/\/euapp01.newsmemory.com\/lamarseillaise\/news\/wp-json\/wp\/v2\/users\/1"}],"replies":[{"embeddable":true,"href":"https:\/\/euapp01.newsmemory.com\/lamarseillaise\/news\/wp-json\/wp\/v2\/comments?post=39544"}],"version-history":[{"count":1,"href":"https:\/\/euapp01.newsmemory.com\/lamarseillaise\/news\/wp-json\/wp\/v2\/posts\/39544\/revisions"}],"predecessor-version":[{"id":39546,"href":"https:\/\/euapp01.newsmemory.com\/lamarseillaise\/news\/wp-json\/wp\/v2\/posts\/39544\/revisions\/39546"}],"wp:featuredmedia":[{"embeddable":true,"href":"https:\/\/euapp01.newsmemory.com\/lamarseillaise\/news\/wp-json\/wp\/v2\/media\/39545"}],"wp:attachment":[{"href":"https:\/\/euapp01.newsmemory.com\/lamarseillaise\/news\/wp-json\/wp\/v2\/media?parent=39544"}],"wp:term":[{"taxonomy":"category","embeddable":true,"href":"https:\/\/euapp01.newsmemory.com\/lamarseillaise\/news\/wp-json\/wp\/v2\/categories?post=39544"},{"taxonomy":"post_tag","embeddable":true,"href":"https:\/\/euapp01.newsmemory.com\/lamarseillaise\/news\/wp-json\/wp\/v2\/tags?post=39544"},{"taxonomy":"news-destination","embeddable":true,"href":"https:\/\/euapp01.newsmemory.com\/lamarseillaise\/news\/wp-json\/wp\/v2\/news-destination?post=39544"},{"taxonomy":"news-source","embeddable":true,"href":"https:\/\/euapp01.newsmemory.com\/lamarseillaise\/news\/wp-json\/wp\/v2\/news-source?post=39544"},{"taxonomy":"is_homepage","embeddable":true,"href":"https:\/\/euapp01.newsmemory.com\/lamarseillaise\/news\/wp-json\/wp\/v2\/is_homepage?post=39544"},{"taxonomy":"ta_other","embeddable":true,"href":"https:\/\/euapp01.newsmemory.com\/lamarseillaise\/news\/wp-json\/wp\/v2\/ta_other?post=39544"}],"curies":[{"name":"wp","href":"https:\/\/api.w.org\/{rel}","templated":true}]}}