{"id":39541,"date":"2026-08-18T06:34:00","date_gmt":"2026-08-18T04:34:00","guid":{"rendered":"https:\/\/euapp01.newsmemory.com\/lamarseillaise\/news\/?p=39541"},"modified":"2026-08-18T10:15:33","modified_gmt":"2026-08-18T08:15:33","slug":"une-vie-de-rom","status":"publish","type":"post","link":"https:\/\/euapp01.newsmemory.com\/lamarseillaise\/news\/2026\/08\/18\/une-vie-de-rom\/","title":{"rendered":"Une vie de Rom"},"content":{"rendered":"<div class=\"paragraph\">\n<p>\u00ab <i>R<\/i><i>enverser les regards et lutter contre les st\u00e9r\u00e9otypes et un antitsiganisme pluris\u00e9culaires.<\/i><i>\u00a0<\/i>\u00bb Telles \u00e9taient les intentions, en 2023, de la grande exposition \u00e9v\u00e9nement du Mucem \u00e0 Marseille, intitul\u00e9e \u00ab\u00a0Barvalo\/Roms, Sinti, Gitans, Manouches, Voyageurs\u00a0\u00bb. Ce fut un temps fort du Mus\u00e9e des civilisations de l\u2019Europe et de la M\u00e9diterran\u00e9e, car cette exposition \u00e9tait con\u00e7ue avec les int\u00e9ress\u00e9s et le public fut au rendez-vous.<\/p>\n<p>Trois ans apr\u00e8s, les pr\u00e9jug\u00e9s et les stigmates collent toujours aux familles roms qui vivent en France et notamment dans la cit\u00e9 phoc\u00e9enne. Une exposition, si remarquable soit-elle, ne peut venir \u00e0 bout \u00e0 elle seule de l\u2019antisiganisme et du racisme anti Roms. Si ces rejets persistent c\u2019est qu\u2019ils jouissent d\u2019une tol\u00e9rance insupportable au sein de la soci\u00e9t\u00e9 et des institutions.<\/p>\n<p><b>Projets citoyens<\/b><\/p>\n<p>Pour \u00ab\u00a0renverser les regards\u00a0\u00bb, encore faut-il commencer par respecter les personnes regard\u00e9es. Les familles roms qui vivent \u00e0 Marseille dans des campements et sont menac\u00e9es d\u2019expulsion ont des enfants scolaris\u00e9s dans les \u00e9coles. Dans d\u2019autres villes, comme la proche Montpellier, les collectivit\u00e9s (Ville et M\u00e9tropole) et l\u2019\u00c9tat &#8211;\u00a0lorsqu\u2019il est repr\u00e9sent\u00e9 par un Pr\u00e9fet solidement r\u00e9publicain\u00a0&#8211; ont men\u00e9 avec des familles un processus de village de transition et, \u00e0 l\u2019issue, toutes ont \u00e9t\u00e9 relog\u00e9es et sont sorties des marginalit\u00e9s dans lesquelles on les assignent en permanence.<\/p>\n<p>\u00c0 Marseille, des familles roms ont cr\u00e9\u00e9 une association dans les quartiers nord. Autant de projets citoyens exemplaires et autrement plus cr\u00e9atifs que le mur de la r\u00e9pression. Il est si facile de proc\u00e9der aux expulsions\u00a0! C\u2019est un r\u00e9flexe multis\u00e9culaire et r\u00e9trograde aux antipodes d\u2019une R\u00e9publique et d\u2019une d\u00e9mocratie dignes de ce nom.<\/p>\n<\/p><\/div>\n","protected":false},"excerpt":{"rendered":"&laquo; Renverser les regards et lutter contre les st&eacute;r&eacute;otypes et un antitsiganisme pluris&eacute;culaires.&nbsp;&raquo; Telles &eacute;taient les intentions, en 2023, de la grande exposition &eacute;v&eacute;nement du Mucem &agrave; &#8230;","protected":false},"author":1,"featured_media":39542,"comment_status":"open","ping_status":"open","sticky":false,"template":"","format":"standard","meta":{"footnotes":""},"categories":[332],"tags":[10,1372,1595,239,16,240,857,2692],"news-destination":[],"news-source":[475],"is_homepage":[],"ta_other":[],"class_list":["post-39541","post","type-post","status-publish","format-standard","has-post-thumbnail","hentry","category-edito","tag-bouches-du-rhone","tag-editoriaux","tag-expulsions","tag-herault","tag-marseille","tag-montpellier","tag-racisme","tag-roms","news-source-website"],"_links":{"self":[{"href":"https:\/\/euapp01.newsmemory.com\/lamarseillaise\/news\/wp-json\/wp\/v2\/posts\/39541","targetHints":{"allow":["GET"]}}],"collection":[{"href":"https:\/\/euapp01.newsmemory.com\/lamarseillaise\/news\/wp-json\/wp\/v2\/posts"}],"about":[{"href":"https:\/\/euapp01.newsmemory.com\/lamarseillaise\/news\/wp-json\/wp\/v2\/types\/post"}],"author":[{"embeddable":true,"href":"https:\/\/euapp01.newsmemory.com\/lamarseillaise\/news\/wp-json\/wp\/v2\/users\/1"}],"replies":[{"embeddable":true,"href":"https:\/\/euapp01.newsmemory.com\/lamarseillaise\/news\/wp-json\/wp\/v2\/comments?post=39541"}],"version-history":[{"count":1,"href":"https:\/\/euapp01.newsmemory.com\/lamarseillaise\/news\/wp-json\/wp\/v2\/posts\/39541\/revisions"}],"predecessor-version":[{"id":39543,"href":"https:\/\/euapp01.newsmemory.com\/lamarseillaise\/news\/wp-json\/wp\/v2\/posts\/39541\/revisions\/39543"}],"wp:featuredmedia":[{"embeddable":true,"href":"https:\/\/euapp01.newsmemory.com\/lamarseillaise\/news\/wp-json\/wp\/v2\/media\/39542"}],"wp:attachment":[{"href":"https:\/\/euapp01.newsmemory.com\/lamarseillaise\/news\/wp-json\/wp\/v2\/media?parent=39541"}],"wp:term":[{"taxonomy":"category","embeddable":true,"href":"https:\/\/euapp01.newsmemory.com\/lamarseillaise\/news\/wp-json\/wp\/v2\/categories?post=39541"},{"taxonomy":"post_tag","embeddable":true,"href":"https:\/\/euapp01.newsmemory.com\/lamarseillaise\/news\/wp-json\/wp\/v2\/tags?post=39541"},{"taxonomy":"news-destination","embeddable":true,"href":"https:\/\/euapp01.newsmemory.com\/lamarseillaise\/news\/wp-json\/wp\/v2\/news-destination?post=39541"},{"taxonomy":"news-source","embeddable":true,"href":"https:\/\/euapp01.newsmemory.com\/lamarseillaise\/news\/wp-json\/wp\/v2\/news-source?post=39541"},{"taxonomy":"is_homepage","embeddable":true,"href":"https:\/\/euapp01.newsmemory.com\/lamarseillaise\/news\/wp-json\/wp\/v2\/is_homepage?post=39541"},{"taxonomy":"ta_other","embeddable":true,"href":"https:\/\/euapp01.newsmemory.com\/lamarseillaise\/news\/wp-json\/wp\/v2\/ta_other?post=39541"}],"curies":[{"name":"wp","href":"https:\/\/api.w.org\/{rel}","templated":true}]}}