{"id":39538,"date":"2026-08-17T10:27:00","date_gmt":"2026-08-17T08:27:00","guid":{"rendered":"https:\/\/euapp01.newsmemory.com\/lamarseillaise\/news\/?p=39538"},"modified":"2026-08-17T10:44:57","modified_gmt":"2026-08-17T08:44:57","slug":"cest-lete-la-foret-de-janas-a-la-seyne","status":"publish","type":"post","link":"https:\/\/euapp01.newsmemory.com\/lamarseillaise\/news\/2026\/08\/17\/cest-lete-la-foret-de-janas-a-la-seyne\/","title":{"rendered":"[C\u2019est l\u2019\u00e9t\u00e9] La for\u00eat de Janas \u00e0 La Seyne"},"content":{"rendered":"<div class=\"paragraph\">\n<p>En v\u00e9lo ou \u00e0 pieds, cette for\u00eat de 391\u00a0hectares, jonch\u00e9e au sud est du massif du Cap Sici\u00e9, offre des possibilit\u00e9s infinies de promenades plus ou moins longues, et de fl\u00e2neries sous les pins d\u2019Alep, les ch\u00eanes-li\u00e8ges, les ch\u00eanes verts et les eucalyptus, accompagn\u00e9s d\u2019un bon bouquin ou d\u2019un pique-nique. La faune y est \u00e9galement tr\u00e8s vari\u00e9e, entre oiseaux, l\u00e9zards, petits mammif\u00e8res et insectes. Si vous vous aventurez en lisi\u00e8re des bois, vous pourrez d\u00e9couvrir de sublimes panoramas sur la M\u00e9diterran\u00e9e, \u00e0 l\u2019est, au sud et \u00e0 l\u2019ouest, et de nombreuses plages confidentielles, situ\u00e9es en contrebas des falaises et accessibles via le sentier du littoral.<\/p>\n<\/p><\/div>\n","protected":false},"excerpt":{"rendered":"En v&eacute;lo ou &agrave; pieds, cette for&ecirc;t de 391&nbsp;hectares, jonch&eacute;e au sud est du massif du Cap Sici&eacute;, offre des possibilit&eacute;s infinies de promenades plus ou moins longues, et de fl&acirc;neries sous les pins &#8230;","protected":false},"author":1,"featured_media":39539,"comment_status":"open","ping_status":"open","sticky":false,"template":"","format":"standard","meta":{"footnotes":""},"categories":[20],"tags":[2605,1289,3585,6085,418,377,398,109,5101,3239,128,569,3694,888,31,807,4104],"news-destination":[],"news-source":[475],"is_homepage":[],"ta_other":[],"class_list":["post-39538","post","type-post","status-publish","format-standard","has-post-thumbnail","hentry","category-societe","tag-arbres","tag-balade","tag-bois","tag-cest-lete","tag-foret","tag-insectes","tag-la-seyne-sur-mer","tag-littoral","tag-mammiferes","tag-massif","tag-mediterranee","tag-oiseaux","tag-plage","tag-plages","tag-var","tag-velo","tag-verts","news-source-website"],"_links":{"self":[{"href":"https:\/\/euapp01.newsmemory.com\/lamarseillaise\/news\/wp-json\/wp\/v2\/posts\/39538","targetHints":{"allow":["GET"]}}],"collection":[{"href":"https:\/\/euapp01.newsmemory.com\/lamarseillaise\/news\/wp-json\/wp\/v2\/posts"}],"about":[{"href":"https:\/\/euapp01.newsmemory.com\/lamarseillaise\/news\/wp-json\/wp\/v2\/types\/post"}],"author":[{"embeddable":true,"href":"https:\/\/euapp01.newsmemory.com\/lamarseillaise\/news\/wp-json\/wp\/v2\/users\/1"}],"replies":[{"embeddable":true,"href":"https:\/\/euapp01.newsmemory.com\/lamarseillaise\/news\/wp-json\/wp\/v2\/comments?post=39538"}],"version-history":[{"count":1,"href":"https:\/\/euapp01.newsmemory.com\/lamarseillaise\/news\/wp-json\/wp\/v2\/posts\/39538\/revisions"}],"predecessor-version":[{"id":39540,"href":"https:\/\/euapp01.newsmemory.com\/lamarseillaise\/news\/wp-json\/wp\/v2\/posts\/39538\/revisions\/39540"}],"wp:featuredmedia":[{"embeddable":true,"href":"https:\/\/euapp01.newsmemory.com\/lamarseillaise\/news\/wp-json\/wp\/v2\/media\/39539"}],"wp:attachment":[{"href":"https:\/\/euapp01.newsmemory.com\/lamarseillaise\/news\/wp-json\/wp\/v2\/media?parent=39538"}],"wp:term":[{"taxonomy":"category","embeddable":true,"href":"https:\/\/euapp01.newsmemory.com\/lamarseillaise\/news\/wp-json\/wp\/v2\/categories?post=39538"},{"taxonomy":"post_tag","embeddable":true,"href":"https:\/\/euapp01.newsmemory.com\/lamarseillaise\/news\/wp-json\/wp\/v2\/tags?post=39538"},{"taxonomy":"news-destination","embeddable":true,"href":"https:\/\/euapp01.newsmemory.com\/lamarseillaise\/news\/wp-json\/wp\/v2\/news-destination?post=39538"},{"taxonomy":"news-source","embeddable":true,"href":"https:\/\/euapp01.newsmemory.com\/lamarseillaise\/news\/wp-json\/wp\/v2\/news-source?post=39538"},{"taxonomy":"is_homepage","embeddable":true,"href":"https:\/\/euapp01.newsmemory.com\/lamarseillaise\/news\/wp-json\/wp\/v2\/is_homepage?post=39538"},{"taxonomy":"ta_other","embeddable":true,"href":"https:\/\/euapp01.newsmemory.com\/lamarseillaise\/news\/wp-json\/wp\/v2\/ta_other?post=39538"}],"curies":[{"name":"wp","href":"https:\/\/api.w.org\/{rel}","templated":true}]}}