{"id":39533,"date":"2026-08-17T09:50:00","date_gmt":"2026-08-17T07:50:00","guid":{"rendered":"https:\/\/euapp01.newsmemory.com\/lamarseillaise\/news\/?p=39533"},"modified":"2026-08-17T10:09:07","modified_gmt":"2026-08-17T08:09:07","slug":"veillee-pour-la-palestine-a-marseille","status":"publish","type":"post","link":"https:\/\/euapp01.newsmemory.com\/lamarseillaise\/news\/2026\/08\/17\/veillee-pour-la-palestine-a-marseille\/","title":{"rendered":"Veill\u00e9e pour la Palestine \u00e0 Marseille"},"content":{"rendered":"<div class=\"paragraph\">\n<p>Ces Palestiniens \u00e9taient r\u00e9fugi\u00e9s dans le camp de Tall el-Zaatar \u00e0 Beyrouth au Liban. Apr\u00e8s plus de cinquante jours de si\u00e8ge, le camp est pris d\u2019assaut et, suite aux massacres, a \u00e9t\u00e9 compl\u00e8tement ras\u00e9.<\/p>\n<p><b>Le portrait de Barghouti<\/b><\/p>\n<p>Un demi-si\u00e8cle apr\u00e8s cette tuerie de masse, les Palestiniens subissent aujourd\u2019hui l\u2019oppression et l\u2019arbitraire du gouvernement isra\u00e9lien. Samedi soir, apr\u00e8s une manifestation partie de la Porte d\u2019Aix, une veill\u00e9e s\u2019est tenue sous l\u2019ombri\u00e8re au Vieux-Port.<\/p>\n<p>Exigences principales : la fin du g\u00e9nocide des Palestiniens \u00e0 Gaza et en Cisjordanie occup\u00e9e, la lev\u00e9e du blocus et un cessez-le-feu permanent. Le portrait de Marwan Barghouti, responsable palestinien emprisonn\u00e9 depuis 2022 dans les ge\u00f4les d\u2019Isra\u00ebl, \u00e9tait accroch\u00e9 sous l\u2019ombri\u00e8re. Il symbolise l\u2019espoir d\u2019un r\u00e8glement politique \u00e0 cette guerre ignoble avec la cr\u00e9ation d\u2019un \u00c9tat palestinien souverain, comme le stipule le droit international.<\/p>\n<p>F.V.<\/p>\n<\/p><\/div>\n","protected":false},"excerpt":{"rendered":"Ces Palestiniens &eacute;taient r&eacute;fugi&eacute;s dans le camp de Tall el-Zaatar &agrave; Beyrouth au Liban. Apr&egrave;s plus de cinquante jours de si&egrave;ge, le camp est pris d&rsquo;assaut et, suite aux massacres, a &eacute;t&eacute; &#8230;","protected":false},"author":1,"featured_media":39534,"comment_status":"open","ping_status":"open","sticky":false,"template":"","format":"standard","meta":{"footnotes":""},"categories":[337],"tags":[6246,10,3085,2092,1467,389,608,16,2166,75,76,613],"news-destination":[],"news-source":[475],"is_homepage":[],"ta_other":[],"class_list":["post-39533","post","type-post","status-publish","format-standard","has-post-thumbnail","hentry","category-international","tag-15-aout","tag-bouches-du-rhone","tag-camp","tag-cisjordanie","tag-droit-international","tag-hommage","tag-israel","tag-marseille","tag-massacre","tag-palestine","tag-palestiniens","tag-rassemblement","news-source-website"],"_links":{"self":[{"href":"https:\/\/euapp01.newsmemory.com\/lamarseillaise\/news\/wp-json\/wp\/v2\/posts\/39533","targetHints":{"allow":["GET"]}}],"collection":[{"href":"https:\/\/euapp01.newsmemory.com\/lamarseillaise\/news\/wp-json\/wp\/v2\/posts"}],"about":[{"href":"https:\/\/euapp01.newsmemory.com\/lamarseillaise\/news\/wp-json\/wp\/v2\/types\/post"}],"author":[{"embeddable":true,"href":"https:\/\/euapp01.newsmemory.com\/lamarseillaise\/news\/wp-json\/wp\/v2\/users\/1"}],"replies":[{"embeddable":true,"href":"https:\/\/euapp01.newsmemory.com\/lamarseillaise\/news\/wp-json\/wp\/v2\/comments?post=39533"}],"version-history":[{"count":1,"href":"https:\/\/euapp01.newsmemory.com\/lamarseillaise\/news\/wp-json\/wp\/v2\/posts\/39533\/revisions"}],"predecessor-version":[{"id":39535,"href":"https:\/\/euapp01.newsmemory.com\/lamarseillaise\/news\/wp-json\/wp\/v2\/posts\/39533\/revisions\/39535"}],"wp:featuredmedia":[{"embeddable":true,"href":"https:\/\/euapp01.newsmemory.com\/lamarseillaise\/news\/wp-json\/wp\/v2\/media\/39534"}],"wp:attachment":[{"href":"https:\/\/euapp01.newsmemory.com\/lamarseillaise\/news\/wp-json\/wp\/v2\/media?parent=39533"}],"wp:term":[{"taxonomy":"category","embeddable":true,"href":"https:\/\/euapp01.newsmemory.com\/lamarseillaise\/news\/wp-json\/wp\/v2\/categories?post=39533"},{"taxonomy":"post_tag","embeddable":true,"href":"https:\/\/euapp01.newsmemory.com\/lamarseillaise\/news\/wp-json\/wp\/v2\/tags?post=39533"},{"taxonomy":"news-destination","embeddable":true,"href":"https:\/\/euapp01.newsmemory.com\/lamarseillaise\/news\/wp-json\/wp\/v2\/news-destination?post=39533"},{"taxonomy":"news-source","embeddable":true,"href":"https:\/\/euapp01.newsmemory.com\/lamarseillaise\/news\/wp-json\/wp\/v2\/news-source?post=39533"},{"taxonomy":"is_homepage","embeddable":true,"href":"https:\/\/euapp01.newsmemory.com\/lamarseillaise\/news\/wp-json\/wp\/v2\/is_homepage?post=39533"},{"taxonomy":"ta_other","embeddable":true,"href":"https:\/\/euapp01.newsmemory.com\/lamarseillaise\/news\/wp-json\/wp\/v2\/ta_other?post=39533"}],"curies":[{"name":"wp","href":"https:\/\/api.w.org\/{rel}","templated":true}]}}