{"id":39527,"date":"2026-08-17T09:42:00","date_gmt":"2026-08-17T07:42:00","guid":{"rendered":"https:\/\/euapp01.newsmemory.com\/lamarseillaise\/news\/?p=39527"},"modified":"2026-08-22T09:06:50","modified_gmt":"2026-08-22T07:06:50","slug":"hebergement-durgence-ces-villes-qui-attaquent-en-justice-et-gagnent","status":"publish","type":"post","link":"https:\/\/euapp01.newsmemory.com\/lamarseillaise\/news\/2026\/08\/17\/hebergement-durgence-ces-villes-qui-attaquent-en-justice-et-gagnent\/","title":{"rendered":"[H\u00e9bergement d\u2019urgence] Ces villes qui attaquent en justice&#8230; Et gagnent"},"content":{"rendered":"<div class=\"paragraph\">\n<p>La justice administrative a condamn\u00e9 l\u2019\u00c9tat fin juillet \u00e0 indemniser \u00e0 hauteur de plus de 500\u00a0000\u00a0euros la Ville de Strasbourg, qui le poursuivait avec quatre autres grandes municipalit\u00e9s pour \u00ab\u00a0carence\u00a0\u00bb en mati\u00e8re d\u2019h\u00e9bergement d\u2019urgence. Une somme de 242\u00a0284\u00a0euros va \u00eatre vers\u00e9e \u00e0 la commune, 294\u00a0669\u00a0au Centre communal d\u2019action sociale (CCAS) de la ville ainsi que 3\u00a0000\u00a0euros pour frais de proc\u00e8s, indiquait nos confr\u00e8res de <i>Rue<\/i><i>\u00a0<\/i><i>89<\/i>.<\/p>\n<p>Des sommes qui correspondent aux frais d\u2019h\u00e9bergement dans un gymnase municipal de plusieurs sans abri, \u00e0 la suite notamment des \u00e9vacuations successives d\u2019un campement du centre de la ville, entre\u00a02022 et\u00a02023. \u00ab\u00a0<i>L\u2019\u00c9tat n\u2019a pas respect\u00e9 ses obligations l\u00e9gales en laissant des familles enti\u00e8res \u00e0 la rue et en refusant de financer l\u2019h\u00e9bergement d\u2019urgence \u00e0 la hauteur des besoins<\/i><i>\u00a0<\/i>\u00bb, a r\u00e9agi dans un communiqu\u00e9 l\u2019ancienne maire \u00e9cologiste de Strasbourg, Jeanne Barseghian, qui avait initi\u00e9 le recours pendant son mandat.<\/p>\n<\/p><\/div>\n<div class=\"intext\"> \u00ab\u00a0Un syst\u00e8me \u00e0 bout de souffle\u00a0\u00bb\n              <\/div>\n<div class=\"paragraph\">\n<p>Son ancienne adjointe aux solidarit\u00e9s, Floriane Varieras a rappel\u00e9 \u00ab\u00a0<i>qu\u2019aujourd\u2019hui des enfants, des femmes, des hommes dorment \u00e0 la rue par centaines<\/i><i>\u00a0<\/i>\u00bb, estimant que ce jugement doit \u00ab\u00a0<i>pousser la ville \u00e0 les mettre \u00e0 l\u2019abri imm\u00e9diatement, et \u00e0 demander le remboursement de ces h\u00e9bergements \u00e0 l\u2019\u00c9tat<\/i>\u00a0\u00bb. Quatre mairies \u00e9cologistes, Grenoble, Lyon, Bordeaux et Strasbourg et une socialiste, Rennes, avaient lanc\u00e9 une action en justice contre l\u2019\u00c9tat en f\u00e9vrier\u00a02024 afin de r\u00e9clamer la \u00ab\u00a0<i>refonte<\/i>\u00a0\u00bb d\u2019un syst\u00e8me jug\u00e9 \u00ab\u00a0<i>\u00e0 bout de souffle<\/i>\u00a0\u00bb. En mars\u00a0et novembre\u00a02025, l\u2019\u00c9tat avait d\u00e9j\u00e0 \u00e9t\u00e9 condamn\u00e9 \u00e0 indemniser Grenoble et Bordeaux.<\/p>\n<\/p><\/div>\n","protected":false},"excerpt":{"rendered":"La justice administrative a condamn&eacute; l&rsquo;&Eacute;tat fin juillet &agrave; indemniser &agrave; hauteur de plus de 500&nbsp;000&nbsp;euros la Ville de Strasbourg, qui le poursuivait avec quatre autres grandes municipalit&eacute;s pour &#8230;","protected":false},"author":1,"featured_media":39528,"comment_status":"open","ping_status":"open","sticky":false,"template":"","format":"standard","meta":{"footnotes":""},"categories":[3926,3925,1854,20],"tags":[1568,2609,57,754,387,572,3626,200,2328,3062,2252,641],"news-destination":[3944],"news-source":[475],"is_homepage":[],"ta_other":[],"class_list":["post-39527","post","type-post","status-publish","format-standard","has-post-thumbnail","hentry","category-accueil-merge","category-accueil-third","category-france","category-societe","tag-campement","tag-ccas","tag-enfants","tag-familles","tag-femmes","tag-france","tag-hebergement-durgence","tag-justice","tag-rue","tag-sans-abris","tag-strasbourg","tag-villes","news-destination-homepage","news-source-website"],"_links":{"self":[{"href":"https:\/\/euapp01.newsmemory.com\/lamarseillaise\/news\/wp-json\/wp\/v2\/posts\/39527","targetHints":{"allow":["GET"]}}],"collection":[{"href":"https:\/\/euapp01.newsmemory.com\/lamarseillaise\/news\/wp-json\/wp\/v2\/posts"}],"about":[{"href":"https:\/\/euapp01.newsmemory.com\/lamarseillaise\/news\/wp-json\/wp\/v2\/types\/post"}],"author":[{"embeddable":true,"href":"https:\/\/euapp01.newsmemory.com\/lamarseillaise\/news\/wp-json\/wp\/v2\/users\/1"}],"replies":[{"embeddable":true,"href":"https:\/\/euapp01.newsmemory.com\/lamarseillaise\/news\/wp-json\/wp\/v2\/comments?post=39527"}],"version-history":[{"count":1,"href":"https:\/\/euapp01.newsmemory.com\/lamarseillaise\/news\/wp-json\/wp\/v2\/posts\/39527\/revisions"}],"predecessor-version":[{"id":39529,"href":"https:\/\/euapp01.newsmemory.com\/lamarseillaise\/news\/wp-json\/wp\/v2\/posts\/39527\/revisions\/39529"}],"wp:featuredmedia":[{"embeddable":true,"href":"https:\/\/euapp01.newsmemory.com\/lamarseillaise\/news\/wp-json\/wp\/v2\/media\/39528"}],"wp:attachment":[{"href":"https:\/\/euapp01.newsmemory.com\/lamarseillaise\/news\/wp-json\/wp\/v2\/media?parent=39527"}],"wp:term":[{"taxonomy":"category","embeddable":true,"href":"https:\/\/euapp01.newsmemory.com\/lamarseillaise\/news\/wp-json\/wp\/v2\/categories?post=39527"},{"taxonomy":"post_tag","embeddable":true,"href":"https:\/\/euapp01.newsmemory.com\/lamarseillaise\/news\/wp-json\/wp\/v2\/tags?post=39527"},{"taxonomy":"news-destination","embeddable":true,"href":"https:\/\/euapp01.newsmemory.com\/lamarseillaise\/news\/wp-json\/wp\/v2\/news-destination?post=39527"},{"taxonomy":"news-source","embeddable":true,"href":"https:\/\/euapp01.newsmemory.com\/lamarseillaise\/news\/wp-json\/wp\/v2\/news-source?post=39527"},{"taxonomy":"is_homepage","embeddable":true,"href":"https:\/\/euapp01.newsmemory.com\/lamarseillaise\/news\/wp-json\/wp\/v2\/is_homepage?post=39527"},{"taxonomy":"ta_other","embeddable":true,"href":"https:\/\/euapp01.newsmemory.com\/lamarseillaise\/news\/wp-json\/wp\/v2\/ta_other?post=39527"}],"curies":[{"name":"wp","href":"https:\/\/api.w.org\/{rel}","templated":true}]}}