{"id":39524,"date":"2026-08-17T09:31:00","date_gmt":"2026-08-17T07:31:00","guid":{"rendered":"https:\/\/euapp01.newsmemory.com\/lamarseillaise\/news\/?p=39524"},"modified":"2026-08-22T09:06:50","modified_gmt":"2026-08-22T07:06:50","slug":"cest-lete-lyudmyla-tsivka-quatre-ans-de-guerre-sans-apres","status":"publish","type":"post","link":"https:\/\/euapp01.newsmemory.com\/lamarseillaise\/news\/2026\/08\/17\/cest-lete-lyudmyla-tsivka-quatre-ans-de-guerre-sans-apres\/","title":{"rendered":"[C\u2019est l\u2019\u00e9t\u00e9] Lyudmyla Tsivka, quatre ans de guerre sans \u00ab&nbsp;apr\u00e8s&nbsp;\u00bb"},"content":{"rendered":"<div class=\"paragraph\">\n<p>Pour Lyudmyla Tsivka, le temps s\u2019est arr\u00eat\u00e9 le 24\u00a0f\u00e9vrier 2022. Plus de quatre ans apr\u00e8s le d\u00e9but de l\u2019invasion russe, la pr\u00e9sidente de SOS Montpellier-Ukraine distingue toujours deux p\u00e9riodes\u00a0: \u00ab\u00a0<i>Il y a un avant et un pendant. Il n\u2019y a toujours pas d\u2019apr\u00e8s<\/i>\u00a0\u00bb. Avant, elle \u00e9tait une m\u00e8re de famille d\u2019origine ukrainienne install\u00e9e en France, assistante maternelle et \u00e9trang\u00e8re au monde associatif. Puis son pays a \u00e9t\u00e9 attaqu\u00e9 et elle n\u2019a pas pu \u00ab\u00a0<i>rester \u00e0 c\u00f4t\u00e9<\/i><i>\u00a0<\/i>\u00bb.<\/p>\n<p>Les premiers jours demeurent noy\u00e9s dans un brouillard. \u00ab\u00a0<i>J\u2019\u00e9tais perdue. Je ne comprenais pas ce qui arrivait \u00e0 mon pays. La vie s\u2019est arr\u00eat\u00e9e<\/i>.\u00a0\u00bb Depuis, l\u2019engagement a rempli presque tout l\u2019espace. La guerre a endurci Lyudmyla, mais elle l\u2019a aussi priv\u00e9e d\u2019une part d\u2019elle-m\u00eame. \u00ab\u00a0<i>Je ne me permets plus de vivre. J\u2019existe, je subsiste<\/i><i>\u00a0<\/i>\u00bb, confie-t-elle. Les anniversaires, les f\u00eates ou les \u00e9clats de rire de ses proches lui rappellent qu\u2019au m\u00eame instant, en Ukraine, d\u2019autres familles pleurent leurs morts. Elle participe, sourit parfois, puis pr\u00e9f\u00e8re s\u2019isoler. \u00c0 la maison, ses enfants la voient rester devant son t\u00e9l\u00e9phone et fondre en larmes au fil des nouvelles. \u00ab<i>\u00a0<\/i><i>C\u2019est compliqu\u00e9 de leur expliquer que ce n\u2019est pas \u00e0 cause d\u2019eux, que cela ne les concerne pas compl\u00e8tement, alors qu\u2019ils ont aussi des origines ukrainiennes<\/i>.\u00a0\u00bb Une angoisse qu\u2019elle refuse pourtant de transmettre aux autres.<\/p>\n<\/p><\/div>\n<div class=\"intext\"> Transformer la douleur<br \/>\n               <br \/>en action\n              <\/div>\n<div class=\"paragraph\">\n<p>D\u00e8s les premiers jours de l\u2019invasion, la Ville de Montpellier, l\u2019avocate Sophie Mazas et des habitants se mobilisent. Dans l\u2019urgence na\u00eet SOS Montpellier-Ukraine. \u00ab\u00a0<i>C\u2019\u00e9tait vital. Il y avait une solidarit\u00e9 immense. Les gens arrivaient avec des dons, proposaient des logements. Dans toute cette douleur, cela faisait chaud au c\u0153ur. Je ne pensais pas que c\u2019\u00e9tait possible<\/i>.\u00a0\u00bb<\/p>\n<p>L\u2019association accueille d\u2019abord les Ukrainiens qui fuient la guerre, \u00e0 une p\u00e9riode o\u00f9 aucun dispositif institutionnel n\u2019est encore r\u00e9ellement organis\u00e9. Deux mois plus tard, lorsque l\u2019\u00c9tat et les collectivit\u00e9s mettent en place des circuits plus administratifs, les b\u00e9n\u00e9voles se tournent vers l\u2019aide humanitaire, sans abandonner l\u2019accompagnement des r\u00e9fugi\u00e9s install\u00e9s \u00e0 Montpellier. Gr\u00e2ce aux donateurs et aux b\u00e9n\u00e9voles, 38\u00a0camions de mat\u00e9riel ont \u00e9t\u00e9 envoy\u00e9s en Ukraine. Aujourd\u2019hui, l\u2019association ne dispose plus de lieu de stockage et ne peut plus organiser des convois de la m\u00eame ampleur. Elle poursuit n\u00e9anmoins ses collectes pour financer des g\u00e9n\u00e9rateurs, du mat\u00e9riel de premi\u00e8re n\u00e9cessit\u00e9 ou soutenir les soldats ukrainiens accueillis en France pour leur r\u00e9\u00e9ducation.<\/p>\n<p>Parmi eux, Lyudmyla n\u2019oublie pas un jeune homme de 1,89\u00a0m\u00e8tre, amput\u00e9 des deux jambes apr\u00e8s l\u2019explosion d\u2019une mine. Des doigts sectionn\u00e9s, un fauteuil roulant et une vie enti\u00e8re \u00e0 reconstruire. \u00ab<i>\u00a0<\/i><i>Il ne regrettait rien. Il ne se consid\u00e9rait m\u00eame pas comme handicap\u00e9. Moi, je suis enti\u00e8re et je suis compl\u00e8tement \u00e0 la ramasse<\/i><i>\u00a0<\/i>\u00bb, souffle-t-elle. Son optimisme, comme celui d\u2019autres bless\u00e9s \u00e2g\u00e9s d\u2019\u00e0 peine 23\u00a0\u00e0 40\u00a0ans, lui interdit de baisser les bras. \u00ab\u00a0<i>Quand je les regarde, je me dis que je n\u2019ai pas le droit de dire que je ne peux plus. Leur joie de vivre me d\u00e9passe<\/i>.\u00a0\u00bb<\/p>\n<p>Cette force n\u2019efface pas l\u2019essoufflement de la solidarit\u00e9. Depuis un an et demi, les dons diminuent et l\u2019Ukraine dispara\u00eet des conversations, malgr\u00e9 des attaques presque quotidiennes. Lyudmyla souffre aussi des discours qui pr\u00e9sentent les r\u00e9fugi\u00e9s comme des privil\u00e9gi\u00e9s. Elle rappelle les familles s\u00e9par\u00e9es et les jeunes revenus combattre une fois majeurs\u00a0: \u00ab<i>\u00a0<\/i><i>Il ne faut pas envier cette vie-l\u00e0<\/i>\u00a0\u00bb. Elle pr\u00e9f\u00e8re retenir les gestes d\u2019entraide, comme celui des pompiers ukrainiens venus soutenir leurs coll\u00e8gues fran\u00e7ais en Gironde. Lyudmyla dit continuer pour les enfants d\u2019ici et de l\u00e0-bas. Tant qu\u2019il n\u2019y aura pas d\u2019\u00ab\u00a0<i>apr\u00e8s<\/i>\u00a0\u00bb, elle poursuivra son engagement.<\/p>\n<\/p><\/div>\n","protected":false},"excerpt":{"rendered":"Pour Lyudmyla Tsivka, le temps s&rsquo;est arr&ecirc;t&eacute; le 24&nbsp;f&eacute;vrier 2022. Plus de quatre ans apr&egrave;s le d&eacute;but de l&rsquo;invasion russe, la pr&eacute;sidente de SOS Montpellier-Ukraine distingue toujours deux &#8230;","protected":false},"author":1,"featured_media":39525,"comment_status":"open","ping_status":"open","sticky":false,"template":"","format":"standard","meta":{"footnotes":""},"categories":[3926,3925,20],"tags":[143,6085,57,754,724,1469,609,239,914,240,284,121,3510,732,260,6265,601],"news-destination":[3944],"news-source":[475],"is_homepage":[],"ta_other":[],"class_list":["post-39524","post","type-post","status-publish","format-standard","has-post-thumbnail","hentry","category-accueil-merge","category-accueil-third","category-societe","tag-associatif","tag-cest-lete","tag-enfants","tag-familles","tag-guerre","tag-guerre-en-ukraine","tag-guerre-russo-ukrainienne","tag-herault","tag-humanitaire","tag-montpellier","tag-occitanie","tag-paix","tag-refugies","tag-russie","tag-solidarite","tag-sos-montpellier-ukraine","tag-ukraine","news-destination-homepage","news-source-website"],"_links":{"self":[{"href":"https:\/\/euapp01.newsmemory.com\/lamarseillaise\/news\/wp-json\/wp\/v2\/posts\/39524","targetHints":{"allow":["GET"]}}],"collection":[{"href":"https:\/\/euapp01.newsmemory.com\/lamarseillaise\/news\/wp-json\/wp\/v2\/posts"}],"about":[{"href":"https:\/\/euapp01.newsmemory.com\/lamarseillaise\/news\/wp-json\/wp\/v2\/types\/post"}],"author":[{"embeddable":true,"href":"https:\/\/euapp01.newsmemory.com\/lamarseillaise\/news\/wp-json\/wp\/v2\/users\/1"}],"replies":[{"embeddable":true,"href":"https:\/\/euapp01.newsmemory.com\/lamarseillaise\/news\/wp-json\/wp\/v2\/comments?post=39524"}],"version-history":[{"count":1,"href":"https:\/\/euapp01.newsmemory.com\/lamarseillaise\/news\/wp-json\/wp\/v2\/posts\/39524\/revisions"}],"predecessor-version":[{"id":39526,"href":"https:\/\/euapp01.newsmemory.com\/lamarseillaise\/news\/wp-json\/wp\/v2\/posts\/39524\/revisions\/39526"}],"wp:featuredmedia":[{"embeddable":true,"href":"https:\/\/euapp01.newsmemory.com\/lamarseillaise\/news\/wp-json\/wp\/v2\/media\/39525"}],"wp:attachment":[{"href":"https:\/\/euapp01.newsmemory.com\/lamarseillaise\/news\/wp-json\/wp\/v2\/media?parent=39524"}],"wp:term":[{"taxonomy":"category","embeddable":true,"href":"https:\/\/euapp01.newsmemory.com\/lamarseillaise\/news\/wp-json\/wp\/v2\/categories?post=39524"},{"taxonomy":"post_tag","embeddable":true,"href":"https:\/\/euapp01.newsmemory.com\/lamarseillaise\/news\/wp-json\/wp\/v2\/tags?post=39524"},{"taxonomy":"news-destination","embeddable":true,"href":"https:\/\/euapp01.newsmemory.com\/lamarseillaise\/news\/wp-json\/wp\/v2\/news-destination?post=39524"},{"taxonomy":"news-source","embeddable":true,"href":"https:\/\/euapp01.newsmemory.com\/lamarseillaise\/news\/wp-json\/wp\/v2\/news-source?post=39524"},{"taxonomy":"is_homepage","embeddable":true,"href":"https:\/\/euapp01.newsmemory.com\/lamarseillaise\/news\/wp-json\/wp\/v2\/is_homepage?post=39524"},{"taxonomy":"ta_other","embeddable":true,"href":"https:\/\/euapp01.newsmemory.com\/lamarseillaise\/news\/wp-json\/wp\/v2\/ta_other?post=39524"}],"curies":[{"name":"wp","href":"https:\/\/api.w.org\/{rel}","templated":true}]}}