{"id":39512,"date":"2026-08-17T08:22:00","date_gmt":"2026-08-17T06:22:00","guid":{"rendered":"https:\/\/euapp01.newsmemory.com\/lamarseillaise\/news\/?p=39512"},"modified":"2026-08-17T10:09:07","modified_gmt":"2026-08-17T08:09:07","slug":"cest-lete-les-lundis-de-la-vallouise","status":"publish","type":"post","link":"https:\/\/euapp01.newsmemory.com\/lamarseillaise\/news\/2026\/08\/17\/cest-lete-les-lundis-de-la-vallouise\/","title":{"rendered":"[C\u2019est l\u2019\u00e9t\u00e9] Les lundis de la Vallouise"},"content":{"rendered":"<div class=\"paragraph\">\n<p>\u00c9tait-ce un symbole spirituel\u00a0? Catherine Briotet, conservateur des antiquit\u00e9s et d\u2019objets d\u2019art, explore dans une conf\u00e9rence \u00e0 la salle Bonvoisin \u00e0 Vallouise-Pelvoux, la place du pain dans l\u2019art des Hautes-Alpes.<\/p>\n<p><b>A.G.-C.<\/b><\/p>\n<p><i>De 20h30 \u00e0 22h.<\/i><\/p>\n<p><i>Tarif libre.<\/i><\/p>\n<\/p><\/div>\n","protected":false},"excerpt":{"rendered":"&Eacute;tait-ce un symbole spirituel&nbsp;? Catherine Briotet, conservateur des antiquit&eacute;s et d&rsquo;objets d&rsquo;art, explore dans une conf&eacute;rence &agrave; la salle Bonvoisin &agrave; Vallouise-Pelvoux, la place du pain dans &#8230;","protected":false},"author":1,"featured_media":39513,"comment_status":"open","ping_status":"open","sticky":false,"template":"","format":"standard","meta":{"footnotes":""},"categories":[32],"tags":[4768,313,6085,147,3415,2538,4233],"news-destination":[],"news-source":[475],"is_homepage":[],"ta_other":[],"class_list":["post-39512","post","type-post","status-publish","format-standard","has-post-thumbnail","hentry","category-culture","tag-alpes","tag-art","tag-cest-lete","tag-conference","tag-montagne","tag-ruralite","tag-symbole","news-source-website"],"_links":{"self":[{"href":"https:\/\/euapp01.newsmemory.com\/lamarseillaise\/news\/wp-json\/wp\/v2\/posts\/39512","targetHints":{"allow":["GET"]}}],"collection":[{"href":"https:\/\/euapp01.newsmemory.com\/lamarseillaise\/news\/wp-json\/wp\/v2\/posts"}],"about":[{"href":"https:\/\/euapp01.newsmemory.com\/lamarseillaise\/news\/wp-json\/wp\/v2\/types\/post"}],"author":[{"embeddable":true,"href":"https:\/\/euapp01.newsmemory.com\/lamarseillaise\/news\/wp-json\/wp\/v2\/users\/1"}],"replies":[{"embeddable":true,"href":"https:\/\/euapp01.newsmemory.com\/lamarseillaise\/news\/wp-json\/wp\/v2\/comments?post=39512"}],"version-history":[{"count":1,"href":"https:\/\/euapp01.newsmemory.com\/lamarseillaise\/news\/wp-json\/wp\/v2\/posts\/39512\/revisions"}],"predecessor-version":[{"id":39514,"href":"https:\/\/euapp01.newsmemory.com\/lamarseillaise\/news\/wp-json\/wp\/v2\/posts\/39512\/revisions\/39514"}],"wp:featuredmedia":[{"embeddable":true,"href":"https:\/\/euapp01.newsmemory.com\/lamarseillaise\/news\/wp-json\/wp\/v2\/media\/39513"}],"wp:attachment":[{"href":"https:\/\/euapp01.newsmemory.com\/lamarseillaise\/news\/wp-json\/wp\/v2\/media?parent=39512"}],"wp:term":[{"taxonomy":"category","embeddable":true,"href":"https:\/\/euapp01.newsmemory.com\/lamarseillaise\/news\/wp-json\/wp\/v2\/categories?post=39512"},{"taxonomy":"post_tag","embeddable":true,"href":"https:\/\/euapp01.newsmemory.com\/lamarseillaise\/news\/wp-json\/wp\/v2\/tags?post=39512"},{"taxonomy":"news-destination","embeddable":true,"href":"https:\/\/euapp01.newsmemory.com\/lamarseillaise\/news\/wp-json\/wp\/v2\/news-destination?post=39512"},{"taxonomy":"news-source","embeddable":true,"href":"https:\/\/euapp01.newsmemory.com\/lamarseillaise\/news\/wp-json\/wp\/v2\/news-source?post=39512"},{"taxonomy":"is_homepage","embeddable":true,"href":"https:\/\/euapp01.newsmemory.com\/lamarseillaise\/news\/wp-json\/wp\/v2\/is_homepage?post=39512"},{"taxonomy":"ta_other","embeddable":true,"href":"https:\/\/euapp01.newsmemory.com\/lamarseillaise\/news\/wp-json\/wp\/v2\/ta_other?post=39512"}],"curies":[{"name":"wp","href":"https:\/\/api.w.org\/{rel}","templated":true}]}}