{"id":39506,"date":"2026-08-17T08:24:00","date_gmt":"2026-08-17T06:24:00","guid":{"rendered":"https:\/\/euapp01.newsmemory.com\/lamarseillaise\/news\/?p=39506"},"modified":"2026-08-17T10:24:00","modified_gmt":"2026-08-17T08:24:00","slug":"cest-lete-12e-edition-du-festivalsand-chopin-en-seyne","status":"publish","type":"post","link":"https:\/\/euapp01.newsmemory.com\/lamarseillaise\/news\/2026\/08\/17\/cest-lete-12e-edition-du-festivalsand-chopin-en-seyne\/","title":{"rendered":"[C\u2019est l\u2019\u00e9t\u00e9] 12e&nbsp;\u00e9dition du festival Sand &amp; Chopin en Seyne"},"content":{"rendered":"<div class=\"paragraph\">\n<p>Le Quatuor Lunaris ouvre le bal et interpr\u00e9tera des \u0153uvres de Mozart et Brahms.<\/p>\n<\/p><\/div>\n<div class=\"paragraph\">\n<p><i>\u00c0 partir de 21h.<\/i><\/p>\n<p><i>R\u00e9servations sur op\u00e9raria.fr.<br \/>Tarif plein 25<\/i><i>\u00a0<\/i><i>euros,<br \/>gratuit jusqu\u2019\u00e0 18<\/i><i>\u00a0<\/i><i>ans.<\/i><\/p>\n<\/p><\/div>\n","protected":false},"excerpt":{"rendered":"Le Quatuor Lunaris ouvre le bal et interpr&eacute;tera des &oelig;uvres de Mozart et Brahms.&Agrave; partir de 21h.R&eacute;servations sur op&eacute;raria.fr.Tarif plein 25&nbsp;euros,gratuit jusqu&rsquo;&agrave; 18&nbsp;ans.","protected":false},"author":1,"featured_media":39507,"comment_status":"open","ping_status":"open","sticky":false,"template":"","format":"standard","meta":{"footnotes":""},"categories":[32],"tags":[6083,6085,947,329,1083,73,398,3673,85,31],"news-destination":[],"news-source":[475],"is_homepage":[],"ta_other":[],"class_list":["post-39506","post","type-post","status-publish","format-standard","has-post-thumbnail","hentry","category-culture","tag-bal","tag-cest-lete","tag-edition","tag-festival","tag-gratuit","tag-international","tag-la-seyne-sur-mer","tag-lyrique","tag-mer","tag-var","news-source-website"],"_links":{"self":[{"href":"https:\/\/euapp01.newsmemory.com\/lamarseillaise\/news\/wp-json\/wp\/v2\/posts\/39506","targetHints":{"allow":["GET"]}}],"collection":[{"href":"https:\/\/euapp01.newsmemory.com\/lamarseillaise\/news\/wp-json\/wp\/v2\/posts"}],"about":[{"href":"https:\/\/euapp01.newsmemory.com\/lamarseillaise\/news\/wp-json\/wp\/v2\/types\/post"}],"author":[{"embeddable":true,"href":"https:\/\/euapp01.newsmemory.com\/lamarseillaise\/news\/wp-json\/wp\/v2\/users\/1"}],"replies":[{"embeddable":true,"href":"https:\/\/euapp01.newsmemory.com\/lamarseillaise\/news\/wp-json\/wp\/v2\/comments?post=39506"}],"version-history":[{"count":2,"href":"https:\/\/euapp01.newsmemory.com\/lamarseillaise\/news\/wp-json\/wp\/v2\/posts\/39506\/revisions"}],"predecessor-version":[{"id":39537,"href":"https:\/\/euapp01.newsmemory.com\/lamarseillaise\/news\/wp-json\/wp\/v2\/posts\/39506\/revisions\/39537"}],"wp:featuredmedia":[{"embeddable":true,"href":"https:\/\/euapp01.newsmemory.com\/lamarseillaise\/news\/wp-json\/wp\/v2\/media\/39507"}],"wp:attachment":[{"href":"https:\/\/euapp01.newsmemory.com\/lamarseillaise\/news\/wp-json\/wp\/v2\/media?parent=39506"}],"wp:term":[{"taxonomy":"category","embeddable":true,"href":"https:\/\/euapp01.newsmemory.com\/lamarseillaise\/news\/wp-json\/wp\/v2\/categories?post=39506"},{"taxonomy":"post_tag","embeddable":true,"href":"https:\/\/euapp01.newsmemory.com\/lamarseillaise\/news\/wp-json\/wp\/v2\/tags?post=39506"},{"taxonomy":"news-destination","embeddable":true,"href":"https:\/\/euapp01.newsmemory.com\/lamarseillaise\/news\/wp-json\/wp\/v2\/news-destination?post=39506"},{"taxonomy":"news-source","embeddable":true,"href":"https:\/\/euapp01.newsmemory.com\/lamarseillaise\/news\/wp-json\/wp\/v2\/news-source?post=39506"},{"taxonomy":"is_homepage","embeddable":true,"href":"https:\/\/euapp01.newsmemory.com\/lamarseillaise\/news\/wp-json\/wp\/v2\/is_homepage?post=39506"},{"taxonomy":"ta_other","embeddable":true,"href":"https:\/\/euapp01.newsmemory.com\/lamarseillaise\/news\/wp-json\/wp\/v2\/ta_other?post=39506"}],"curies":[{"name":"wp","href":"https:\/\/api.w.org\/{rel}","templated":true}]}}