{"id":39503,"date":"2026-08-17T08:29:00","date_gmt":"2026-08-17T06:29:00","guid":{"rendered":"https:\/\/euapp01.newsmemory.com\/lamarseillaise\/news\/?p=39503"},"modified":"2026-08-17T10:09:07","modified_gmt":"2026-08-17T08:09:07","slug":"cest-lete-le-flamenco-en-concert-a-martigues","status":"publish","type":"post","link":"https:\/\/euapp01.newsmemory.com\/lamarseillaise\/news\/2026\/08\/17\/cest-lete-le-flamenco-en-concert-a-martigues\/","title":{"rendered":"[C\u2019est l\u2019\u00e9t\u00e9] Le Flamenco en concert \u00e0 Martigues"},"content":{"rendered":"<div class=\"paragraph\">\n<p>Les artistes aux influences classiques et m\u00e9diterran\u00e9ennes, Juan Carmona et Sandrine Luigi invitent les spectateurs \u00e0 danser aux rythmes de leurs guitares. Pour profiter de cette soir\u00e9e en plein air, plac\u00e9e sous le signe du flamenco, le rendez-vous est donn\u00e9 \u00e0 la Cour de l\u2019\u00eele.<\/p>\n<p><b>A.G.-C.<\/b><\/p>\n<p><i>De 21h30 \u00e0 23h30.<\/i><\/p>\n<p><i>Gratuit.<\/i><\/p>\n<\/p><\/div>\n","protected":false},"excerpt":{"rendered":"Les artistes aux influences classiques et m&eacute;diterran&eacute;ennes, Juan Carmona et Sandrine Luigi invitent les spectateurs &agrave; danser aux rythmes de leurs guitares. Pour profiter de cette soir&eacute;e en plein air, plac&eacute;e sous le &#8230;","protected":false},"author":1,"featured_media":39504,"comment_status":"open","ping_status":"open","sticky":false,"template":"","format":"standard","meta":{"footnotes":""},"categories":[32],"tags":[1236,10,6085,34,3457,1083,63,325,2000],"news-destination":[],"news-source":[475],"is_homepage":[],"ta_other":[],"class_list":["post-39503","post","type-post","status-publish","format-standard","has-post-thumbnail","hentry","category-culture","tag-artistes","tag-bouches-du-rhone","tag-cest-lete","tag-concert","tag-flamenco","tag-gratuit","tag-martigues","tag-musique","tag-plein-air","news-source-website"],"_links":{"self":[{"href":"https:\/\/euapp01.newsmemory.com\/lamarseillaise\/news\/wp-json\/wp\/v2\/posts\/39503","targetHints":{"allow":["GET"]}}],"collection":[{"href":"https:\/\/euapp01.newsmemory.com\/lamarseillaise\/news\/wp-json\/wp\/v2\/posts"}],"about":[{"href":"https:\/\/euapp01.newsmemory.com\/lamarseillaise\/news\/wp-json\/wp\/v2\/types\/post"}],"author":[{"embeddable":true,"href":"https:\/\/euapp01.newsmemory.com\/lamarseillaise\/news\/wp-json\/wp\/v2\/users\/1"}],"replies":[{"embeddable":true,"href":"https:\/\/euapp01.newsmemory.com\/lamarseillaise\/news\/wp-json\/wp\/v2\/comments?post=39503"}],"version-history":[{"count":1,"href":"https:\/\/euapp01.newsmemory.com\/lamarseillaise\/news\/wp-json\/wp\/v2\/posts\/39503\/revisions"}],"predecessor-version":[{"id":39505,"href":"https:\/\/euapp01.newsmemory.com\/lamarseillaise\/news\/wp-json\/wp\/v2\/posts\/39503\/revisions\/39505"}],"wp:featuredmedia":[{"embeddable":true,"href":"https:\/\/euapp01.newsmemory.com\/lamarseillaise\/news\/wp-json\/wp\/v2\/media\/39504"}],"wp:attachment":[{"href":"https:\/\/euapp01.newsmemory.com\/lamarseillaise\/news\/wp-json\/wp\/v2\/media?parent=39503"}],"wp:term":[{"taxonomy":"category","embeddable":true,"href":"https:\/\/euapp01.newsmemory.com\/lamarseillaise\/news\/wp-json\/wp\/v2\/categories?post=39503"},{"taxonomy":"post_tag","embeddable":true,"href":"https:\/\/euapp01.newsmemory.com\/lamarseillaise\/news\/wp-json\/wp\/v2\/tags?post=39503"},{"taxonomy":"news-destination","embeddable":true,"href":"https:\/\/euapp01.newsmemory.com\/lamarseillaise\/news\/wp-json\/wp\/v2\/news-destination?post=39503"},{"taxonomy":"news-source","embeddable":true,"href":"https:\/\/euapp01.newsmemory.com\/lamarseillaise\/news\/wp-json\/wp\/v2\/news-source?post=39503"},{"taxonomy":"is_homepage","embeddable":true,"href":"https:\/\/euapp01.newsmemory.com\/lamarseillaise\/news\/wp-json\/wp\/v2\/is_homepage?post=39503"},{"taxonomy":"ta_other","embeddable":true,"href":"https:\/\/euapp01.newsmemory.com\/lamarseillaise\/news\/wp-json\/wp\/v2\/ta_other?post=39503"}],"curies":[{"name":"wp","href":"https:\/\/api.w.org\/{rel}","templated":true}]}}