{"id":39499,"date":"2026-08-17T08:20:00","date_gmt":"2026-08-17T06:20:00","guid":{"rendered":"https:\/\/euapp01.newsmemory.com\/lamarseillaise\/news\/?p=39499"},"modified":"2026-08-17T10:04:47","modified_gmt":"2026-08-17T08:04:47","slug":"cest-lete-degustation-de-truffes-dete-locales","status":"publish","type":"post","link":"https:\/\/euapp01.newsmemory.com\/lamarseillaise\/news\/2026\/08\/17\/cest-lete-degustation-de-truffes-dete-locales\/","title":{"rendered":"[C\u2019est l\u2019\u00e9t\u00e9] D\u00e9gustation de truffes d\u2019\u00e9t\u00e9 locales"},"content":{"rendered":"<div class=\"paragraph\">\n<p>L\u2019office du tourisme organise, dans le cadre des ap\u00e9ros comtadins, dans son espace terroir situ\u00e9 au 97\u00a0place du 25\u00a0ao\u00fbt 1944, une d\u00e9gustation prestige de truffes d\u2019\u00e9t\u00e9, cultiv\u00e9es localement par l\u2019entreprise familiale \u00ab\u00a0Le Soleil de Carpentras\u00a0\u00bb. Un rendez-vous estival qui permettra aux habitants et touristes de savourer des produits du terroir.<\/p>\n<\/p><\/div>\n<div class=\"paragraph\">\n<p><i>\u00c0 partir de 18h <\/i><\/p>\n<p><i>R\u00e9servations sur<\/i><i>\u00a0<\/i><i>: <a rel=\"nofollow noopener noreferrer\" href=\"https:\/\/reservation.ventouxprovence.fr\/\" target=\"_blank\">reservation.ventouxprovence.fr<\/a><\/i><\/p>\n<p><i>15<\/i><i>\u00a0<\/i><i>euros.<\/i><\/p>\n<\/p><\/div>\n","protected":false},"excerpt":{"rendered":"L&rsquo;office du tourisme organise, dans le cadre des ap&eacute;ros comtadins, dans son espace terroir situ&eacute; au 97&nbsp;place du 25&nbsp;ao&ucirc;t 1944, une d&eacute;gustation prestige de truffes d&rsquo;&eacute;t&eacute;, cultiv&eacute;es &#8230;","protected":false},"author":1,"featured_media":39500,"comment_status":"open","ping_status":"open","sticky":false,"template":"","format":"standard","meta":{"footnotes":""},"categories":[20],"tags":[6085,2562,2775,2563,347,6264,171],"news-destination":[],"news-source":[475],"is_homepage":[],"ta_other":[],"class_list":["post-39499","post","type-post","status-publish","format-standard","has-post-thumbnail","hentry","category-societe","tag-cest-lete","tag-degustation","tag-produits-locaux","tag-terroir","tag-tourisme","tag-truffes","tag-vaucluse","news-source-website"],"_links":{"self":[{"href":"https:\/\/euapp01.newsmemory.com\/lamarseillaise\/news\/wp-json\/wp\/v2\/posts\/39499","targetHints":{"allow":["GET"]}}],"collection":[{"href":"https:\/\/euapp01.newsmemory.com\/lamarseillaise\/news\/wp-json\/wp\/v2\/posts"}],"about":[{"href":"https:\/\/euapp01.newsmemory.com\/lamarseillaise\/news\/wp-json\/wp\/v2\/types\/post"}],"author":[{"embeddable":true,"href":"https:\/\/euapp01.newsmemory.com\/lamarseillaise\/news\/wp-json\/wp\/v2\/users\/1"}],"replies":[{"embeddable":true,"href":"https:\/\/euapp01.newsmemory.com\/lamarseillaise\/news\/wp-json\/wp\/v2\/comments?post=39499"}],"version-history":[{"count":1,"href":"https:\/\/euapp01.newsmemory.com\/lamarseillaise\/news\/wp-json\/wp\/v2\/posts\/39499\/revisions"}],"predecessor-version":[{"id":39501,"href":"https:\/\/euapp01.newsmemory.com\/lamarseillaise\/news\/wp-json\/wp\/v2\/posts\/39499\/revisions\/39501"}],"wp:featuredmedia":[{"embeddable":true,"href":"https:\/\/euapp01.newsmemory.com\/lamarseillaise\/news\/wp-json\/wp\/v2\/media\/39500"}],"wp:attachment":[{"href":"https:\/\/euapp01.newsmemory.com\/lamarseillaise\/news\/wp-json\/wp\/v2\/media?parent=39499"}],"wp:term":[{"taxonomy":"category","embeddable":true,"href":"https:\/\/euapp01.newsmemory.com\/lamarseillaise\/news\/wp-json\/wp\/v2\/categories?post=39499"},{"taxonomy":"post_tag","embeddable":true,"href":"https:\/\/euapp01.newsmemory.com\/lamarseillaise\/news\/wp-json\/wp\/v2\/tags?post=39499"},{"taxonomy":"news-destination","embeddable":true,"href":"https:\/\/euapp01.newsmemory.com\/lamarseillaise\/news\/wp-json\/wp\/v2\/news-destination?post=39499"},{"taxonomy":"news-source","embeddable":true,"href":"https:\/\/euapp01.newsmemory.com\/lamarseillaise\/news\/wp-json\/wp\/v2\/news-source?post=39499"},{"taxonomy":"is_homepage","embeddable":true,"href":"https:\/\/euapp01.newsmemory.com\/lamarseillaise\/news\/wp-json\/wp\/v2\/is_homepage?post=39499"},{"taxonomy":"ta_other","embeddable":true,"href":"https:\/\/euapp01.newsmemory.com\/lamarseillaise\/news\/wp-json\/wp\/v2\/ta_other?post=39499"}],"curies":[{"name":"wp","href":"https:\/\/api.w.org\/{rel}","templated":true}]}}