{"id":39496,"date":"2026-08-17T08:08:00","date_gmt":"2026-08-17T06:08:00","guid":{"rendered":"https:\/\/euapp01.newsmemory.com\/lamarseillaise\/news\/?p=39496"},"modified":"2026-08-22T08:28:46","modified_gmt":"2026-08-22T06:28:46","slug":"cest-lete-des-pique-niques-sur-la-digue-du-large","status":"publish","type":"post","link":"https:\/\/euapp01.newsmemory.com\/lamarseillaise\/news\/2026\/08\/17\/cest-lete-des-pique-niques-sur-la-digue-du-large\/","title":{"rendered":"[C\u2019est l\u2019\u00e9t\u00e9] Des pique-niques sur la Digue du Large"},"content":{"rendered":"<div class=\"paragraph\">\n<p>Sandwich, pique-nique. La mairie de Marseille propose cinq pique-niques sur la Digue du Large, du 26\u00a0au 30\u00a0ao\u00fbt, de 19h \u00e0 22h, dans le cadre de l\u2019\u00c9t\u00e9 marseillais.<\/p>\n<p>Les participants embarqueront gratuitement \u00e0 bord d\u2019un bateau, au d\u00e9part du Vieux-Port, pour rejoindre l\u2019ouvrage maritime. Chaque participant doit venir avec son repas. Tous les pique-niques sont complets, mais il est possible que des places se lib\u00e8rent, en cas d\u2019annulation de certains inscrits, sur le site de l\u2019Office de Tourisme de Marseille. Ferm\u00e9e depuis 25\u00a0ans, la Digue du Large est accessible depuis le 27\u00a0juin et jusqu\u2019au 5\u00a0septembre. Des visites gratuites sont propos\u00e9es tous les mercredis et samedis, de 8h30 \u00e0 10h. Au programme\u00a0: une visite comment\u00e9e de l\u2019histoire du port de Marseille, suivie d\u2019une escale sur la Digue du Large. La r\u00e9servation est \u00e9galement \u00e0 faire aupr\u00e8s de l\u2019Office de Tourisme\u00a0de Marseille.<\/p>\n<p>La Digue du Large a \u00e9t\u00e9 construite au milieu du XIX<sup>e<\/sup>\u00a0si\u00e8cle pour prot\u00e9ger le port des assauts de la mer et pour permettre aux navires de s\u2019y abriter. Elle s\u2019\u00e9tend sur pr\u00e8s de 7\u00a0kilom\u00e8tres, du Vieux-Port \u00e0 l\u2019Estaque.<\/p>\n<\/p><\/div>\n","protected":false},"excerpt":{"rendered":"Sandwich, pique-nique. La mairie de Marseille propose cinq pique-niques sur la Digue du Large, du 26&nbsp;au 30&nbsp;ao&ucirc;t, de 19h &agrave; 22h, dans le cadre de l&rsquo;&Eacute;t&eacute; marseillais.Les participants embarqueront gratuitement &#8230;","protected":false},"author":1,"featured_media":39497,"comment_status":"open","ping_status":"open","sticky":false,"template":"","format":"standard","meta":{"footnotes":""},"categories":[3926,3925,20],"tags":[10,6085,1341,1083,1308,4989,16,1662,97,1283,99,167],"news-destination":[3944],"news-source":[475],"is_homepage":[],"ta_other":[],"class_list":["post-39496","post","type-post","status-publish","format-standard","has-post-thumbnail","hentry","category-accueil-merge","category-accueil-third","category-societe","tag-bouches-du-rhone","tag-cest-lete","tag-convivialite","tag-gratuit","tag-lete-marseillais","tag-la-digue-du-large","tag-marseille","tag-office-de-tourisme","tag-patrimoine","tag-repas","tag-ville-de-marseille","tag-visites","news-destination-homepage","news-source-website"],"_links":{"self":[{"href":"https:\/\/euapp01.newsmemory.com\/lamarseillaise\/news\/wp-json\/wp\/v2\/posts\/39496","targetHints":{"allow":["GET"]}}],"collection":[{"href":"https:\/\/euapp01.newsmemory.com\/lamarseillaise\/news\/wp-json\/wp\/v2\/posts"}],"about":[{"href":"https:\/\/euapp01.newsmemory.com\/lamarseillaise\/news\/wp-json\/wp\/v2\/types\/post"}],"author":[{"embeddable":true,"href":"https:\/\/euapp01.newsmemory.com\/lamarseillaise\/news\/wp-json\/wp\/v2\/users\/1"}],"replies":[{"embeddable":true,"href":"https:\/\/euapp01.newsmemory.com\/lamarseillaise\/news\/wp-json\/wp\/v2\/comments?post=39496"}],"version-history":[{"count":1,"href":"https:\/\/euapp01.newsmemory.com\/lamarseillaise\/news\/wp-json\/wp\/v2\/posts\/39496\/revisions"}],"predecessor-version":[{"id":39498,"href":"https:\/\/euapp01.newsmemory.com\/lamarseillaise\/news\/wp-json\/wp\/v2\/posts\/39496\/revisions\/39498"}],"wp:featuredmedia":[{"embeddable":true,"href":"https:\/\/euapp01.newsmemory.com\/lamarseillaise\/news\/wp-json\/wp\/v2\/media\/39497"}],"wp:attachment":[{"href":"https:\/\/euapp01.newsmemory.com\/lamarseillaise\/news\/wp-json\/wp\/v2\/media?parent=39496"}],"wp:term":[{"taxonomy":"category","embeddable":true,"href":"https:\/\/euapp01.newsmemory.com\/lamarseillaise\/news\/wp-json\/wp\/v2\/categories?post=39496"},{"taxonomy":"post_tag","embeddable":true,"href":"https:\/\/euapp01.newsmemory.com\/lamarseillaise\/news\/wp-json\/wp\/v2\/tags?post=39496"},{"taxonomy":"news-destination","embeddable":true,"href":"https:\/\/euapp01.newsmemory.com\/lamarseillaise\/news\/wp-json\/wp\/v2\/news-destination?post=39496"},{"taxonomy":"news-source","embeddable":true,"href":"https:\/\/euapp01.newsmemory.com\/lamarseillaise\/news\/wp-json\/wp\/v2\/news-source?post=39496"},{"taxonomy":"is_homepage","embeddable":true,"href":"https:\/\/euapp01.newsmemory.com\/lamarseillaise\/news\/wp-json\/wp\/v2\/is_homepage?post=39496"},{"taxonomy":"ta_other","embeddable":true,"href":"https:\/\/euapp01.newsmemory.com\/lamarseillaise\/news\/wp-json\/wp\/v2\/ta_other?post=39496"}],"curies":[{"name":"wp","href":"https:\/\/api.w.org\/{rel}","templated":true}]}}