{"id":39493,"date":"2026-08-17T08:10:00","date_gmt":"2026-08-17T06:10:00","guid":{"rendered":"https:\/\/euapp01.newsmemory.com\/lamarseillaise\/news\/?p=39493"},"modified":"2026-08-22T09:06:50","modified_gmt":"2026-08-22T07:06:50","slug":"cest-lete-des-cabanons-pleinde-souvenirs-au-marche-dete","status":"publish","type":"post","link":"https:\/\/euapp01.newsmemory.com\/lamarseillaise\/news\/2026\/08\/17\/cest-lete-des-cabanons-pleinde-souvenirs-au-marche-dete\/","title":{"rendered":"[C\u2019est l\u2019\u00e9t\u00e9] Des cabanons plein de souvenirs, au march\u00e9 d\u2019\u00e9t\u00e9"},"content":{"rendered":"<div class=\"paragraph\">\n<p>\u00ab <i>O<\/i><i>n vend jusqu\u2019\u00e0 200<\/i><i>\u00a0<\/i><i>bracelets sur mesure par jour. C\u2019est toujours super agr\u00e9able d\u2019\u00e9changer avec les touristes, on leur donne les bons endroits o\u00f9 aller \u00e0 Marseille. On ne sent pas le temps qui passe<\/i><i>\u00a0<\/i><i>!<\/i>\u00a0\u00bb , raconte Maria, qui travaille au march\u00e9 d\u2019\u00e9t\u00e9 sur le Vieux-Port, pour aider Yohan, patron du cabanon. \u00ab<i>\u00a0<\/i><i>On a beaucoup de touristes espagnols, italiens, allemands et des \u00c9tats-Unis<\/i>\u00a0\u00bb, ajoute-t-elle. Le march\u00e9 sur le Vieux-Port est un lieu o\u00f9 se croisent touristes fran\u00e7ais, visiteurs \u00e9trangers et Marseillais. Ils viennent pour acheter un souvenir ou faire passer le temps avant de prendre un bateau ou le bus.<\/p>\n<p>\u00c0 la droite de l\u2019ombri\u00e8re, une trentaine de cabanons blancs se succ\u00e8dent, composant une all\u00e9e. \u00ab\u00a0<i>Notre stand est magnifique, je suis contente que les gens viennent go\u00fbter la vraie panisse du cabanon de l\u2019Estaque. Les soirs de week-end, je fais aussi des chichis<\/i><i>\u00a0<\/i><i>!<\/i>\u00a0\u00bb, explique Sandrine, qui remplace sa fille Elma qui d\u2019habitude tient le stand. Elles proposent aussi des sandwichs \u00ab\u00a0<i>avec des produits locaux<\/i>\u00a0\u00bb et \u00ab\u00a0<i>l\u2019a\u00efoli de m\u00e9m\u00e9 Jolie<\/i>\u00a0\u00bb, la m\u00e8re de Sandrine.<\/p>\n<\/p><\/div>\n<div class=\"intext\"> Des produits locaux\n              <\/div>\n<div class=\"paragraph\">\n<p>Jos\u00e9 est venu de la capitale espagnole avec ses deux fils et sa femme pour visiter la ville. \u00ab\u00a0<i>Il fallait qu\u2019on ach\u00e8te du savon de Marseille avant de partir, c\u2019est important de soutenir les producteurs locaux et puis \u00e7a fait plaisir \u00e0 ma femme, c\u2019est tout ce qui compte<\/i><i>\u00a0<\/i><i>!<\/i>\u00a0\u00bb, dit-il en rigolant. Il vient de quitter le cabanon de St\u00e9phane et Sandrine qui vendent des savons de Marseille, \u00ab\u00a0<i>fabriqu\u00e9 par une petite entreprise familiale<\/i>\u00a0\u00bb. Ils sont pr\u00e9sents sur le vieux port depuis\u00a02009. \u00ab\u00a0<i>On a encore des clients \u00e9trangers,<\/i> <i>mais depuis que le lieu d\u2019accostage des bateaux de croisi\u00e8re a chang\u00e9, on en a perdu beaucoup<\/i><i>\u00a0<\/i>\u00bb, glisse Sandrine.<\/p>\n<p>\u00ab\u00a0<i>C\u2019est mon troisi\u00e8me \u00e9t\u00e9 ici,<\/i> o<i>n se conna\u00eet pratiquement tous entre commer\u00e7ants, il y a une bonne ambiance, c\u2019est agr\u00e9able<\/i>\u00a0\u00bb, dit Vanya en souriant. Elle propose des bracelets, boucles d\u2019oreilles et \u00ab\u00a0<i>je fais moi-m\u00eame des v\u00eatements color\u00e9s pour l\u2019\u00e9t\u00e9<\/i><i>\u00a0<\/i><i>\u00bb<\/i>. Deux petites filles lui ach\u00e8tent des bracelets. L\u2019une d\u2019entre elles en choisit un avec un poisson qu\u2019elle enfile directement au poignet et s\u2019en va le sourire aux l\u00e8vres.<\/p>\n<p><b>Gabrielle Cartellier<\/b><\/p>\n<\/p><\/div>\n","protected":false},"excerpt":{"rendered":"&laquo; On vend jusqu&rsquo;&agrave; 200&nbsp;bracelets sur mesure par jour. C&rsquo;est toujours super agr&eacute;able d&rsquo;&eacute;changer avec les touristes, on leur donne les bons endroits o&ugrave; aller &agrave; Marseille. On ne sent pas le &#8230;","protected":false},"author":1,"featured_media":39494,"comment_status":"open","ping_status":"open","sticky":false,"template":"","format":"standard","meta":{"footnotes":""},"categories":[3926,3925,20],"tags":[4299,10,6085,177,336,5969,16,2775,3200,2915,159,1361,935],"news-destination":[3944],"news-source":[475],"is_homepage":[],"ta_other":[],"class_list":["post-39493","post","type-post","status-publish","format-standard","has-post-thumbnail","hentry","category-accueil-merge","category-accueil-third","category-societe","tag-bijoux","tag-bouches-du-rhone","tag-cest-lete","tag-commercants","tag-ete","tag-gouter","tag-marseille","tag-produits-locaux","tag-savon-de-marseille","tag-souvenirs","tag-touristes","tag-vacances","tag-vieux-port","news-destination-homepage","news-source-website"],"_links":{"self":[{"href":"https:\/\/euapp01.newsmemory.com\/lamarseillaise\/news\/wp-json\/wp\/v2\/posts\/39493","targetHints":{"allow":["GET"]}}],"collection":[{"href":"https:\/\/euapp01.newsmemory.com\/lamarseillaise\/news\/wp-json\/wp\/v2\/posts"}],"about":[{"href":"https:\/\/euapp01.newsmemory.com\/lamarseillaise\/news\/wp-json\/wp\/v2\/types\/post"}],"author":[{"embeddable":true,"href":"https:\/\/euapp01.newsmemory.com\/lamarseillaise\/news\/wp-json\/wp\/v2\/users\/1"}],"replies":[{"embeddable":true,"href":"https:\/\/euapp01.newsmemory.com\/lamarseillaise\/news\/wp-json\/wp\/v2\/comments?post=39493"}],"version-history":[{"count":2,"href":"https:\/\/euapp01.newsmemory.com\/lamarseillaise\/news\/wp-json\/wp\/v2\/posts\/39493\/revisions"}],"predecessor-version":[{"id":39502,"href":"https:\/\/euapp01.newsmemory.com\/lamarseillaise\/news\/wp-json\/wp\/v2\/posts\/39493\/revisions\/39502"}],"wp:featuredmedia":[{"embeddable":true,"href":"https:\/\/euapp01.newsmemory.com\/lamarseillaise\/news\/wp-json\/wp\/v2\/media\/39494"}],"wp:attachment":[{"href":"https:\/\/euapp01.newsmemory.com\/lamarseillaise\/news\/wp-json\/wp\/v2\/media?parent=39493"}],"wp:term":[{"taxonomy":"category","embeddable":true,"href":"https:\/\/euapp01.newsmemory.com\/lamarseillaise\/news\/wp-json\/wp\/v2\/categories?post=39493"},{"taxonomy":"post_tag","embeddable":true,"href":"https:\/\/euapp01.newsmemory.com\/lamarseillaise\/news\/wp-json\/wp\/v2\/tags?post=39493"},{"taxonomy":"news-destination","embeddable":true,"href":"https:\/\/euapp01.newsmemory.com\/lamarseillaise\/news\/wp-json\/wp\/v2\/news-destination?post=39493"},{"taxonomy":"news-source","embeddable":true,"href":"https:\/\/euapp01.newsmemory.com\/lamarseillaise\/news\/wp-json\/wp\/v2\/news-source?post=39493"},{"taxonomy":"is_homepage","embeddable":true,"href":"https:\/\/euapp01.newsmemory.com\/lamarseillaise\/news\/wp-json\/wp\/v2\/is_homepage?post=39493"},{"taxonomy":"ta_other","embeddable":true,"href":"https:\/\/euapp01.newsmemory.com\/lamarseillaise\/news\/wp-json\/wp\/v2\/ta_other?post=39493"}],"curies":[{"name":"wp","href":"https:\/\/api.w.org\/{rel}","templated":true}]}}