{"id":39487,"date":"2026-08-17T07:49:00","date_gmt":"2026-08-17T05:49:00","guid":{"rendered":"https:\/\/euapp01.newsmemory.com\/lamarseillaise\/news\/?p=39487"},"modified":"2026-08-22T08:12:58","modified_gmt":"2026-08-22T06:12:58","slug":"entretien-audrey-garino-cest-a-letat-de-prendre-ses-responsabilites","status":"publish","type":"post","link":"https:\/\/euapp01.newsmemory.com\/lamarseillaise\/news\/2026\/08\/17\/entretien-audrey-garino-cest-a-letat-de-prendre-ses-responsabilites\/","title":{"rendered":"[Entretien] Audrey Garino : \u00ab&nbsp;C\u2019est \u00e0 l\u2019\u00c9tat de prendre ses responsabilit\u00e9s&nbsp;\u00bb"},"content":{"rendered":"<div class=\"paragraph\">\n<p>Pas question pour l\u2019\u00e9lue communiste de c\u00e9der aux instructions pr\u00e9fectorales. L\u2019\u00e9lue r\u00e9affirme son soutien aux associations et le r\u00f4le de la Ville aux c\u00f4t\u00e9s des plus pr\u00e9caires.<\/p>\n<p>La Marseillaise : <b>Comment avez-vous r\u00e9agi \u00e0 la prise de position des associations fin juillet<\/b><b>\u00a0<\/b><b>?<\/b><\/p>\n<p>Audrey Garino\u00a0: En fait, il y a deux nouvelles\u00a0: la r\u00e9duction des budgets et les sorties dites s\u00e8ches. Sur la premi\u00e8re, cela fait un moment qu\u2019on le sait et qu\u2019on alerte, qu\u2019on \u00e9change avec les services de l\u2019\u00c9tat, parce qu\u2019on a constat\u00e9 ces derni\u00e8res ann\u00e9es que le nombre de places disponibles r\u00e9tr\u00e9cissait au d\u00e9triment des besoins et que des crit\u00e8res de vuln\u00e9rabilit\u00e9 pour prioriser les entr\u00e9es \u00e9taient \u00e9tablis sans que nous n\u2019en ayons compl\u00e8tement la connaissance ou la mesure, en tout cas. Nous avons rappel\u00e9 nos exigences, notamment le fait qu\u2019il faut trouver des solutions imm\u00e9diates, singuli\u00e8rement pour les femmes \u00e0 la rue dont le nombre est en augmentation d\u2019environ\u00a030%. \u00c0 Marseille, selon le d\u00e9compte de la Nuit de la solidarit\u00e9, 15\u00a0000\u00a0\u00e0 16\u00a0000\u00a0personnes sont sans-abri.<\/p>\n<p><b>Et sur cette volont\u00e9 de remettre les personnes h\u00e9berg\u00e9es \u00e0 la rue<\/b><b>\u00a0<\/b><b>?<\/b><\/p>\n<p>A.G.\u00a0: D\u2019abord, il n\u2019y a plus de rotation. On a compris que la fermeture des places d\u2019h\u00f4tel n\u2019\u00e9tait pas compens\u00e9e. Les r\u00e9orientations ont aussi \u00e9t\u00e9 faites dans les lieux plus p\u00e9rennes, lieux que la Ville de Marseille a contribu\u00e9 \u00e0 ouvrir, soit 15\u00a0sites en partenariat avec l\u2019\u00c9tat. <a href=\"https:\/\/www.lamarseillaise.fr\/societe\/les-acteurs-de-l-hebergement-d-urgence-disent-non-a-l-etat-dans-les-bouches-du-rhone-MB20560480\">Et l\u00e0, on a appris au c\u0153ur de l\u2019\u00e9t\u00e9, la volont\u00e9, pour la premi\u00e8re fois, qu\u2019il y ait des sorties s\u00e8ches, c\u2019est-\u00e0-dire des fins de prise en charge sans proposition.<\/a> <a href=\"https:\/\/www.lamarseillaise.fr\/societe\/hebergement-d-urgence-les-associations-refusent-de-trier-AC20552200\">Le maire a \u00e9crit au Premier ministre parce que c\u2019est pour nous une ligne rouge franchie.<\/a> Nous sommes un des acteurs de l\u2019h\u00e9bergement d\u2019urgence, au m\u00eame titre que les associations. Nous mettons des budgets, nous travaillons, nous avons des \u00e9quipes d\u00e9di\u00e9es, des b\u00e2timents. Cette information, on ne peut pas l\u2019apprendre par la presse. Et de deux, elle est parfaitement inacceptable, puisqu\u2019elle remet en cause le principe de continuit\u00e9 de prise en charge.<\/p>\n<p><b>Est-ce que la Ville peut compenser<\/b><b>\u00a0<\/b><b>?<\/b><\/p>\n<p>A.G.\u00a0: On apporte d\u00e9j\u00e0 beaucoup, m\u00eame si l\u2019h\u00e9bergement d\u2019urgence est une comp\u00e9tence exclusive de l\u2019\u00c9tat. Il y a aussi le D\u00e9partement pour les publics dont il a la charge, notamment les enfants de moins de 3\u00a0ans et leur m\u00e8re. La Ville, depuis 6\u00a0ans, a un budget de 2\u00a0millions d\u2019euros par an allou\u00e9 \u00e0 l\u2019h\u00e9bergement d\u2019urgence, autant pour financer des structures que des associations. Nous avons ouvert des centres dans des b\u00e2timents municipaux, des douches municipales. Pour m\u00e9moire, la Ville finance seule son Samu social, c\u2019est la seule en France \u00e0 le faire, une d\u00e9pense annuelle de 4\u00a0millions d\u2019euros. Nous continuerons, nous serons toujours une partie de la solution. Mais nous ne pouvons pas accepter que celles et ceux qui en ont la responsabilit\u00e9 directe, soient en recul, alors m\u00eame que les besoins ne sont d\u00e9j\u00e0 pas couverts. C\u2019est aussi \u00e0 l\u2019\u00c9tat de prendre ses responsabilit\u00e9s. Et au D\u00e9partement, dont je rappelle qu\u2019il a \u00e9t\u00e9 condamn\u00e9 r\u00e9guli\u00e8rement pour d\u00e9faut de prise en charge de ses publics et que l\u2019\u00c9tat vient en substitution.<\/p>\n<p><b>Comment sortir de ce statu quo<\/b><b>\u00a0<\/b><b>?<\/b><\/p>\n<p>A.G.\u00a0: On attend la r\u00e9ponse du gouvernement. La Ville sera toujours un partenaire sur ces questions mais en posant des pr\u00e9alables. Et ils sont connus\u00a0: pas d\u2019expulsion sans proposition de mise \u00e0 l\u2019abri, une mise \u00e0 l\u2019abri de l\u2019ensemble des publics vuln\u00e9rables et pas de rupture de prise en charge. En attendant, je tiens vraiment \u00e0 saluer la r\u00e9action et l\u2019engagement des op\u00e9rateurs de l\u2019h\u00e9bergement d\u2019urgence. Une position digne dans un contexte politique difficile et un contexte budg\u00e9taire tout aussi compliqu\u00e9, qu\u2019on ne nie pas. Mais il y a des priorit\u00e9s. On ne peut pas consid\u00e9rer que l\u2019h\u00e9bergement d\u2019urgence et la lutte contre l\u2019exclusion sont des sources d\u2019\u00e9conomie, surtout dans la situation dans laquelle se trouvent notre pays et notre ville.<\/p>\n<\/p><\/div>\n<div class=\"paragraph\">\n<p>Lire aussi \u00ab<a href=\"https:\/\/www.lamarseillaise.fr\/societe\/le-115-un-dispositif-diffus-et-nettement-insuffisant-KO20593687\"> Le 115, un dispositif diffus et nettement insuffisant <\/a>\u00bb<\/p>\n<\/p><\/div>\n","protected":false},"excerpt":{"rendered":"Pas question pour l&rsquo;&eacute;lue communiste de c&eacute;der aux instructions pr&eacute;fectorales. L&rsquo;&eacute;lue r&eacute;affirme son soutien aux associations et le r&ocirc;le de la Ville aux c&ocirc;t&eacute;s des plus pr&eacute;caires.","protected":false},"author":1,"featured_media":39488,"comment_status":"open","ping_status":"open","sticky":false,"template":"","format":"standard","meta":{"footnotes":""},"categories":[3926,3925,330,20],"tags":[138,855,1703,10,6263,57,343,528,3626,596,16,3066,185,1131,576,2471,1571,99],"news-destination":[3944],"news-source":[475],"is_homepage":[],"ta_other":[],"class_list":["post-39487","post","type-post","status-publish","format-standard","has-post-thumbnail","hentry","category-accueil-merge","category-accueil-third","category-politique","category-societe","tag-associations","tag-audrey-garino","tag-augmentation","tag-bouches-du-rhone","tag-douches-municipales","tag-enfants","tag-entretien","tag-gouvernement","tag-hebergement-durgence","tag-logement","tag-marseille","tag-nuit-de-la-solidarite","tag-precaires","tag-prefecture","tag-premier-ministre","tag-prise-en-charge","tag-samu-social","tag-ville-de-marseille","news-destination-homepage","news-source-website"],"_links":{"self":[{"href":"https:\/\/euapp01.newsmemory.com\/lamarseillaise\/news\/wp-json\/wp\/v2\/posts\/39487","targetHints":{"allow":["GET"]}}],"collection":[{"href":"https:\/\/euapp01.newsmemory.com\/lamarseillaise\/news\/wp-json\/wp\/v2\/posts"}],"about":[{"href":"https:\/\/euapp01.newsmemory.com\/lamarseillaise\/news\/wp-json\/wp\/v2\/types\/post"}],"author":[{"embeddable":true,"href":"https:\/\/euapp01.newsmemory.com\/lamarseillaise\/news\/wp-json\/wp\/v2\/users\/1"}],"replies":[{"embeddable":true,"href":"https:\/\/euapp01.newsmemory.com\/lamarseillaise\/news\/wp-json\/wp\/v2\/comments?post=39487"}],"version-history":[{"count":1,"href":"https:\/\/euapp01.newsmemory.com\/lamarseillaise\/news\/wp-json\/wp\/v2\/posts\/39487\/revisions"}],"predecessor-version":[{"id":39489,"href":"https:\/\/euapp01.newsmemory.com\/lamarseillaise\/news\/wp-json\/wp\/v2\/posts\/39487\/revisions\/39489"}],"wp:featuredmedia":[{"embeddable":true,"href":"https:\/\/euapp01.newsmemory.com\/lamarseillaise\/news\/wp-json\/wp\/v2\/media\/39488"}],"wp:attachment":[{"href":"https:\/\/euapp01.newsmemory.com\/lamarseillaise\/news\/wp-json\/wp\/v2\/media?parent=39487"}],"wp:term":[{"taxonomy":"category","embeddable":true,"href":"https:\/\/euapp01.newsmemory.com\/lamarseillaise\/news\/wp-json\/wp\/v2\/categories?post=39487"},{"taxonomy":"post_tag","embeddable":true,"href":"https:\/\/euapp01.newsmemory.com\/lamarseillaise\/news\/wp-json\/wp\/v2\/tags?post=39487"},{"taxonomy":"news-destination","embeddable":true,"href":"https:\/\/euapp01.newsmemory.com\/lamarseillaise\/news\/wp-json\/wp\/v2\/news-destination?post=39487"},{"taxonomy":"news-source","embeddable":true,"href":"https:\/\/euapp01.newsmemory.com\/lamarseillaise\/news\/wp-json\/wp\/v2\/news-source?post=39487"},{"taxonomy":"is_homepage","embeddable":true,"href":"https:\/\/euapp01.newsmemory.com\/lamarseillaise\/news\/wp-json\/wp\/v2\/is_homepage?post=39487"},{"taxonomy":"ta_other","embeddable":true,"href":"https:\/\/euapp01.newsmemory.com\/lamarseillaise\/news\/wp-json\/wp\/v2\/ta_other?post=39487"}],"curies":[{"name":"wp","href":"https:\/\/api.w.org\/{rel}","templated":true}]}}