{"id":39484,"date":"2026-08-17T07:40:00","date_gmt":"2026-08-17T05:40:00","guid":{"rendered":"https:\/\/euapp01.newsmemory.com\/lamarseillaise\/news\/?p=39484"},"modified":"2026-08-17T10:04:47","modified_gmt":"2026-08-17T08:04:47","slug":"le-115-un-dispositif-diffus-et-nettement-insuffisant","status":"publish","type":"post","link":"https:\/\/euapp01.newsmemory.com\/lamarseillaise\/news\/2026\/08\/17\/le-115-un-dispositif-diffus-et-nettement-insuffisant\/","title":{"rendered":"Le 115, un dispositif diffus et nettement insuffisant"},"content":{"rendered":"<div class=\"paragraph\">\n<p>Centre d\u2019h\u00e9bergement d\u2019urgence (CHU), centre d\u2019h\u00e9bergement et de r\u00e9insertion sociale (CHRS), nuit\u00e9es d\u2019h\u00f4tel&#8230; Le\u00a0115 dispose de tout un panel de \u00ab\u00a0solutions\u00a0\u00bb temporaires pour r\u00e9pondre aux demandes des personnes \u00e0 la rue. Un parc compos\u00e9 en r\u00e9gion au 31\u00a0d\u00e9cembre 2024 de 11\u00a0048\u00a0places dont 4\u00a0902\u00a0en CHRS, 3\u00a0882\u00a0en CHU et 2\u00a0264\u00a0en h\u00f4tel note dans son dernier bilan, de novembre\u00a02025, la Dreets (Direction r\u00e9gionale de l\u2019\u00e9conomie, de l\u2019emploi, du travail et des solidarit\u00e9s) Paca.<\/p>\n<p>La variable d\u2019ajustement restant le nombre de nuit\u00e9es \u00e0 l\u2019h\u00f4tel indique-t-elle car elles sont \u00ab\u00a0<i>plus facilement mobilisables<\/i><i>\u00a0<\/i>\u00bb m\u00eame si \u00ab\u00a0<i>moins satisfaisantes en termes d\u2019accueil et d\u2019accompagnement<\/i><i>\u00a0<\/i>\u00bb et sont \u00ab\u00a0<i>souvent plus co\u00fbteuses<\/i><i>\u00a0<\/i>\u00bb. Entre\u00a02023 et\u00a02024, les services de l\u2019\u00c9tat ont ainsi transform\u00e9 400\u00a0places d\u2019h\u00f4tel en place de CHU p\u00e9rennes avec un accompagnement social affirme la Dreets.<\/p>\n<\/p><\/div>\n<div class=\"intext\"> Une personne sur\u00a05 appelle le\u00a0115\n              <\/div>\n<div class=\"paragraph\">\n<p>Reste des besoins immenses. D\u2019abord parce que seulement une personne \u00e0 la rue sur\u00a05 appelle le\u00a0115 selon le SIAO\u00a013, plateforme en charge de la gestion de l\u2019h\u00e9bergement d\u2019urgence. Dans un d\u00e9partement qui affiche 20% de taux de pauvret\u00e9, selon l\u2019Insee, entre 5\u00a0000\u00a0et 9\u00a0000\u00a0demandes sont recens\u00e9es par le SIAO\u00a013, plus de 4\u00a0000\u00a0demandes \u00e9tant toujours en attente d\u2019orientation.<\/p>\n<p>Sur la nationalit\u00e9 de ces personnes, \u00ab\u00a0<i>les donn\u00e9es recueillies aupr\u00e8s des SIAO sont tr\u00e8s sous-estim\u00e9es et peu exploitables<\/i><i>\u00a0<\/i>\u00bb consid\u00e8re la Dreets Paca, pr\u00e9cisant que cette information \u00ab\u00a0<i>n\u2019est renseign\u00e9e que pour 55% des personnes, tandis que le statut administratif ne l\u2019est que pour 34%<\/i>\u00a0\u00bb en raison notamment de \u00ab<i>\u00a0<\/i><i>l\u2019absence de saisie d\u2019une donn\u00e9e non obligatoire par les gestionnaires et les \u00e9coutants<\/i><i>\u00a0<\/i><i>115, non-ma\u00eetrise de la langue, refus de l\u2019usager d\u2019exprimer son origine ou son statut administratif, etc.<\/i><i>\u00a0<\/i>\u00bb<\/p>\n<p>Selon la Dreets Paca, 26% des personnes ayant sollicit\u00e9 le\u00a0115 en\u00a02023 seraient d\u2019origine fran\u00e7aise, 30% d\u2019origine \u00e9trang\u00e8re, 3% seraient des demandeurs d\u2019asile et 2% seraient b\u00e9n\u00e9ficiaires de la protection internationale ou r\u00e9fugi\u00e9s. Et d\u2019ajouter que \u00ab\u00a0<i>toutefois, le<\/i><i>\u00a0<\/i><i>115 n\u2019est pas destin\u00e9 \u00e0 l\u2019h\u00e9bergement de ce public, puisqu\u2019il existe des structures sp\u00e9cialement d\u00e9di\u00e9es comme les Cada (Centres d\u2019accueil pour les demandeurs d\u2019asile)<\/i>\u00a0\u00bb. Seize de ses structures sont implant\u00e9es dans les Bouches-du-Rh\u00f4ne, bas\u00e9es en grande partie \u00e0 Marseille mais aussi \u00e0 Arles, Aubagne, Miramas et Salon-de-Provence.<\/p>\n<\/p><\/div>\n","protected":false},"excerpt":{"rendered":"Centre d&rsquo;h&eacute;bergement d&rsquo;urgence (CHU), centre d&rsquo;h&eacute;bergement et de r&eacute;insertion sociale (CHRS), nuit&eacute;es d&rsquo;h&ocirc;tel&#8230; Le&nbsp;115 dispose de tout un panel de &laquo;&nbsp;solutions&nbsp;&raquo; &#8230;","protected":false},"author":1,"featured_media":39485,"comment_status":"open","ping_status":"open","sticky":false,"template":"","format":"standard","meta":{"footnotes":""},"categories":[20],"tags":[964,723,3626,596,5921,1281,222,2292],"news-destination":[],"news-source":[475],"is_homepage":[],"ta_other":[],"class_list":["post-39484","post","type-post","status-publish","format-standard","has-post-thumbnail","hentry","category-societe","tag-accompagnement","tag-bilan","tag-hebergement-durgence","tag-logement","tag-manque-de-places","tag-pauvrete","tag-region-sud-paca","tag-reinsertion","news-source-website"],"_links":{"self":[{"href":"https:\/\/euapp01.newsmemory.com\/lamarseillaise\/news\/wp-json\/wp\/v2\/posts\/39484","targetHints":{"allow":["GET"]}}],"collection":[{"href":"https:\/\/euapp01.newsmemory.com\/lamarseillaise\/news\/wp-json\/wp\/v2\/posts"}],"about":[{"href":"https:\/\/euapp01.newsmemory.com\/lamarseillaise\/news\/wp-json\/wp\/v2\/types\/post"}],"author":[{"embeddable":true,"href":"https:\/\/euapp01.newsmemory.com\/lamarseillaise\/news\/wp-json\/wp\/v2\/users\/1"}],"replies":[{"embeddable":true,"href":"https:\/\/euapp01.newsmemory.com\/lamarseillaise\/news\/wp-json\/wp\/v2\/comments?post=39484"}],"version-history":[{"count":1,"href":"https:\/\/euapp01.newsmemory.com\/lamarseillaise\/news\/wp-json\/wp\/v2\/posts\/39484\/revisions"}],"predecessor-version":[{"id":39486,"href":"https:\/\/euapp01.newsmemory.com\/lamarseillaise\/news\/wp-json\/wp\/v2\/posts\/39484\/revisions\/39486"}],"wp:featuredmedia":[{"embeddable":true,"href":"https:\/\/euapp01.newsmemory.com\/lamarseillaise\/news\/wp-json\/wp\/v2\/media\/39485"}],"wp:attachment":[{"href":"https:\/\/euapp01.newsmemory.com\/lamarseillaise\/news\/wp-json\/wp\/v2\/media?parent=39484"}],"wp:term":[{"taxonomy":"category","embeddable":true,"href":"https:\/\/euapp01.newsmemory.com\/lamarseillaise\/news\/wp-json\/wp\/v2\/categories?post=39484"},{"taxonomy":"post_tag","embeddable":true,"href":"https:\/\/euapp01.newsmemory.com\/lamarseillaise\/news\/wp-json\/wp\/v2\/tags?post=39484"},{"taxonomy":"news-destination","embeddable":true,"href":"https:\/\/euapp01.newsmemory.com\/lamarseillaise\/news\/wp-json\/wp\/v2\/news-destination?post=39484"},{"taxonomy":"news-source","embeddable":true,"href":"https:\/\/euapp01.newsmemory.com\/lamarseillaise\/news\/wp-json\/wp\/v2\/news-source?post=39484"},{"taxonomy":"is_homepage","embeddable":true,"href":"https:\/\/euapp01.newsmemory.com\/lamarseillaise\/news\/wp-json\/wp\/v2\/is_homepage?post=39484"},{"taxonomy":"ta_other","embeddable":true,"href":"https:\/\/euapp01.newsmemory.com\/lamarseillaise\/news\/wp-json\/wp\/v2\/ta_other?post=39484"}],"curies":[{"name":"wp","href":"https:\/\/api.w.org\/{rel}","templated":true}]}}