{"id":39481,"date":"2026-08-17T07:37:00","date_gmt":"2026-08-17T05:37:00","guid":{"rendered":"https:\/\/euapp01.newsmemory.com\/lamarseillaise\/news\/?p=39481"},"modified":"2026-08-22T08:24:34","modified_gmt":"2026-08-22T06:24:34","slug":"quand-le-prefet-des-bouches-du-rhone-veut-mettre-a-la-rue-des-demandeurs-dasile","status":"publish","type":"post","link":"https:\/\/euapp01.newsmemory.com\/lamarseillaise\/news\/2026\/08\/17\/quand-le-prefet-des-bouches-du-rhone-veut-mettre-a-la-rue-des-demandeurs-dasile\/","title":{"rendered":"Quand le pr\u00e9fet des bouches-du-Rh\u00f4ne veut mettre \u00e0 la rue des demandeurs d\u2019asile"},"content":{"rendered":"<div class=\"paragraph\">\n<p>Le pr\u00e9fet demandait vendredi 14\u00a0ao\u00fbt au juge des r\u00e9f\u00e9r\u00e9s du tribunal administratif d\u2019enjoindre des \u00e9trangers ayant perdu leur droit \u00e0 un h\u00e9bergement dans un centre d\u2019accueil pour demandeurs d\u2019asile (Cada) d\u2019\u00e9vacuer les lieux, ce qui revient pour des familles \u00e0 des mises \u00e0 la rue s\u00e8che.<\/p>\n<p>Pour ces audiences, la Pr\u00e9fecture n\u2019envoie m\u00eame pas de repr\u00e9sentant \u00e0 la barre du tribunal \u00e0 la Joliette, \u00e0 Marseille. Ses conclusions sont exp\u00e9di\u00e9es par mail au juge. \u00c0 l\u2019appel du dossier d\u2019Helena, h\u00e9berg\u00e9e dans un logement de la cit\u00e9 d\u2019Air Bel, son avocate Juliette Grebaut interpelle le magistrat sur l\u2019argumentaire du Pr\u00e9fet qui invoque la saturation des dispositifs d\u2019asile dans les Bouches-du-Rh\u00f4ne. Aucun document n\u2019est fourni par la Pr\u00e9fecture \u00e0 l\u2019appui de cette affirmation suivant laquelle, en mars et selon une statistique de l\u2019OFI, 152\u00a0demandeurs seraient en attente d\u2019h\u00e9bergement. \u00ab\u00a0<i>Il est impossible d\u2019en v\u00e9rifier l\u2019authenticit\u00e9. Je n\u2019ai pas \u00e0 pallier l\u2019absence probatoire du pr\u00e9fet qui ne se donne m\u00eame plus la peine d\u2019\u00e9tayer ses arguments avec des pi\u00e8ces justificatives. Vous lui rappellerez la r\u00e8gle du contradictoire<\/i><i>\u00a0<\/i>\u00bb demande avec vigueur l\u2019avocate.<\/p>\n<p>Sa cliente est une m\u00e8re isol\u00e9e avec un enfant de 6\u00a0ans et une fille de 18\u00a0ans astreinte \u00e0 une prise en charge m\u00e9dicale. \u00ab\u00a0<i>Cette m\u00e8re est en situation r\u00e9guli\u00e8re depuis mars<\/i><i>\u00a0<\/i><i>2024. Elle travaille \u00e0 temps partiel. Elle justifie de ses attaches en France. Elle n\u2019a eu aucune proposition d\u2019h\u00e9bergement donc vous rejetterez la requ\u00eate du pr\u00e9fet.<\/i><i>\u00a0<\/i>\u00bb<\/p>\n<\/p><\/div>\n<div class=\"intext\"> \u00ab\u00a0Allez courage\u00a0!\u00a0\u00bb\n              <\/div>\n<div class=\"paragraph\">\n<p>La proc\u00e9dure suivante est vite examin\u00e9e. \u00ab\u00a0<i>La famille a quitt\u00e9 le logement qu\u2019elle occupait \u00e0 Salon de Provence. Cette famille a pu \u00eatre orient\u00e9e vers un centre d\u2019h\u00e9bergement<\/i><i>\u00a0<\/i>\u00bb explique M<sup>e<\/sup>\u00a0Grebaut qui demande au juge de prononcer un non-lieu.<\/p>\n<p>Le cas de Blessing, que le pr\u00e9fet veut sortir d\u2019un logement de la rue Stanislas Torrent, interpelle. \u00ab<i>\u00a0<\/i><i>Elle est d\u00e9bout\u00e9e d\u2019asile depuis 4<\/i><i>\u00a0<\/i><i>ans et on vous saisit maintenant<\/i><i>\u00a0<\/i><i>? L\u2019absence d\u2019urgence est patente<\/i>\u00a0\u00bb souligne son avocate qui rappelle qu\u2019elle conteste en r\u00e9f\u00e9r\u00e9 l\u2019arr\u00eat\u00e9 de refus de renouvellement de son titre de s\u00e9jour. La jeune femme est arriv\u00e9e mineure il y a 9\u00a0ans en France. Elle a \u00e9t\u00e9 r\u00e9gularis\u00e9e avec son enfant malade. L\u2019avocate plaide les circonstances exceptionnelles devant la densit\u00e9 et la complexit\u00e9 de l\u2019\u00e9tat de sant\u00e9 de sa fille de 7\u00a0ans, n\u00e9e pr\u00e9matur\u00e9e. \u00ab\u00a0<i>Une expulsion avec mise \u00e0 la rue rendra impossible le suivi m\u00e9dical de l\u2019enfant. Elle n\u2019a pas vocation \u00e0 rester toute sa vie dans un Cada. Donnez-lui des d\u00e9lais cons\u00e9quents pour quitter les lieux. Elle ne fait pas la fine bouche. L\u2019envoyer \u00e0 la Roque d\u2019Anth\u00e9ron n\u2019aurait pas de sens, sa proximit\u00e9 avec le syst\u00e8me de soin est n\u00e9cessaire.<\/i>\u00a0\u00bb<\/p>\n<p>Comment chasser de son logis Kadiatou et ses enfants du 32\u00a0rue de Crim\u00e9e\u00a0? M<sup>e<\/sup>\u00a0Julie Grebaut insiste sur \u00ab\u00a0<i>la vuln\u00e9rabilit\u00e9 de cette m\u00e8re isol\u00e9e avec deux enfants de 1<\/i><i>\u00a0<\/i><i>an et 2<\/i><i>\u00a0<\/i><i>ans. Le papa qui ne s\u2019investit pas n\u2019est m\u00eame pas \u00e0 Marseille. Elle est proactive dans ses d\u00e9marches de renouvellement. Elle frappe \u00e0 toutes les portes<\/i><i>\u00a0<\/i>\u00bb. L\u2019avocate demande a minima un sursis \u00e0 ex\u00e9cution d\u2019une expulsion \u00e0 l\u2019initiative d\u2019un \u00ab\u00a0<i>pr\u00e9fet qui ne saurait se d\u00e9faire de sa responsabilit\u00e9 sur le D\u00e9partement dans le manque de places d\u2019h\u00e9bergement<\/i>\u00a0\u00bb.<\/p>\n<p>Cinqui\u00e8me dossier avec Mariam dont les accompagnantes du Cada soulignent la fragilit\u00e9 psychologique de cette m\u00e8re isol\u00e9e de 20\u00a0ans avec un enfant d\u2019un an. \u00ab\u00a0<i>Une mise \u00e0 la rue aurait des cons\u00e9quences disproportionn\u00e9es pour elle et son enfant<\/i><i>\u00a0<\/i>\u00bb argumente M<sup>e<\/sup>\u00a0Grebaut qui demande un sursis jusqu\u2019\u00e0 son orientation vers une structure.<\/p>\n<p>A\u00efcha, 22\u00a0ans et Aboubakar, 27\u00a0ans, d\u00e9barquent de Miramas en train en poussant le landau du b\u00e9b\u00e9 de 18\u00a0mois au pied du juge. La m\u00e8re enceinte est \u00e9puis\u00e9e et peine \u00e0 se lever. Ayant un refus d\u2019asile, le pr\u00e9fet veut les expulser de ce Cada \u00e9loign\u00e9 o\u00f9 ils sont depuis janvier\u00a02025. Leur avocate n\u2019est pas l\u00e0. \u00ab\u00a0<i>Y a pas de traducteur<\/i><i>\u00a0<\/i><i>?<\/i>\u00a0\u00bb demande A\u00efcha. \u00ab\u00a0<i>Non, ce n\u2019est pas pr\u00e9vu, mais vous n\u2019\u00eates pas oblig\u00e9e de parler. J\u2019ai lu le m\u00e9moire de votre avocate<\/i><i>\u00a0<\/i>\u00bb dit le juge. \u00ab\u00a0<i>On tape beaucoup de portes. On appelle le 115 pour nous aider, mais y a rien. Je suis malade et enceinte de 6<\/i><i>\u00a0<\/i><i>mois. Je ne sais pas o\u00f9 on va&#8230; On veut rester dans le Cada s\u2019il vous pla\u00eet<\/i>\u00a0\u00bb. Elle pleure, pose sa t\u00eate sur l\u2019\u00e9paule de son mari qui lui caresse les cheveux. \u00ab\u00a0<i>Allez courage<\/i><i>\u00a0<\/i><i>! Vous pouvez y aller<\/i><i>\u00a0<\/i>\u00bb conclut le juge qui rendra ses d\u00e9lib\u00e9r\u00e9s la semaine prochaine.<\/p>\n<\/p><\/div>\n","protected":false},"excerpt":{"rendered":"Le pr&eacute;fet demandait vendredi 14&nbsp;ao&ucirc;t au juge des r&eacute;f&eacute;r&eacute;s du tribunal administratif d&rsquo;enjoindre des &eacute;trangers ayant perdu leur droit &agrave; un h&eacute;bergement dans un centre d&rsquo;accueil &#8230;","protected":false},"author":1,"featured_media":39482,"comment_status":"open","ping_status":"open","sticky":false,"template":"","format":"standard","meta":{"footnotes":""},"categories":[3926,3925,20],"tags":[10,133,1897,1405,754,2721,596,5921,16,809,1131,2471,4540,895,522,2843,790],"news-destination":[3944],"news-source":[475],"is_homepage":[],"ta_other":[],"class_list":["post-39481","post","type-post","status-publish","format-standard","has-post-thumbnail","hentry","category-accueil-merge","category-accueil-third","category-societe","tag-bouches-du-rhone","tag-departement","tag-etrangers","tag-expulsion","tag-familles","tag-hebergement","tag-logement","tag-manque-de-places","tag-marseille","tag-orientation","tag-prefecture","tag-prise-en-charge","tag-procedure","tag-provence","tag-proximite","tag-statistique","tag-tribunal-administratif","news-destination-homepage","news-source-website"],"_links":{"self":[{"href":"https:\/\/euapp01.newsmemory.com\/lamarseillaise\/news\/wp-json\/wp\/v2\/posts\/39481","targetHints":{"allow":["GET"]}}],"collection":[{"href":"https:\/\/euapp01.newsmemory.com\/lamarseillaise\/news\/wp-json\/wp\/v2\/posts"}],"about":[{"href":"https:\/\/euapp01.newsmemory.com\/lamarseillaise\/news\/wp-json\/wp\/v2\/types\/post"}],"author":[{"embeddable":true,"href":"https:\/\/euapp01.newsmemory.com\/lamarseillaise\/news\/wp-json\/wp\/v2\/users\/1"}],"replies":[{"embeddable":true,"href":"https:\/\/euapp01.newsmemory.com\/lamarseillaise\/news\/wp-json\/wp\/v2\/comments?post=39481"}],"version-history":[{"count":1,"href":"https:\/\/euapp01.newsmemory.com\/lamarseillaise\/news\/wp-json\/wp\/v2\/posts\/39481\/revisions"}],"predecessor-version":[{"id":39483,"href":"https:\/\/euapp01.newsmemory.com\/lamarseillaise\/news\/wp-json\/wp\/v2\/posts\/39481\/revisions\/39483"}],"wp:featuredmedia":[{"embeddable":true,"href":"https:\/\/euapp01.newsmemory.com\/lamarseillaise\/news\/wp-json\/wp\/v2\/media\/39482"}],"wp:attachment":[{"href":"https:\/\/euapp01.newsmemory.com\/lamarseillaise\/news\/wp-json\/wp\/v2\/media?parent=39481"}],"wp:term":[{"taxonomy":"category","embeddable":true,"href":"https:\/\/euapp01.newsmemory.com\/lamarseillaise\/news\/wp-json\/wp\/v2\/categories?post=39481"},{"taxonomy":"post_tag","embeddable":true,"href":"https:\/\/euapp01.newsmemory.com\/lamarseillaise\/news\/wp-json\/wp\/v2\/tags?post=39481"},{"taxonomy":"news-destination","embeddable":true,"href":"https:\/\/euapp01.newsmemory.com\/lamarseillaise\/news\/wp-json\/wp\/v2\/news-destination?post=39481"},{"taxonomy":"news-source","embeddable":true,"href":"https:\/\/euapp01.newsmemory.com\/lamarseillaise\/news\/wp-json\/wp\/v2\/news-source?post=39481"},{"taxonomy":"is_homepage","embeddable":true,"href":"https:\/\/euapp01.newsmemory.com\/lamarseillaise\/news\/wp-json\/wp\/v2\/is_homepage?post=39481"},{"taxonomy":"ta_other","embeddable":true,"href":"https:\/\/euapp01.newsmemory.com\/lamarseillaise\/news\/wp-json\/wp\/v2\/ta_other?post=39481"}],"curies":[{"name":"wp","href":"https:\/\/api.w.org\/{rel}","templated":true}]}}