{"id":39478,"date":"2026-08-17T07:29:00","date_gmt":"2026-08-17T05:29:00","guid":{"rendered":"https:\/\/euapp01.newsmemory.com\/lamarseillaise\/news\/?p=39478"},"modified":"2026-08-22T08:24:34","modified_gmt":"2026-08-22T06:24:34","slug":"un-deuxieme-incendie-dans-limprimerie-rockson-a-rognac","status":"publish","type":"post","link":"https:\/\/euapp01.newsmemory.com\/lamarseillaise\/news\/2026\/08\/17\/un-deuxieme-incendie-dans-limprimerie-rockson-a-rognac\/","title":{"rendered":"Un deuxi\u00e8me incendie dans l\u2019imprimerie Rockson \u00e0 Rognac"},"content":{"rendered":"<div class=\"paragraph\">\n<p>S\u00e9rie noire, pour l\u2019imprimerie Rockson. Dans la nuit de vendredi \u00e0 samedi, aux alentours de 2h, les pompiers ont \u00e9t\u00e9 appel\u00e9s pour un incendie qui s\u2019est d\u00e9clar\u00e9 dans l\u2019entreprise situ\u00e9e \u00e0 proximit\u00e9 de la RD113. La route a \u00e9t\u00e9 ferm\u00e9e la dur\u00e9e de l\u2019intervention par la cinquantaine de soldats du feu, qui ont rapidement ma\u00eetris\u00e9 les flammes, avant d\u2019\u00eatre rouverte vers 8h30.<\/p>\n<p>Le robot t\u00e9l\u00e9-op\u00e9r\u00e9 Colossus, con\u00e7u pour les environnements \u00e0 haut risque, a \u00e9t\u00e9 utilis\u00e9 pour \u00e9viter tout red\u00e9marrage et assurer le noyage des braises gr\u00e2ce \u00e0 son canon orientable.<\/p>\n<p>Au total, 2\u00a0000\u00a0m<sup>2<\/sup> sont partis en fum\u00e9e mais l\u2019action rapide des sapeurs-pompiers a permis de pr\u00e9server 4\u00a0500\u00a0m<sup>2<\/sup> de locaux adjacents et de prot\u00e9ger la v\u00e9g\u00e9tation environnante.<\/p>\n<p>Un premier feu avait d\u00e9j\u00e0 sinistr\u00e9 l\u2019imprimerie Rockson dans la nuit du 31\u00a0juillet au 1<sup>er<\/sup>\u00a0ao\u00fbt. Une enqu\u00eate est en cours pour d\u00e9terminer l\u2019origine des deux incendies.<\/p>\n<\/p><\/div>\n","protected":false},"excerpt":{"rendered":"S&eacute;rie noire, pour l&rsquo;imprimerie Rockson. Dans la nuit de vendredi &agrave; samedi, aux alentours de 2h, les pompiers ont &eacute;t&eacute; appel&eacute;s pour un incendie qui s&rsquo;est d&eacute;clar&eacute; dans l&rsquo;entreprise &#8230;","protected":false},"author":1,"featured_media":39479,"comment_status":"open","ping_status":"open","sticky":false,"template":"","format":"standard","meta":{"footnotes":""},"categories":[3926,3925,20],"tags":[10,1276,1225,318,6036,319,1396,588,1674,160],"news-destination":[3944],"news-source":[475],"is_homepage":[],"ta_other":[],"class_list":["post-39478","post","type-post","status-publish","format-standard","has-post-thumbnail","hentry","category-accueil-merge","category-accueil-third","category-societe","tag-bouches-du-rhone","tag-enquete","tag-entreprise","tag-feu","tag-flammes","tag-incendie","tag-incendies","tag-rognac","tag-sapeurs-pompiers","tag-vegetation","news-destination-homepage","news-source-website"],"_links":{"self":[{"href":"https:\/\/euapp01.newsmemory.com\/lamarseillaise\/news\/wp-json\/wp\/v2\/posts\/39478","targetHints":{"allow":["GET"]}}],"collection":[{"href":"https:\/\/euapp01.newsmemory.com\/lamarseillaise\/news\/wp-json\/wp\/v2\/posts"}],"about":[{"href":"https:\/\/euapp01.newsmemory.com\/lamarseillaise\/news\/wp-json\/wp\/v2\/types\/post"}],"author":[{"embeddable":true,"href":"https:\/\/euapp01.newsmemory.com\/lamarseillaise\/news\/wp-json\/wp\/v2\/users\/1"}],"replies":[{"embeddable":true,"href":"https:\/\/euapp01.newsmemory.com\/lamarseillaise\/news\/wp-json\/wp\/v2\/comments?post=39478"}],"version-history":[{"count":1,"href":"https:\/\/euapp01.newsmemory.com\/lamarseillaise\/news\/wp-json\/wp\/v2\/posts\/39478\/revisions"}],"predecessor-version":[{"id":39480,"href":"https:\/\/euapp01.newsmemory.com\/lamarseillaise\/news\/wp-json\/wp\/v2\/posts\/39478\/revisions\/39480"}],"wp:featuredmedia":[{"embeddable":true,"href":"https:\/\/euapp01.newsmemory.com\/lamarseillaise\/news\/wp-json\/wp\/v2\/media\/39479"}],"wp:attachment":[{"href":"https:\/\/euapp01.newsmemory.com\/lamarseillaise\/news\/wp-json\/wp\/v2\/media?parent=39478"}],"wp:term":[{"taxonomy":"category","embeddable":true,"href":"https:\/\/euapp01.newsmemory.com\/lamarseillaise\/news\/wp-json\/wp\/v2\/categories?post=39478"},{"taxonomy":"post_tag","embeddable":true,"href":"https:\/\/euapp01.newsmemory.com\/lamarseillaise\/news\/wp-json\/wp\/v2\/tags?post=39478"},{"taxonomy":"news-destination","embeddable":true,"href":"https:\/\/euapp01.newsmemory.com\/lamarseillaise\/news\/wp-json\/wp\/v2\/news-destination?post=39478"},{"taxonomy":"news-source","embeddable":true,"href":"https:\/\/euapp01.newsmemory.com\/lamarseillaise\/news\/wp-json\/wp\/v2\/news-source?post=39478"},{"taxonomy":"is_homepage","embeddable":true,"href":"https:\/\/euapp01.newsmemory.com\/lamarseillaise\/news\/wp-json\/wp\/v2\/is_homepage?post=39478"},{"taxonomy":"ta_other","embeddable":true,"href":"https:\/\/euapp01.newsmemory.com\/lamarseillaise\/news\/wp-json\/wp\/v2\/ta_other?post=39478"}],"curies":[{"name":"wp","href":"https:\/\/api.w.org\/{rel}","templated":true}]}}