{"id":39475,"date":"2026-08-17T07:15:00","date_gmt":"2026-08-17T05:15:00","guid":{"rendered":"https:\/\/euapp01.newsmemory.com\/lamarseillaise\/news\/?p=39475"},"modified":"2026-08-22T08:24:34","modified_gmt":"2026-08-22T06:24:34","slug":"la-digue-de-la-durance-anticipe-le-scenario-du-pire","status":"publish","type":"post","link":"https:\/\/euapp01.newsmemory.com\/lamarseillaise\/news\/2026\/08\/17\/la-digue-de-la-durance-anticipe-le-scenario-du-pire\/","title":{"rendered":"La digue de la Durance anticipe le sc\u00e9nario du pire"},"content":{"rendered":"<div class=\"paragraph\">\n<p>Dans le lit de la Durance, \u00e0 quelques m\u00e8tres de la bien nomm\u00e9e zone d\u2019activit\u00e9 Bords de Durance de Cavaillon, un peu moins d\u2019une dizaine de tractopelles et autres camions disposent des blocs de pierres de plusieurs centaines de kilos sur plusieurs dizaines de m\u00e8tres le long de la digue.<\/p>\n<p>Une op\u00e9ration de \u00ab\u00a0<i>confortement<\/i><i>\u00a0<\/i>\u00bb de l\u2019ouvrage afin de r\u00e9sister aux crues centennales. Le tout est pilot\u00e9 par le Syndicat Mixte d\u2019Am\u00e9nagement de la Vall\u00e9e de la Durance (SMAVD) qui a pr\u00e9sent\u00e9, jeudi 13\u00a0ao\u00fbt, les avanc\u00e9es de l\u2019op\u00e9ration qui devrait \u00eatre termin\u00e9e d\u2019ici la fin de l\u2019ann\u00e9e. \u00ab<i>\u00a0<\/i><i>On avait diagnostiqu\u00e9 des faiblesses dans l\u2019ouvrage construit dans les ann\u00e9es<\/i><i>\u00a0<\/i><i>90. Avec ces travaux, le tout peut r\u00e9sister \u00e0 un d\u00e9bit jusqu\u2019\u00e0 5<\/i><i>\u00a0<\/i><i>000<\/i><i>\u00a0<\/i><i>m\u00e8tres cubes par seconde, ce qui \u00e9quivaut aux crues centennales<\/i>\u00a0\u00bb, explique Bertrand Jacopin, directeur des \u00e9tudes et travaux pour le SMAVD.<\/p>\n<p>Parmi les am\u00e9nagements r\u00e9alis\u00e9s, les plus visibles sont ces gros blocs empil\u00e9s sur plusieurs m\u00e8tres de haut mais aussi dans le sol, le long de la digue. C\u2019est ce qu\u2019on appelle les \u00ab\u00a0<i>enrochements<\/i><i>\u00a0<\/i>\u00bb. Ce qui permet \u00e0 l\u2019installation de moins subir les effets de l\u2019eau. Ce que l\u2019on voit moins, c\u2019est la modification de la structure m\u00eame de la digue et du talus, la partie visible de l\u2019ext\u00e9rieur. \u00ab\u00a0<i>L\u2019eau s\u2019infiltre et il y a un risque d\u2019\u00e9rosion venant de l\u2019int\u00e9rieur. Il fallait donc le modifier<\/i><i>\u00a0<\/i>\u00bb, poursuit Bertrand Jacopin. Des arbres plant\u00e9s le long de l\u2019ouvrage ont \u00e9galement d\u00fb \u00eatre d\u00e9plac\u00e9s. La plupart ont \u00e9t\u00e9 plant\u00e9s en centre-ville de Cavaillon. Quelques centaines de m\u00e8tres plus loin, c\u2019est un mur de b\u00e9ton qui a \u00e9t\u00e9 renforc\u00e9. Des sortes de clous de plusieurs m\u00e8tres ont \u00e9t\u00e9 ajout\u00e9s pour \u00e9viter que la structure ne bascule en cas de crue.<\/p>\n<\/p><\/div>\n<div class=\"intext\"> Crues attendues<br \/>\n               <br \/>en octobre\n              <\/div>\n<div class=\"paragraph\">\n<p>\u00ab\u00a0<i>Cela va prot\u00e9ger plus de 30<\/i><i>\u00a0<\/i><i>000<\/i><i>\u00a0<\/i><i>personnes<\/i>\u00a0\u00bb, se r\u00e9jouit le responsable des travaux. Des critiques avaient cependant \u00e9man\u00e9 de collectifs de sinistr\u00e9s qui estimaient que des projets de la sorte ne prot\u00e8gent qu\u2019une partie de la population. \u00ab\u00a0<i>On ne peut pas mettre des digues de partout. Ce serait bien trop cher. D\u2019autant que le chantier sera sans impact pour l\u2019hydraulique<\/i>\u00a0\u00bb, \u00e9vacue Bertrand Jacopin.<\/p>\n<p>Le chantier doit \u00e9galement se faire dans un temps limit\u00e9. D\u00e8s le mois d\u2019octobre, les premi\u00e8res crues emp\u00eachent tout v\u00e9hicule de s\u2019approcher du lit du fleuve. Tandis qu\u2019au printemps, diff\u00e9rentes esp\u00e8ces se reproduisent dans le secteur, emp\u00eachant toute activit\u00e9. D\u2019apr\u00e8s le SMAVD, les temp\u00e9ratures tr\u00e8s chaudes de l\u2019\u00e9t\u00e9 annoncent g\u00e9n\u00e9ralement de fortes crues. L\u2019occasion pour la digue confort\u00e9e de prouver sa valeur.<\/p>\n<\/p><\/div>\n","protected":false},"excerpt":{"rendered":"Dans le lit de la Durance, &agrave; quelques m&egrave;tres de la bien nomm&eacute;e zone d&rsquo;activit&eacute; Bords de Durance de Cavaillon, un peu moins d&rsquo;une dizaine de tractopelles et autres camions disposent des blocs de pierres de &#8230;","protected":false},"author":1,"featured_media":39476,"comment_status":"open","ping_status":"open","sticky":false,"template":"","format":"standard","meta":{"footnotes":""},"categories":[3926,3925,20],"tags":[2605,181,1619,4866,309,1907,1130,178,538,171],"news-destination":[3944],"news-source":[475],"is_homepage":[],"ta_other":[],"class_list":["post-39475","post","type-post","status-publish","format-standard","has-post-thumbnail","hentry","category-accueil-merge","category-accueil-third","category-societe","tag-arbres","tag-centre-ville","tag-chantier","tag-crues","tag-eau","tag-fleuve","tag-inondations","tag-population","tag-syndicat-mixte","tag-vaucluse","news-destination-homepage","news-source-website"],"_links":{"self":[{"href":"https:\/\/euapp01.newsmemory.com\/lamarseillaise\/news\/wp-json\/wp\/v2\/posts\/39475","targetHints":{"allow":["GET"]}}],"collection":[{"href":"https:\/\/euapp01.newsmemory.com\/lamarseillaise\/news\/wp-json\/wp\/v2\/posts"}],"about":[{"href":"https:\/\/euapp01.newsmemory.com\/lamarseillaise\/news\/wp-json\/wp\/v2\/types\/post"}],"author":[{"embeddable":true,"href":"https:\/\/euapp01.newsmemory.com\/lamarseillaise\/news\/wp-json\/wp\/v2\/users\/1"}],"replies":[{"embeddable":true,"href":"https:\/\/euapp01.newsmemory.com\/lamarseillaise\/news\/wp-json\/wp\/v2\/comments?post=39475"}],"version-history":[{"count":1,"href":"https:\/\/euapp01.newsmemory.com\/lamarseillaise\/news\/wp-json\/wp\/v2\/posts\/39475\/revisions"}],"predecessor-version":[{"id":39477,"href":"https:\/\/euapp01.newsmemory.com\/lamarseillaise\/news\/wp-json\/wp\/v2\/posts\/39475\/revisions\/39477"}],"wp:featuredmedia":[{"embeddable":true,"href":"https:\/\/euapp01.newsmemory.com\/lamarseillaise\/news\/wp-json\/wp\/v2\/media\/39476"}],"wp:attachment":[{"href":"https:\/\/euapp01.newsmemory.com\/lamarseillaise\/news\/wp-json\/wp\/v2\/media?parent=39475"}],"wp:term":[{"taxonomy":"category","embeddable":true,"href":"https:\/\/euapp01.newsmemory.com\/lamarseillaise\/news\/wp-json\/wp\/v2\/categories?post=39475"},{"taxonomy":"post_tag","embeddable":true,"href":"https:\/\/euapp01.newsmemory.com\/lamarseillaise\/news\/wp-json\/wp\/v2\/tags?post=39475"},{"taxonomy":"news-destination","embeddable":true,"href":"https:\/\/euapp01.newsmemory.com\/lamarseillaise\/news\/wp-json\/wp\/v2\/news-destination?post=39475"},{"taxonomy":"news-source","embeddable":true,"href":"https:\/\/euapp01.newsmemory.com\/lamarseillaise\/news\/wp-json\/wp\/v2\/news-source?post=39475"},{"taxonomy":"is_homepage","embeddable":true,"href":"https:\/\/euapp01.newsmemory.com\/lamarseillaise\/news\/wp-json\/wp\/v2\/is_homepage?post=39475"},{"taxonomy":"ta_other","embeddable":true,"href":"https:\/\/euapp01.newsmemory.com\/lamarseillaise\/news\/wp-json\/wp\/v2\/ta_other?post=39475"}],"curies":[{"name":"wp","href":"https:\/\/api.w.org\/{rel}","templated":true}]}}