{"id":39469,"date":"2026-08-17T07:18:00","date_gmt":"2026-08-17T05:18:00","guid":{"rendered":"https:\/\/euapp01.newsmemory.com\/lamarseillaise\/news\/?p=39469"},"modified":"2026-08-22T08:24:34","modified_gmt":"2026-08-22T06:24:34","slug":"cest-lete-la-fete-entre-ciel-et-terre-pour-le-15-aout","status":"publish","type":"post","link":"https:\/\/euapp01.newsmemory.com\/lamarseillaise\/news\/2026\/08\/17\/cest-lete-la-fete-entre-ciel-et-terre-pour-le-15-aout\/","title":{"rendered":"[C\u2019est l\u2019\u00e9t\u00e9] La f\u00eate entre ciel et terre pour le 15&nbsp;ao\u00fbt"},"content":{"rendered":"<div class=\"paragraph\">\n<p>Karaok\u00e9 g\u00e9ant, espace p\u00e9tanque ou encore battle de danse, la soir\u00e9e du 15\u00a0ao\u00fbt sur l\u2019esplanade du J4, \u00e0 Marseille, a enchant\u00e9 petits et grands jusqu\u2019au bout de la nuit. Plusieurs milliers de personnes se sont r\u00e9unies pour observer le feu d\u2019artifice. Mais en attendant le lancement du spectacle a\u00e9rien \u00e0 22h, familles et amis ont donn\u00e9 de la voix lors du karaok\u00e9 g\u00e9ant\u00a0: \u00ab <i>Je suis l\u00e0 depuis 20h, l\u2019ambiance est magnifique, je m\u2019amuse beaucoup<\/i><i>\u00a0<\/i><i>!<\/i>\u00a0\u00bb, se r\u00e9jouit Daphn\u00e9, 29\u00a0ans, qui esp\u00e8re entonner \u00ab\u00a0Ma philosophie\u00a0\u00bb d\u2019Amel Bent. Les uns apr\u00e8s les autres, des spectateurs volontaires grimpent sur sc\u00e8ne pour devenir \u00ab\u00a0la star de la soir\u00e9e\u00a0\u00bb, lors de ce rendez-vous d\u00e9sormais incontournable de l\u2019\u00e9t\u00e9 marseillais. En attendant leur tour, Jade et sa meilleure amie Lia, 9\u00a0ans, se pr\u00e9parent \u00e0 prendre le micro\u00a0: \u00ab\u00a0<i>La soir\u00e9e est trop bien<\/i><i>\u00a0<\/i><i>! On veut chanter du Jul<\/i><i>\u00a0<\/i><i>!<\/i>\u00a0\u00bb Afin de ravir tous les go\u00fbts, 400\u00a0titres \u00e9taient propos\u00e9s, entre tubes des ann\u00e9es\u00a080 et rap fran\u00e7ais. Plus tard dans la soir\u00e9e, \u00ab\u00a0Ma philosophie\u00a0\u00bb a r\u00e9sonn\u00e9 sur l\u2019esplanade, pour le plus grand bonheur de Daphn\u00e9, tandis que Jade et Lia ont repris leurs morceaux favoris sous les projecteurs.<\/p>\n<p>Loin du micro, la f\u00eate proposait aussi plusieurs animations pour varier les plaisirs. Une fois le karaok\u00e9 termin\u00e9, pour Jade et Lia, le programme \u00e9tait d\u00e9j\u00e0 tout trac\u00e9\u00a0: \u00ab\u00a0<i>On va faire l\u2019atelier de customisation de casquettes<\/i><i>\u00a0<\/i><i>!<\/i>\u00a0\u00bb, s\u2019impatientent les deux fillettes, qui ont d\u00e9j\u00e0 en t\u00eate leurs cr\u00e9ations, \u00e0 l\u2019effigie de leur chanteur pr\u00e9f\u00e9r\u00e9\u00a0: \u00ab\u00a0<i>On va mettre le signe de Jul sur la casquette<\/i><i>\u00a0<\/i><i>!<\/i><i>\u00a0<\/i>\u00bb<\/p>\n<\/p><\/div>\n<div class=\"intext\"> Un spectacle \u00ab\u00a0original et cr\u00e9atif\u00a0\u00bb\n              <\/div>\n<div class=\"paragraph\">\n<p>Le moment que tout le monde attendait appara\u00eet dans le ciel une fois la nuit tomb\u00e9e. Il est 22h et les premiers feux d\u2019artifice scintillent sous les yeux \u00e9bahis des enfants comme des plus grands. \u00ab\u00a0<i>Il y en a partout<\/i><i>\u00a0<\/i><i>! C\u2019est trop beau<\/i>\u00a0\u00bb, s\u2019exclame Noam, 10\u00a0ans, impressionn\u00e9 par le ballet a\u00e9rien. Le show dure une vingtaine de minutes. Rouge, vert, bleu, dor\u00e9, les formes et les couleurs s\u2019encha\u00eenent. Drones et pyrotechnie cr\u00e9ent ensemble des tableaux mettant \u00e0 l\u2019honneur le patrimoine m\u00e9diterran\u00e9en\u00a0: bateau \u00e0 voile, cerf-volant, colombe, soleil ou encore la Bonne M\u00e8re. Le spectacle se termine sous les applaudissements du public, conquis.<\/p>\n<p>Venu entre amis, Jean-Louis est s\u00e9duit par l\u2019originalit\u00e9 du spectacle\u00a0: \u00ab\u00a0<i>C\u2019est chouette, l\u2019id\u00e9e du feu d\u2019artifice avec les drones, \u00e7a rajoute quelque chose<\/i>, souligne-t-il. <i>J\u2019ai trouv\u00e9 \u00e7a tr\u00e8s original et tr\u00e8s cr\u00e9atif<\/i><i>\u00a0<\/i>\u00bb. Son amie Aur\u00e9lie ajoute\u00a0: \u00ab\u00a0<i>C\u2019est aussi sympa d\u2019avoir fait l\u2019\u00e9v\u00e9nement avec le karaok\u00e9, \u00e7a rassemble les gens<\/i>\u00a0\u00bb. Le groupe, venu sp\u00e9cialement pour le feu d\u2019artifice, a \u00e9galement profit\u00e9 du grand karaok\u00e9 qui a repris juste apr\u00e8s le spectacle\u00a0: \u00ab\u00a0<i>On a chant\u00e9, pas sur sc\u00e8ne, mais on a chant\u00e9 du Johnny<\/i><i>\u00a0<\/i><i>!<\/i><i>\u00a0<\/i>\u00bb Les musiques se sont finalement encha\u00een\u00e9es jusqu\u2019\u00e0 minuit, mais l\u2019\u00e9t\u00e9 marseillais ne s\u2019arr\u00eate pas l\u00e0. Le prochain rendez-vous est donn\u00e9 au stade nautique Florence-Arthaud, le vendredi 21\u00a0ao\u00fbt, pour un DJ\u00a0set sign\u00e9 Orisha, de quoi prolonger les festivit\u00e9s jusqu\u2019\u00e0 la fin de l\u2019\u00e9t\u00e9.<\/p>\n<p><b>Andr\u00e9a Goyard-de Castro<\/b><\/p>\n<\/p><\/div>\n","protected":false},"excerpt":{"rendered":"Karaok&eacute; g&eacute;ant, espace p&eacute;tanque ou encore battle de danse, la soir&eacute;e du 15&nbsp;ao&ucirc;t sur l&rsquo;esplanade du J4, &agrave; Marseille, a enchant&eacute; petits et grands jusqu&rsquo;au bout de la nuit. Plusieurs &#8230;","protected":false},"author":1,"featured_media":39470,"comment_status":"open","ping_status":"open","sticky":false,"template":"","format":"standard","meta":{"footnotes":""},"categories":[3926,3925,20],"tags":[6246,1277,10,6085,4372,225,1250,6156,317,57,754,1138,466,16,3391,2230,529],"news-destination":[3944],"news-source":[475],"is_homepage":[],"ta_other":[],"class_list":["post-39469","post","type-post","status-publish","format-standard","has-post-thumbnail","hentry","category-accueil-merge","category-accueil-third","category-societe","tag-15-aout","tag-animations","tag-bouches-du-rhone","tag-cest-lete","tag-chanteur","tag-ciel","tag-danse","tag-dj","tag-drones","tag-enfants","tag-familles","tag-festivites","tag-fete","tag-marseille","tag-nuit","tag-scene","tag-spectacle","news-destination-homepage","news-source-website"],"_links":{"self":[{"href":"https:\/\/euapp01.newsmemory.com\/lamarseillaise\/news\/wp-json\/wp\/v2\/posts\/39469","targetHints":{"allow":["GET"]}}],"collection":[{"href":"https:\/\/euapp01.newsmemory.com\/lamarseillaise\/news\/wp-json\/wp\/v2\/posts"}],"about":[{"href":"https:\/\/euapp01.newsmemory.com\/lamarseillaise\/news\/wp-json\/wp\/v2\/types\/post"}],"author":[{"embeddable":true,"href":"https:\/\/euapp01.newsmemory.com\/lamarseillaise\/news\/wp-json\/wp\/v2\/users\/1"}],"replies":[{"embeddable":true,"href":"https:\/\/euapp01.newsmemory.com\/lamarseillaise\/news\/wp-json\/wp\/v2\/comments?post=39469"}],"version-history":[{"count":1,"href":"https:\/\/euapp01.newsmemory.com\/lamarseillaise\/news\/wp-json\/wp\/v2\/posts\/39469\/revisions"}],"predecessor-version":[{"id":39471,"href":"https:\/\/euapp01.newsmemory.com\/lamarseillaise\/news\/wp-json\/wp\/v2\/posts\/39469\/revisions\/39471"}],"wp:featuredmedia":[{"embeddable":true,"href":"https:\/\/euapp01.newsmemory.com\/lamarseillaise\/news\/wp-json\/wp\/v2\/media\/39470"}],"wp:attachment":[{"href":"https:\/\/euapp01.newsmemory.com\/lamarseillaise\/news\/wp-json\/wp\/v2\/media?parent=39469"}],"wp:term":[{"taxonomy":"category","embeddable":true,"href":"https:\/\/euapp01.newsmemory.com\/lamarseillaise\/news\/wp-json\/wp\/v2\/categories?post=39469"},{"taxonomy":"post_tag","embeddable":true,"href":"https:\/\/euapp01.newsmemory.com\/lamarseillaise\/news\/wp-json\/wp\/v2\/tags?post=39469"},{"taxonomy":"news-destination","embeddable":true,"href":"https:\/\/euapp01.newsmemory.com\/lamarseillaise\/news\/wp-json\/wp\/v2\/news-destination?post=39469"},{"taxonomy":"news-source","embeddable":true,"href":"https:\/\/euapp01.newsmemory.com\/lamarseillaise\/news\/wp-json\/wp\/v2\/news-source?post=39469"},{"taxonomy":"is_homepage","embeddable":true,"href":"https:\/\/euapp01.newsmemory.com\/lamarseillaise\/news\/wp-json\/wp\/v2\/is_homepage?post=39469"},{"taxonomy":"ta_other","embeddable":true,"href":"https:\/\/euapp01.newsmemory.com\/lamarseillaise\/news\/wp-json\/wp\/v2\/ta_other?post=39469"}],"curies":[{"name":"wp","href":"https:\/\/api.w.org\/{rel}","templated":true}]}}