{"id":39463,"date":"2026-08-17T07:08:00","date_gmt":"2026-08-17T05:08:00","guid":{"rendered":"https:\/\/euapp01.newsmemory.com\/lamarseillaise\/news\/?p=39463"},"modified":"2026-08-17T10:09:07","modified_gmt":"2026-08-17T08:09:07","slug":"athletisme-entresangle-djouhan-et-wilkes-finalistes-europeens","status":"publish","type":"post","link":"https:\/\/euapp01.newsmemory.com\/lamarseillaise\/news\/2026\/08\/17\/athletisme-entresangle-djouhan-et-wilkes-finalistes-europeens\/","title":{"rendered":"[Athl\u00e9tisme] Entresangle, Djouhan et Wilkes finalistes europ\u00e9ens"},"content":{"rendered":"<div class=\"paragraph\">\n<p>Quatre-vingts Tricolores aux championnats d\u2019Europe, trois \u00e9taient originaires des Bouches-du-Rh\u00f4ne et du Vaucluse. Lolassonn Djouhan, Thomas Wilkes et Clara Entresangle se sont respectivement qualifi\u00e9s pour les finales du lancer du disque, du 110\u00a0m haies et du 3\u00a0000\u00a0m steeple. Tous les trois sont revenus sur leur v\u00e9cu durant cette comp\u00e9tition \u00e0 Birmingham.<\/p>\n<\/p><\/div>\n<div class=\"intext\"> Thomas Wilkes,<br \/>\n               <br \/>4e du 110\u00a0m haies\n              <\/div>\n<div class=\"paragraph\">\n<p>Finir 4<sup>e<\/sup>, \u00e0 une seule place de la m\u00e9daille, peut ressembler \u00e0 une \u00e9norme frustration, un \u00e9chec parfois. Dans le cas de Thomas Wilkes, c\u2019est la r\u00e9compense d\u2019un travail de plusieurs saisons. 4<sup>e<\/sup> en 13.36, \u00e0 22\u00a0ans, une position inesp\u00e9r\u00e9e il y a quelques mois pour le hurdleur mart\u00e9gal. \u00ab\u00a0<i>C\u2019\u00e9tait un m\u00e9lange d\u2019\u00e9motions, parce que j\u2019avais un peu de frustration quand j\u2019ai vu 4<\/i><i><sup>e<\/sup><\/i><i>\u00a0<\/i><i>s\u2019afficher. Mais apr\u00e8s quand j\u2019ai vu l\u2019\u00e9cart qu\u2019il y avait avec le 3<\/i><i><sup>e<\/sup><\/i><i>, j\u2019\u00e9tais \u00e0 ma place et je n\u2019ai aucun regret<\/i><i>\u00a0<\/i>\u00bb, racontait-il le lendemain de sa finale.<\/p>\n<p>Les haies fran\u00e7aises ont tenu leur r\u00e9putation avec \u00e9galement la m\u00e9daille d\u2019argent de Just Kwaou-Mathey et la 6<sup>e<\/sup>\u00a0place de Th\u00e9o Pedre.<i> <\/i>Place au prestigieux meeting de Z\u00fcrich pour Thomas Wilkes avant de terminer sur les Jeux M\u00e9diterran\u00e9ens, fin ao\u00fbt.<\/p>\n<\/p><\/div>\n<div class=\"intext\"> Lolassonn Djouhan,<br \/>\n               <br \/>11e du lancer du disque\n              <\/div>\n<div class=\"paragraph\">\n<p>Tout d\u2019abord, Lolassonn Djouhan a pouss\u00e9 un ouf de soulagement. Le lanceur lui aussi licenci\u00e9 \u00e0 Martigues a franchi le cap des qualifs, ce qu\u2019il n\u2019avait pas r\u00e9ussi \u00e0 faire ces derni\u00e8res ann\u00e9es, en championnats. \u00ab\u00a0<i>L\u2019exercice des qualifications est toujours difficile, mais je me suis vite tourn\u00e9 vers la finale parce que \u00e7a allait \u00eatre costaud<\/i>\u00a0\u00bb, explique-t-il. En effet, la finale fut l\u2019une des plus denses de l\u2019histoire. Il fallait faire 69m53 pour \u00eatre m\u00e9daill\u00e9 et s\u2019approcher \u00e0 3\u00a0m\u00e8tres du record du monde pour l\u2019emporter (72m51).<\/p>\n<p>\u00ab\u00a0<i>Les championnats d\u2019Europe, ce sont nos Mondiaux<\/i>\u00a0\u00bb, s\u2019amuse le Mart\u00e9gal. Finalement, il terminera 11<sup>e<\/sup> avec 62m28, sans \u00eatre r\u00e9ellement satisfait de sa production. Sa saison est termin\u00e9e, mais les entra\u00eenements se poursuivent pour celui qui arr\u00eatera sa carri\u00e8re apr\u00e8s les JO de Los Angeles, en 2028.<\/p>\n<\/p><\/div>\n<div class=\"intext\"> Clara Entresangle,<br \/>\n               <br \/>6e\u00a0du 3\u00a0000\u00a0m steeple\n              <\/div>\n<div class=\"paragraph\">\n<p>Clara Entresangle \u00e9tait, elle, en pleine d\u00e9couverte. Une premi\u00e8re en \u00e9lites, malgr\u00e9 un statut d\u00e9j\u00e0 \u00e9lev\u00e9 de 5<sup>e<\/sup>\u00a0Europ\u00e9enne avant ces championnats. L\u2019athl\u00e8te de Cavaillon s\u2019est fait peur en s\u00e9ries avec une chute, mais elle ne s\u2019est pas affol\u00e9e pour assurer sa qualification. En finale, elle a toujours \u00e9t\u00e9 bien plac\u00e9e avant de subir l\u00e9g\u00e8rement l\u2019acc\u00e9l\u00e9ration des favorites. Les Allemandes et Alice Finot (2<sup>e<\/sup>) se sont envol\u00e9es et la demi-fondeuse de 21\u00a0ans a pris la 6<sup>e<\/sup>\u00a0place (9:21.07), restant \u00e0 quatre secondes de son record.<\/p>\n<p>\u00ab\u00a0<i>Je me suis r\u00e9gal\u00e9e sur cette course, j\u2019ai donn\u00e9 tout ce que j\u2019avais malgr\u00e9 le manque de fra\u00eecheur, et c\u2019\u00e9tait bien cool<\/i>\u00a0\u00bb<i>, <\/i>a d\u00e9crit la jeune prodige.<\/p>\n<\/p><\/div>\n","protected":false},"excerpt":{"rendered":"Quatre-vingts Tricolores aux championnats d&rsquo;Europe, trois &eacute;taient originaires des Bouches-du-Rh&ocirc;ne et du Vaucluse. Lolassonn Djouhan, Thomas Wilkes et Clara Entresangle se sont respectivement qualifi&eacute;s pour les finales du &#8230;","protected":false},"author":1,"featured_media":39464,"comment_status":"open","ping_status":"open","sticky":false,"template":"","format":"standard","meta":{"footnotes":""},"categories":[7],"tags":[4549,1987,10,1162,999,598,63,222,6262,171],"news-destination":[],"news-source":[475],"is_homepage":[],"ta_other":[],"class_list":["post-39463","post","type-post","status-publish","format-standard","has-post-thumbnail","hentry","category-sports","tag-angleterre","tag-athletisme","tag-bouches-du-rhone","tag-championnats","tag-equipe-de-france","tag-europe","tag-martigues","tag-region-sud-paca","tag-royaume-uni","tag-vaucluse","news-source-website"],"_links":{"self":[{"href":"https:\/\/euapp01.newsmemory.com\/lamarseillaise\/news\/wp-json\/wp\/v2\/posts\/39463","targetHints":{"allow":["GET"]}}],"collection":[{"href":"https:\/\/euapp01.newsmemory.com\/lamarseillaise\/news\/wp-json\/wp\/v2\/posts"}],"about":[{"href":"https:\/\/euapp01.newsmemory.com\/lamarseillaise\/news\/wp-json\/wp\/v2\/types\/post"}],"author":[{"embeddable":true,"href":"https:\/\/euapp01.newsmemory.com\/lamarseillaise\/news\/wp-json\/wp\/v2\/users\/1"}],"replies":[{"embeddable":true,"href":"https:\/\/euapp01.newsmemory.com\/lamarseillaise\/news\/wp-json\/wp\/v2\/comments?post=39463"}],"version-history":[{"count":1,"href":"https:\/\/euapp01.newsmemory.com\/lamarseillaise\/news\/wp-json\/wp\/v2\/posts\/39463\/revisions"}],"predecessor-version":[{"id":39465,"href":"https:\/\/euapp01.newsmemory.com\/lamarseillaise\/news\/wp-json\/wp\/v2\/posts\/39463\/revisions\/39465"}],"wp:featuredmedia":[{"embeddable":true,"href":"https:\/\/euapp01.newsmemory.com\/lamarseillaise\/news\/wp-json\/wp\/v2\/media\/39464"}],"wp:attachment":[{"href":"https:\/\/euapp01.newsmemory.com\/lamarseillaise\/news\/wp-json\/wp\/v2\/media?parent=39463"}],"wp:term":[{"taxonomy":"category","embeddable":true,"href":"https:\/\/euapp01.newsmemory.com\/lamarseillaise\/news\/wp-json\/wp\/v2\/categories?post=39463"},{"taxonomy":"post_tag","embeddable":true,"href":"https:\/\/euapp01.newsmemory.com\/lamarseillaise\/news\/wp-json\/wp\/v2\/tags?post=39463"},{"taxonomy":"news-destination","embeddable":true,"href":"https:\/\/euapp01.newsmemory.com\/lamarseillaise\/news\/wp-json\/wp\/v2\/news-destination?post=39463"},{"taxonomy":"news-source","embeddable":true,"href":"https:\/\/euapp01.newsmemory.com\/lamarseillaise\/news\/wp-json\/wp\/v2\/news-source?post=39463"},{"taxonomy":"is_homepage","embeddable":true,"href":"https:\/\/euapp01.newsmemory.com\/lamarseillaise\/news\/wp-json\/wp\/v2\/is_homepage?post=39463"},{"taxonomy":"ta_other","embeddable":true,"href":"https:\/\/euapp01.newsmemory.com\/lamarseillaise\/news\/wp-json\/wp\/v2\/ta_other?post=39463"}],"curies":[{"name":"wp","href":"https:\/\/api.w.org\/{rel}","templated":true}]}}