{"id":39460,"date":"2026-08-17T07:10:00","date_gmt":"2026-08-17T05:10:00","guid":{"rendered":"https:\/\/euapp01.newsmemory.com\/lamarseillaise\/news\/?p=39460"},"modified":"2026-08-22T08:00:00","modified_gmt":"2026-08-22T06:00:00","slug":"a-istres-lincinerateur-de-suez-recoit-un-avis-defavorable","status":"publish","type":"post","link":"https:\/\/euapp01.newsmemory.com\/lamarseillaise\/news\/2026\/08\/17\/a-istres-lincinerateur-de-suez-recoit-un-avis-defavorable\/","title":{"rendered":"\u00c0 Istres, l\u2019incin\u00e9rateur de Suez re\u00e7oit un avis d\u00e9favorable"},"content":{"rendered":"<div class=\"paragraph\">\n<p>Les conclusions ont mis un coup dans l\u2019aile de l\u2019incin\u00e9rateur. Alors que l\u2019enqu\u00eate publique du projet \u00ab\u00a0Istres recyclage et \u00e9nergie\u00a0\u00bb (dit Iren) port\u00e9 par Suez s\u2019est achev\u00e9e le 2\u00a0juin apr\u00e8s un mois et demi de consultations, le commissaire-enqu\u00eateur a rendu son avis le 31\u00a0juillet. Et concernant l\u2019unit\u00e9 de valorisation \u00e9nerg\u00e9tique de type CSR (combustible solide de r\u00e9cup\u00e9ration), il est d\u00e9favorable. Philippe Magnus pointe notamment l\u2019absence de concertation pr\u00e9alable, l\u2019usage du terme \u00ab\u00a0chaufferie\u00a0\u00bb plut\u00f4t qu\u2019incin\u00e9rateur jug\u00e9 trompeur et l\u2019absence de d\u00e9bouch\u00e9s pour l\u2019\u00e9nergie produite, faute de r\u00e9seau de chaleur \u00e0 proximit\u00e9. Le maire Robin Pr\u00e9tot (LR) salue une \u00ab\u00a0<i>premi\u00e8re victoire<\/i>\u00a0\u00bb collective.<\/p>\n<p>D\u00e9voil\u00e9 par <i>Marsactu <\/i>quelques jours apr\u00e8s les \u00e9lections municipales, ce projet a imm\u00e9diatement suscit\u00e9 une lev\u00e9e de boucliers de la part des \u00e9lus et associations locales, et plus largement de la population. Le rapport de l\u2019enqu\u00eate publique soul\u00e8ve une \u00ab\u00a0<i>participation exceptionnelle par son ampleur<\/i>\u00a0\u00bb. Au total, 4\u00a0114\u00a0contributions ont \u00e9t\u00e9 d\u00e9pos\u00e9es. Entre 80% et 89% d\u2019entre elles y sont d\u00e9favorables. Deux p\u00e9titions en ligne ont recueilli 466\u00a0signatures et pr\u00e8s de 900\u00a0personnes ont particip\u00e9 aux deux r\u00e9unions.<\/p>\n<\/p><\/div>\n<div class=\"intext\"> 250\u00a0millions d\u2019investissement\n              <\/div>\n<div class=\"paragraph\">\n<p>C\u2019est bien cette unit\u00e9 de valorisation CSR qui pose probl\u00e8me. Elle est pr\u00e9sent\u00e9e par Suez comme une r\u00e9ponse \u00e0 la possible fermeture de plusieurs centres pour des raisons r\u00e9glementaires, supprimant 350\u00a0000\u00a0tonnes de capacit\u00e9 de stockage. Gardanne, les Pennes-Mirabeau et Sept\u00e8mes-les-Vallons pourraient \u00eatre concern\u00e9s d\u2019ici\u00a02032. Mais pour les habitants et leur maire, \u00ab\u00a0<i>pas question qu\u2019Istres devienne la poubelle de la r\u00e9gion<\/i>\u00a0\u00bb. Le commissaire-enqu\u00eateur rel\u00e8ve d\u2019ailleurs que l\u2019implantation du site, \u00ab\u00a0<i>excentr\u00e9e sur le territoire (&#8230;) par rapport au centre de la M\u00e9tropole<\/i>\u00a0\u00bb, constitue un point n\u00e9gatif, tout comme sa proximit\u00e9 avec plusieurs infrastructures industrielles. Cette opposition franche et massive a donc port\u00e9 ses fruits. \u00ab\u00a0<i>Ce n\u2019est qu\u2019une \u00e9tape, <\/i>rappelle Robin Pr\u00e9tot.<i> La Ville poursuivra d\u00e9sormais son action aupr\u00e8s des services de l\u2019\u00c9tat afin que cet avis d\u00e9favorable soit pleinement entendu et que le projet d\u2019incin\u00e9rateur soit d\u00e9finitivement abandonn\u00e9.<\/i><i>\u00a0<\/i>\u00bb D\u2019autres composantes du dossier ont re\u00e7u l\u2019avis favorable de Philippe Magnus\u00a0: l\u2019unit\u00e9 de m\u00e9thanisation, la modernisation du centre CSR, et la nouvelle unit\u00e9 de r\u00e9ception, de tri et de pr\u00e9paration de d\u00e9chets valorisables. C\u2019est un projet global que Suez souhaite d\u00e9ployer sur le site de La Grande Group\u00e8de, qu\u2019il exploite depuis\u00a02011, pour un investissement de 250\u00a0millions d\u2019euros. La d\u00e9cision revient au pr\u00e9fet des Bouches-du-Rh\u00f4ne.<\/p>\n<\/p><\/div>\n","protected":false},"excerpt":{"rendered":"Les conclusions ont mis un coup dans l&rsquo;aile de l&rsquo;incin&eacute;rateur. Alors que l&rsquo;enqu&ecirc;te publique du projet &laquo;&nbsp;Istres recyclage et &eacute;nergie&nbsp;&raquo; (dit Iren) port&eacute; par Suez s&rsquo;est &#8230;","protected":false},"author":1,"featured_media":39461,"comment_status":"open","ping_status":"open","sticky":false,"template":"","format":"standard","meta":{"footnotes":""},"categories":[3926,3925,333,20],"tags":[10,2330,146,725,816,4099,2434,108,534,5378,3099,830,2239,5793,468,5613],"news-destination":[3944],"news-source":[475],"is_homepage":[],"ta_other":[],"class_list":["post-39460","post","type-post","status-publish","format-standard","has-post-thumbnail","hentry","category-accueil-merge","category-accueil-third","category-environnement","category-societe","tag-bouches-du-rhone","tag-chaufferie","tag-concertation","tag-dechets","tag-gestion-des-dechets","tag-incinerateurs","tag-installations","tag-investissement","tag-istres","tag-methanisation","tag-modernisation","tag-opposition","tag-recyclage","tag-robin-pretot","tag-suez","tag-valorisation-des-dechets","news-destination-homepage","news-source-website"],"_links":{"self":[{"href":"https:\/\/euapp01.newsmemory.com\/lamarseillaise\/news\/wp-json\/wp\/v2\/posts\/39460","targetHints":{"allow":["GET"]}}],"collection":[{"href":"https:\/\/euapp01.newsmemory.com\/lamarseillaise\/news\/wp-json\/wp\/v2\/posts"}],"about":[{"href":"https:\/\/euapp01.newsmemory.com\/lamarseillaise\/news\/wp-json\/wp\/v2\/types\/post"}],"author":[{"embeddable":true,"href":"https:\/\/euapp01.newsmemory.com\/lamarseillaise\/news\/wp-json\/wp\/v2\/users\/1"}],"replies":[{"embeddable":true,"href":"https:\/\/euapp01.newsmemory.com\/lamarseillaise\/news\/wp-json\/wp\/v2\/comments?post=39460"}],"version-history":[{"count":1,"href":"https:\/\/euapp01.newsmemory.com\/lamarseillaise\/news\/wp-json\/wp\/v2\/posts\/39460\/revisions"}],"predecessor-version":[{"id":39462,"href":"https:\/\/euapp01.newsmemory.com\/lamarseillaise\/news\/wp-json\/wp\/v2\/posts\/39460\/revisions\/39462"}],"wp:featuredmedia":[{"embeddable":true,"href":"https:\/\/euapp01.newsmemory.com\/lamarseillaise\/news\/wp-json\/wp\/v2\/media\/39461"}],"wp:attachment":[{"href":"https:\/\/euapp01.newsmemory.com\/lamarseillaise\/news\/wp-json\/wp\/v2\/media?parent=39460"}],"wp:term":[{"taxonomy":"category","embeddable":true,"href":"https:\/\/euapp01.newsmemory.com\/lamarseillaise\/news\/wp-json\/wp\/v2\/categories?post=39460"},{"taxonomy":"post_tag","embeddable":true,"href":"https:\/\/euapp01.newsmemory.com\/lamarseillaise\/news\/wp-json\/wp\/v2\/tags?post=39460"},{"taxonomy":"news-destination","embeddable":true,"href":"https:\/\/euapp01.newsmemory.com\/lamarseillaise\/news\/wp-json\/wp\/v2\/news-destination?post=39460"},{"taxonomy":"news-source","embeddable":true,"href":"https:\/\/euapp01.newsmemory.com\/lamarseillaise\/news\/wp-json\/wp\/v2\/news-source?post=39460"},{"taxonomy":"is_homepage","embeddable":true,"href":"https:\/\/euapp01.newsmemory.com\/lamarseillaise\/news\/wp-json\/wp\/v2\/is_homepage?post=39460"},{"taxonomy":"ta_other","embeddable":true,"href":"https:\/\/euapp01.newsmemory.com\/lamarseillaise\/news\/wp-json\/wp\/v2\/ta_other?post=39460"}],"curies":[{"name":"wp","href":"https:\/\/api.w.org\/{rel}","templated":true}]}}