{"id":39457,"date":"2026-08-17T07:12:00","date_gmt":"2026-08-17T05:12:00","guid":{"rendered":"https:\/\/euapp01.newsmemory.com\/lamarseillaise\/news\/?p=39457"},"modified":"2026-08-22T08:24:34","modified_gmt":"2026-08-22T06:24:34","slug":"entretien-jean-de-gliniasty-directeur-de-recherche-a-liris-les-russes-misent-sur-lextenuation-des-ukrainiens","status":"publish","type":"post","link":"https:\/\/euapp01.newsmemory.com\/lamarseillaise\/news\/2026\/08\/17\/entretien-jean-de-gliniasty-directeur-de-recherche-a-liris-les-russes-misent-sur-lextenuation-des-ukrainiens\/","title":{"rendered":"[Entretien] Jean de Gliniasty, directeur de recherche \u00e0 l\u2019IRIS : \u00ab&nbsp;Les Russes misent sur l\u2019ext\u00e9nuation des Ukrainiens&nbsp;\u00bb"},"content":{"rendered":"<div class=\"paragraph\">\n<p><b>L<\/b><b>e pr\u00e9sident russe Vladimir Poutine s\u2019est rendu pour la premi\u00e8re fois <\/b><b>jeudi dans les \u00eeles Kouriles, une visite jug\u00e9e \u00ab<\/b><b>\u00a0<\/b><b>absolument inacceptable<\/b><b>\u00a0<\/b><b>\u00bb<\/b><b> par le Japon qui revendique une partie de cet archipel. Cette pol\u00e9mique n\u2019a rien d\u2019anodine, Tokyo \u00e9tant l\u2019un des soutiens de Kiev dans la guerre <\/b><b>d\u00e9clench\u00e9e par la Russie en<\/b><b>\u00a0<\/b><b>2022. D\u00e9sormais, tous les alli\u00e9s des Ukrainiens <\/b><b>sont cibl\u00e9s d\u2019une fa\u00e7on ou d\u2019une autre par le pouvoir russe. Sur le front, les deux pays s\u2019\u00e9puisent<\/b><b>\u00a0<\/b><b>; si Kiev peut compter sur ses drones, elle peine <\/b><b>\u00e0 intercepter les missiles russes, et demande, aux \u00c9tats-Unis de lui vendre <\/b><b>au moins 5% de ses missiles Patriot.<\/b><\/p>\n<\/p><\/div>\n<div class=\"paragraph\">\n<p><b>La Marseillaise :<\/b> <b>La visite de Vladimir Poutine sur les \u00eeles Kouriles a provoqu\u00e9 l\u2019ire du Japon. Cet acte est consid\u00e9r\u00e9 comme une \u00ab<\/b><b>\u00a0<\/b><b>escalade<\/b><b>\u00a0<\/b><b>\u00bb, Tokyo soutenant Kiev. Qu\u2019en d\u00eetes-vous<\/b><b>\u00a0<\/b><b>?<\/b><\/p>\n<p>Jean de\u00a0Gliniasty\u00a0: Le sort des \u00eeles Kouriles devait \u00eatre n\u00e9goci\u00e9 entre le Japon et la Russie \u00e0 l\u2019occasion du trait\u00e9 de paix en\u00a01945. Il n\u2019y en a pas eu, justement parce qu\u2019ils n\u2019ont pas r\u00e9ussi \u00e0 se mettre d\u2019accord sur les Kouriles du Nord [consid\u00e9r\u00e9es par le Japon comme occup\u00e9es depuis 1945 par l\u2019Union sovi\u00e9tique \u00e0 l\u2019\u00e9poque et d\u00e9sormais la Russie, ndlr]. C\u2019est la premi\u00e8re fois \u00e0 ma connaissance qu\u2019un chef d\u2019\u00c9tat russe vient solennellement dans les \u00eeles Kouriles. Dmitri Medvedev n\u2019y est pas all\u00e9 en tant que chef d\u2019\u00c9tat. Poutine y a visit\u00e9 une usine de poissons et pas d\u2019installation militaire. Pourquoi il l\u2019a fait\u00a0? Le Japon a, depuis longtemps d\u00e9j\u00e0 bascul\u00e9 dans le camp des pays occidentaux qui appliquent des sanctions contre la Russie, pratiquement les m\u00eames que les Europ\u00e9ennes ou les Am\u00e9ricaines. Le deuxi\u00e8me \u00e9l\u00e9ment, c\u2019est qu\u2019il y a une discussion en cours au Japon sur le resserrement d\u2019alliances avec les \u00c9tats-Unis et l\u2019\u00e9ventuel stationnement d\u2019armes nucl\u00e9aires.<\/p>\n<p><b>Drone transportant des explosifs retrouv\u00e9s en Allemagne, ing\u00e9rences dans la campagne pr\u00e9sidentielle en France, tous les alli\u00e9s de Kiev sont cibl\u00e9s<\/b><b>\u00a0<\/b><b>?<\/b><\/p>\n<p>J.d.G.\u00a0: Dans la guerre hybride, tous les soutiens \u00e0 l\u2019Ukraine sont frapp\u00e9s. Tout d\u00e9pend du niveau d\u2019attaque\u00a0: utilisation de l\u2019intelligence artificielle, de fermes \u00e0 trolls etc, cela fait longtemps que les Russes les emploient et cela s\u2019intensifie en p\u00e9riode \u00e9lectorale. Les Russes, comme tous les \u00c9tats dans les d\u00e9mocraties, soutiennent les partis qui leur sont favorables\u00a0: l\u2019AfD en Allemagne et d\u2019autres formations politiques que je ne citerais pas en France, et s\u2019attaquent \u00e0 ceux qui soutiennent l\u2019Ukraine. On est dans un moment d\u2019intensification de la guerre hybride.<\/p>\n<p><b>Cela s\u2019explique-t-il par les difficult\u00e9s de la Russie sur le front<\/b><b>\u00a0<\/b><b>?<\/b><\/p>\n<p>J.d.G.\u00a0: La situation est compliqu\u00e9e dans la mesure o\u00f9 les Ukrainiens ont fait des perc\u00e9es en mati\u00e8re de technologie et de fabrication de drones\u00a0: ils peuvent frapper n\u2019importe quelle partie du territoire russe. Mais c\u2019est une phase qui se termine parce que les Russes ont mis au point des contre-mesures, attaquent l\u2019Ukraine, bloquent les ports qui lui permettent d\u2019exporter des c\u00e9r\u00e9ales, ce dont elle est tr\u00e8s d\u00e9pendante. Nous sommes plut\u00f4t dans une phase d\u2019escalade, o\u00f9 chacun a des atouts qu\u2019il utilise. Les Russes ont les missiles et les Ukrainiens, les drones. Mais ils n\u2019ont pas assez de Patriots et d\u2019intercepteurs de missiles. On est dans une phase extr\u00eamement dangereuse, d\u2019escalade un peu sauvage. Les Russes misent sur l\u2019ext\u00e9nuation des Ukrainiens et ils pensent pouvoir y arriver.<\/p>\n<p><b>N\u2019est-ce pas l\u2019opinion russe qui se lasse de ce conflit<\/b><b>\u00a0<\/b><b>?<\/b><\/p>\n<p>J.d.G.\u00a0: Les bombardements sur les populations, en g\u00e9n\u00e9ral, \u00e7a a l\u2019effet totalement inverse. Si vous prenez le Blitz \u00e0 Londres, l\u2019effet des bombardements am\u00e9ricains en Iran ou ceux contre les infrastructures avec des d\u00e9g\u00e2ts collat\u00e9raux des Russes en Ukraine, \u00e0 chaque fois, \u00e7a a comme premi\u00e8re cons\u00e9quence d\u2019accro\u00eetre la coh\u00e9sion de la population autour des dirigeants. Pour les Russes, c\u2019est un petit peu diff\u00e9rent car Poutine avait dit \u00ab\u00a0<i>c\u2019est une op\u00e9ration militaire sp\u00e9ciale, ce n\u2019est pas une guerre, on n\u2019en subira pas les cons\u00e9quences<\/i><i>\u00a0<\/i>\u00bb. Il y a eu une premi\u00e8re r\u00e9action de la population qui a \u00e9t\u00e9 assez n\u00e9gative en disant \u00ab\u00a0que fait le gouvernement\u00a0? C\u2019est pas normal qu\u2019on soit oblig\u00e9 de faire la queue aux stations d\u2019essence\u00a0\u00bb. L\u2019Ukraine essaye de s\u2019appuyer sur les m\u00e9contentements de la population russe pour d\u00e9stabiliser le pouvoir, mais j\u2019ai des doutes sur l\u2019efficacit\u00e9 de cette m\u00e9thode. Car l\u2019autre r\u00e9action aux attaques, en g\u00e9n\u00e9ral, c\u2019est d\u2019accro\u00eetre la cr\u00e9dibilit\u00e9 du gouvernement qui ici dit \u00ab\u00a0on est en guerre\u00a0\u00bb avec l\u2019Occident collectif, qui veut nous tuer, nous d\u00e9manteler, nous d\u00e9pecer. Je pense que la population russe et notamment la partie qui soutient Poutine, entre 50\u00a0et 60% de la population, seront galvanis\u00e9s. On a d\u00e9j\u00e0 des articles, des tribunes, des chroniques. La pression de ceux qui veulent accro\u00eetre la dimension de la guerre devient plus forte.<\/p>\n<p><b>Quid de la situation en Crim\u00e9e<\/b><b>\u00a0<\/b><b>?<\/b><\/p>\n<p>J.d.G.\u00a0: Le moment de l\u2019annexion de la Crim\u00e9e a \u00e9t\u00e9 celui de la popularit\u00e9 maximale de Poutine. Et m\u00eame s\u2019il descend en ce moment, il n\u2019est pas en dessous du niveau d\u2019approbation de son action qu\u2019il avait avant la Crim\u00e9e, il en a gard\u00e9 le b\u00e9n\u00e9fice. Il est totalement exclu que les Russes rendent le territoire parce que c\u2019est l\u2019objectif principal de la guerre qui est soutenu par l\u2019opinion. Le seul moment o\u00f9 il y a vraiment eu un risque nucl\u00e9aire c\u2019est quand les troupes ukrainiennes se sont approch\u00e9es de la Crim\u00e9e.<\/p>\n<\/p><\/div>\n","protected":false},"excerpt":{"rendered":"Le pr&eacute;sident russe Vladimir Poutine s&rsquo;est rendu pour la premi&egrave;re fois jeudi dans les &icirc;les Kouriles, une visite jug&eacute;e &laquo;&nbsp;absolument inacceptable&nbsp;&raquo; par le Japon qui revendique une partie de cet &#8230;","protected":false},"author":1,"featured_media":39536,"comment_status":"open","ping_status":"open","sticky":false,"template":"","format":"standard","meta":{"footnotes":""},"categories":[3926,3925,337],"tags":[4920,1687,343,598,1469,341,4753,630,1592,732,1053,601,727,1475],"news-destination":[3944],"news-source":[475],"is_homepage":[],"ta_other":[],"class_list":["post-39457","post","type-post","status-publish","format-standard","has-post-thumbnail","hentry","category-accueil-merge","category-accueil-third","category-international","tag-guerreukraine","tag-chercheurs","tag-entretien","tag-europe","tag-guerre-en-ukraine","tag-japon","tag-missiles","tag-populations","tag-recherche","tag-russie","tag-technologie","tag-ukraine","tag-vladimir-poutine","tag-volodymyr-zelensky","news-destination-homepage","news-source-website"],"_links":{"self":[{"href":"https:\/\/euapp01.newsmemory.com\/lamarseillaise\/news\/wp-json\/wp\/v2\/posts\/39457","targetHints":{"allow":["GET"]}}],"collection":[{"href":"https:\/\/euapp01.newsmemory.com\/lamarseillaise\/news\/wp-json\/wp\/v2\/posts"}],"about":[{"href":"https:\/\/euapp01.newsmemory.com\/lamarseillaise\/news\/wp-json\/wp\/v2\/types\/post"}],"author":[{"embeddable":true,"href":"https:\/\/euapp01.newsmemory.com\/lamarseillaise\/news\/wp-json\/wp\/v2\/users\/1"}],"replies":[{"embeddable":true,"href":"https:\/\/euapp01.newsmemory.com\/lamarseillaise\/news\/wp-json\/wp\/v2\/comments?post=39457"}],"version-history":[{"count":1,"href":"https:\/\/euapp01.newsmemory.com\/lamarseillaise\/news\/wp-json\/wp\/v2\/posts\/39457\/revisions"}],"predecessor-version":[{"id":39459,"href":"https:\/\/euapp01.newsmemory.com\/lamarseillaise\/news\/wp-json\/wp\/v2\/posts\/39457\/revisions\/39459"}],"wp:featuredmedia":[{"embeddable":true,"href":"https:\/\/euapp01.newsmemory.com\/lamarseillaise\/news\/wp-json\/wp\/v2\/media\/39536"}],"wp:attachment":[{"href":"https:\/\/euapp01.newsmemory.com\/lamarseillaise\/news\/wp-json\/wp\/v2\/media?parent=39457"}],"wp:term":[{"taxonomy":"category","embeddable":true,"href":"https:\/\/euapp01.newsmemory.com\/lamarseillaise\/news\/wp-json\/wp\/v2\/categories?post=39457"},{"taxonomy":"post_tag","embeddable":true,"href":"https:\/\/euapp01.newsmemory.com\/lamarseillaise\/news\/wp-json\/wp\/v2\/tags?post=39457"},{"taxonomy":"news-destination","embeddable":true,"href":"https:\/\/euapp01.newsmemory.com\/lamarseillaise\/news\/wp-json\/wp\/v2\/news-destination?post=39457"},{"taxonomy":"news-source","embeddable":true,"href":"https:\/\/euapp01.newsmemory.com\/lamarseillaise\/news\/wp-json\/wp\/v2\/news-source?post=39457"},{"taxonomy":"is_homepage","embeddable":true,"href":"https:\/\/euapp01.newsmemory.com\/lamarseillaise\/news\/wp-json\/wp\/v2\/is_homepage?post=39457"},{"taxonomy":"ta_other","embeddable":true,"href":"https:\/\/euapp01.newsmemory.com\/lamarseillaise\/news\/wp-json\/wp\/v2\/ta_other?post=39457"}],"curies":[{"name":"wp","href":"https:\/\/api.w.org\/{rel}","templated":true}]}}