{"id":39453,"date":"2026-08-17T06:44:00","date_gmt":"2026-08-17T04:44:00","guid":{"rendered":"https:\/\/euapp01.newsmemory.com\/lamarseillaise\/news\/?p=39453"},"modified":"2026-08-22T08:11:05","modified_gmt":"2026-08-22T06:11:05","slug":"om-apres-une-preparation-encourageante-place-au-jeu","status":"publish","type":"post","link":"https:\/\/euapp01.newsmemory.com\/lamarseillaise\/news\/2026\/08\/17\/om-apres-une-preparation-encourageante-place-au-jeu\/","title":{"rendered":"OM : apr\u00e8s une pr\u00e9paration encourageante, place au jeu"},"content":{"rendered":"<div class=\"paragraph\">\n<p>De Yamoussoukro au stade V\u00e9lodrome, l\u2019OM a \u00e9tal\u00e9 sa pr\u00e9paration estivale sur un mois. Bruno Genesio a d\u00fb faire avec les forces en pr\u00e9sence pour construire une \u00e9quipe tenant debout, avec une certaine philosophie de jeu. Durant un mercato pour l\u2019heure bien calme, l\u2019ancien coach lillois s\u2019est appliqu\u00e9 et a impos\u00e9 sa patte dans un environnement sp\u00e9cial et incertain. La pr\u00e9-saison en est maintenant \u00e0 son cr\u00e9puscule et la lumi\u00e8re est au bout du tunnel.<\/p>\n<p>La Ligue\u00a01 arrive \u00e0 grands pas puisque les Phoc\u00e9ens joueront le match d\u2019ouverture de l\u2019exercice 2026-2027. Ce sera d\u00e8s ce vendredi 21\u00a0ao\u00fbt, au V\u00e9lodrome, face \u00e0 un Racing Club Strasbourg sortant d\u2019une phase de matches amicaux catastrophique. Bruno Genesio s\u2019est longuement \u00e9tendu \u00e0 la suite de la rencontre face \u00e0 l\u2019Atletico Madrid (1-2). Le Lyonnais a r\u00e9alis\u00e9 un premier bilan, depuis son arriv\u00e9e d\u00e9but juillet \u00e0 la t\u00eate du club. \u00ab\u00a0<i>On a repris depuis six semaines, il y a divers degr\u00e9s de forme, puisque ceux qui sont rentr\u00e9s un peu plus tard ont forc\u00e9ment un peu de retard dans la pr\u00e9paration. Je trouve qu\u2019on est mont\u00e9 en puissance dans ces matchs de pr\u00e9paration, notamment les deux derniers, contre deux bonnes \u00e9quipes. Ce soir [vendredi], c\u2019\u00e9tait une tr\u00e8s bonne \u00e9quipe qui fait partie des 8-10<\/i><i>\u00a0<\/i><i>meilleures \u00e9quipes europ\u00e9ennes. Apr\u00e8s, il y a plein de choses positives dans ces deux matchs, notamment dans ce que je souhaite voir de mon \u00e9quipe, \u00e0 savoir du pressing, du contre-pressing. Un jeu avec ballon o\u00f9 il y a beaucoup de combinaisons, beaucoup de mouvements. L\u00e0 o\u00f9 on doit s\u2019am\u00e9liorer, ce sont les petits d\u00e9tails qui font la diff\u00e9rence entre eux et nous. Par exemple, ce soir, \u00eatre capable de gommer ces petites erreurs, \u00e0 la fois sur le premier but et sur le deuxi\u00e8me but.<\/i>\u00a0\u00bb<\/p>\n<p><i><\/i><\/p>\n<\/p><\/div>\n<div class=\"intext\"> Une pr\u00e9paration positive\n              <\/div>\n<div class=\"paragraph\">\n<p>S\u2019il y a d\u00e9j\u00e0 des remous avec la direction (voir ci-contre) et de l\u2019impatience vis-\u00e0-vis des arriv\u00e9es, l\u2019entra\u00eeneur marseillais a \u00e9t\u00e9 bluff\u00e9 par l\u2019attitude de ses joueurs. En donnant sa chance \u00e0 tout le monde, y compris les plus jeunes, Genesio a plac\u00e9 son groupe dans les meilleures conditions pour progresser. Tout le monde est \u00e0 vendre, personne n\u2019est plac\u00e9 dans le loft et chacun a une opportunit\u00e9. \u00ab\u00a0<i>C\u2019est pour \u00e7a que je souligne l\u2019engagement et l\u2019investissement. Je le vois tous les jours \u00e0 l\u2019entra\u00eenement depuis que je suis arriv\u00e9. Je sens des joueurs \u00e0 l\u2019\u00e9coute qui ont envie de bien faire. Forc\u00e9ment, ce n\u2019est pas tout le temps bien r\u00e9alis\u00e9, mais dans l\u2019ensemble, en six semaines, je trouve qu\u2019il y a beaucoup de bonnes choses qui sont r\u00e9alis\u00e9es par les joueurs. Globalement, c\u2019est vraiment une pr\u00e9paration qui reste positive pour moi, pour le staff<\/i>\u00a0\u00bb, a justifi\u00e9 le coach qui aura 60\u00a0ans le 1<sup>er<\/sup>\u00a0septembre. Le prochain adversaire des Marseillais sera donc Strasbourg. Les hommes du stade de la Meinau ont eux aussi v\u00e9cu une intersaison mouvement\u00e9e avec de tr\u00e8s nombreux d\u00e9parts. Nouvel entra\u00eeneur, nouveau gardien, des changements sur toutes les lignes et une pr\u00e9paration tr\u00e8s compliqu\u00e9e pour les Alsaciens. 0-7, 0-2, 3-4, 2-5, 0-2, 0-2\u00a0: pas m\u00eame un match nul sur six matches amicaux et beaucoup de doutes \u00e0 l\u2019heure d\u2019affronter l\u2019OM. Le Racing est peut-\u00eatre encore plus mal en point que Leo Balerdi et consorts.<\/p>\n<\/p><\/div>\n<div class=\"paragraph\">\n<p><b>Pierre-Emile H\u00f8jbjerg perd le capitanat<\/b><\/p>\n<p>Le capitanat de Timothy Weah face \u00e0 l\u2019Atletico pouvait para\u00eetre surprenant, vu que Balerdi et H\u00f8jbjerg \u00e9taient sur le terrain. En conf\u00e9rence de presse d\u2019apr\u00e8s-match, Bruno Genesio a expliqu\u00e9 que ce choix venait d\u2019en haut. \u00ab <i>C\u2019est une d\u00e9cision qui m\u2019a \u00e9t\u00e9 dict\u00e9e par la direction du club. Si je suis compl\u00e8tement franc et je vais l\u2019\u00eatre, ce n\u2019est pas une d\u00e9cision que je partage. Mais je suis salari\u00e9 et je dois me soumettre \u00e0 certaines obligations<\/i> \u00bb, a-t-il simplement dit.<\/p>\n<p>Frank McCourt a d\u00e9cid\u00e9 de sanctionner l\u2019international danois puisque ce dernier avait refus\u00e9 son transfert \u00e0 Newcastle alors que tout \u00e9tait boucl\u00e9. Un retournement de situation qui avait passablement \u00e9nerv\u00e9 le propri\u00e9taire am\u00e9ricain.<\/p>\n<\/p><\/div>\n","protected":false},"excerpt":{"rendered":"De Yamoussoukro au stade V&eacute;lodrome, l&rsquo;OM a &eacute;tal&eacute; sa pr&eacute;paration estivale sur un mois. Bruno Genesio a d&ucirc; faire avec les forces en pr&eacute;sence pour construire une &eacute;quipe tenant debout, avec une &#8230;","protected":false},"author":1,"featured_media":39454,"comment_status":"open","ping_status":"open","sticky":false,"template":"","format":"standard","meta":{"footnotes":""},"categories":[3926,3925,7],"tags":[10,13,4846,1153,16,900,14],"news-destination":[3944],"news-source":[475],"is_homepage":[],"ta_other":[],"class_list":["post-39453","post","type-post","status-publish","format-standard","has-post-thumbnail","hentry","category-accueil-merge","category-accueil-third","category-sports","tag-bouches-du-rhone","tag-football","tag-frank-mccourt","tag-ligue-1","tag-marseille","tag-match","tag-om","news-destination-homepage","news-source-website"],"_links":{"self":[{"href":"https:\/\/euapp01.newsmemory.com\/lamarseillaise\/news\/wp-json\/wp\/v2\/posts\/39453","targetHints":{"allow":["GET"]}}],"collection":[{"href":"https:\/\/euapp01.newsmemory.com\/lamarseillaise\/news\/wp-json\/wp\/v2\/posts"}],"about":[{"href":"https:\/\/euapp01.newsmemory.com\/lamarseillaise\/news\/wp-json\/wp\/v2\/types\/post"}],"author":[{"embeddable":true,"href":"https:\/\/euapp01.newsmemory.com\/lamarseillaise\/news\/wp-json\/wp\/v2\/users\/1"}],"replies":[{"embeddable":true,"href":"https:\/\/euapp01.newsmemory.com\/lamarseillaise\/news\/wp-json\/wp\/v2\/comments?post=39453"}],"version-history":[{"count":1,"href":"https:\/\/euapp01.newsmemory.com\/lamarseillaise\/news\/wp-json\/wp\/v2\/posts\/39453\/revisions"}],"predecessor-version":[{"id":39455,"href":"https:\/\/euapp01.newsmemory.com\/lamarseillaise\/news\/wp-json\/wp\/v2\/posts\/39453\/revisions\/39455"}],"wp:featuredmedia":[{"embeddable":true,"href":"https:\/\/euapp01.newsmemory.com\/lamarseillaise\/news\/wp-json\/wp\/v2\/media\/39454"}],"wp:attachment":[{"href":"https:\/\/euapp01.newsmemory.com\/lamarseillaise\/news\/wp-json\/wp\/v2\/media?parent=39453"}],"wp:term":[{"taxonomy":"category","embeddable":true,"href":"https:\/\/euapp01.newsmemory.com\/lamarseillaise\/news\/wp-json\/wp\/v2\/categories?post=39453"},{"taxonomy":"post_tag","embeddable":true,"href":"https:\/\/euapp01.newsmemory.com\/lamarseillaise\/news\/wp-json\/wp\/v2\/tags?post=39453"},{"taxonomy":"news-destination","embeddable":true,"href":"https:\/\/euapp01.newsmemory.com\/lamarseillaise\/news\/wp-json\/wp\/v2\/news-destination?post=39453"},{"taxonomy":"news-source","embeddable":true,"href":"https:\/\/euapp01.newsmemory.com\/lamarseillaise\/news\/wp-json\/wp\/v2\/news-source?post=39453"},{"taxonomy":"is_homepage","embeddable":true,"href":"https:\/\/euapp01.newsmemory.com\/lamarseillaise\/news\/wp-json\/wp\/v2\/is_homepage?post=39453"},{"taxonomy":"ta_other","embeddable":true,"href":"https:\/\/euapp01.newsmemory.com\/lamarseillaise\/news\/wp-json\/wp\/v2\/ta_other?post=39453"}],"curies":[{"name":"wp","href":"https:\/\/api.w.org\/{rel}","templated":true}]}}