{"id":39447,"date":"2026-08-17T06:53:00","date_gmt":"2026-08-17T04:53:00","guid":{"rendered":"https:\/\/euapp01.newsmemory.com\/lamarseillaise\/news\/?p=39447"},"modified":"2026-08-22T08:00:00","modified_gmt":"2026-08-22T06:00:00","slug":"des-colos-dans-les-alpes-pour-les-minots-marseillais","status":"publish","type":"post","link":"https:\/\/euapp01.newsmemory.com\/lamarseillaise\/news\/2026\/08\/17\/des-colos-dans-les-alpes-pour-les-minots-marseillais\/","title":{"rendered":"Des colos dans les Alpes pour les minots marseillais"},"content":{"rendered":"<div class=\"paragraph\">\n<p>Quand Farida Benaouda, conseill\u00e8re municipale d\u00e9l\u00e9gu\u00e9e aux Vacances pour tous \u00e0 la Ville de Marseille, passe la porte du chalet de l\u2019association Contact Club, situ\u00e9 \u00e0 R\u00e9allon au c\u0153ur des Hautes-Alpes, elle d\u00e9couvre une quinzaine de minots qui ont des \u00e9toiles plein les yeux et des sourires jusqu\u2019aux oreilles. \u00ab\u00a0<i>Moi c\u2019est la premi\u00e8re fois que je fais une colo. Je n\u2019\u00e9tais jamais venu dans les montagnes<\/i><i>\u00a0<\/i><i>! On a fait une randonn\u00e9e on est partis dans une rivi\u00e8re tr\u00e8s froide&#8230; \u00c7a a fait du bien<\/i><i>\u00a0<\/i>\u00bb, lance un minot de 12\u00a0ans.<\/p>\n<p>\u00c0 peine les pr\u00e9sentations faites, les questions fusent entre l\u2019\u00e9lue et la petite \u00e9quipe\u00a0: \u00c9v\u00e8nement marquant de la semaine, activit\u00e9s incontournables, d\u00e9couverte de la montagne&#8230; Il faut dire que leurs journ\u00e9es ont \u00e9t\u00e9 bien charg\u00e9es au c\u0153ur du magnifique Parc national des \u00c9crins\u00a0: visite et jeu de piste au fort de Brian\u00e7on, randonn\u00e9es, jeux aquatiques au plan d\u2019eau du coin, soir\u00e9e feu d\u2019artifice et visionnage de film le soir&#8230; C\u2019est d\u2019ailleurs le d\u00e9brief du film <i>Billy Elliot <\/i>qui les occupe ce matin. L\u2019occasion pour les animateurs, Lyes et Tom, d\u2019aborder des sujets pas forc\u00e9ment simples \u00e0 appr\u00e9hender pour des jeunes de cet \u00e2ge&#8230; Mais l\u2019\u00e9quipe du Contact Club sait manier le fond et la forme avec finesse. Et pour cause\u00a0: 80% des animateurs sont pass\u00e9s par la structure.<\/p>\n<\/p><\/div>\n<div class=\"intext\"> Une premi\u00e8re pour les minots comme pour l\u2019\u00e9lue\n              <\/div>\n<div class=\"paragraph\">\n<p>On comprend mieux pourquoi la colonie fait partie int\u00e9grante du village\u00a0: les voisins saluent avec plaisir les minots, rendent service \u00e0 la structure et inversement. Une fois la discussion \u00e0 b\u00e2ton rompu finie, place \u00e0 la pr\u00e9paration du repas. Diakit\u00e9, qui rentre au lyc\u00e9e en septembre et habitu\u00e9 des colos avec la structure, enfile sa charlotte avec plaisir et passe aux fourneaux pour pr\u00e9parer le plat du jour.<\/p>\n<p>Car l\u2019organisation des t\u00e2ches m\u00e9nag\u00e8res est aussi \u00ab\u00a0<i>une forme d\u2019\u00e9ducation populaire<\/i>\u00a0\u00bb avec des groupes qui tournent selon les jours\u00a0: plonge, cuisine, rangement&#8230; Farida Benaouda tient \u00e0 leur passer ce message\u00a0: \u00ab<i>\u00a0<\/i><i>Le Maire de Marseille, Beno\u00eet Payan, est fier d\u2019appuyer le dispositif. Comptez sur nous pour faire mieux et plus pour aider la jeunesse marseillaise \u00e0 se faire des souvenirs<\/i><i>\u00a0<\/i><i>!<\/i>\u00a0\u00bb. C\u2019est une premi\u00e8re qu\u2019une \u00e9lue de la Ville aille directement sur les lieux de vacances des minots marseillais qui partent dans le cadre des \u00ab\u00a0Vacances pour tous\u00a0\u00bb. Les jeunes la remercient chaudement et elle repart sous leurs coucous enthousiastes, en direction d\u2019une autre colonie&#8230;<\/p>\n<p>\u00c0 Pont-du-Foss\u00e9, elle rencontre cette fois l\u2019\u00e9quipe de l\u2019Agamfa qui s\u2019occupe d\u2019une quinzaine de minots \u00e2g\u00e9s de 7\u00a0\u00e0 11\u00a0ans, la plupart venant du centre a\u00e9r\u00e9 des Flamants mais aussi d\u2019autres quartiers de Marseille comme La Busserine ou la copropri\u00e9t\u00e9 du Mail. Hasard du calendrier, ou pas, ils profitent du festival L\u2019\u00e9cho des mots \u00e0 Saint-Jean-Saint-Nicolas qui propose justement une myriade d\u2019activit\u00e9s pour petits et grands. L\u00e0 encore, la montagne et les produits locaux ont fait leurs effets sur les petiots. Quand l\u2019\u00e9lue demande s\u2019ils sont satisfaits du s\u00e9jour, les r\u00e9ponses sont unanimes\u00a0: \u00ab\u00a0<i>Je ne veux pas rentrer demain<\/i><i>\u00a0<\/i><i>!<\/i><i>\u00a0<\/i>\u00bb, \u00ab\u00a0<i>On veut revenir l\u2019ann\u00e9e prochaine et avec les m\u00eames animateurs<\/i><i>\u00a0<\/i><i>!<\/i><i>\u00a0<\/i>\u00bb. Najib, le directeur de la colo, court \u00e0 droite et \u00e0 gauche pour s\u2019occuper des petits mais confirme\u00a0: \u00ab<i>\u00a0<\/i><i>Ils se r\u00e9galent<\/i><i>\u00a0<\/i><i>!<\/i><i>\u00a0<\/i>\u00bb. Farida Benaouda insiste\u00a0: \u00ab\u00a0<i>Vous vous faites des souvenirs pour la vie<\/i><i>\u00a0<\/i><i>!<\/i>\u00a0\u00bb.<\/p>\n<p>L\u2019\u00e9lue ach\u00e8ve sa visite marathon avec le centre de vacances Les Jonquilles \u00e0 Saint-Julien-en-Champsaur. Avec l\u00e0 encore des sourires par dizaines et des minots plus que ravis du cadre et des animations propos\u00e9es par la structure Aro\u00e9ven.<\/p>\n<p>Les petits sortent de la douche et se pr\u00e9parent avec impatience pour la boum de fin de s\u00e9jour&#8230; De quoi revenir \u00e0 Marseille avec des histoires \u00e0 raconter et des souvenirs plein la t\u00eate.<\/p>\n<\/p><\/div>\n","protected":false},"excerpt":{"rendered":"Quand Farida Benaouda, conseill&egrave;re municipale d&eacute;l&eacute;gu&eacute;e aux Vacances pour tous &agrave; la Ville de Marseille, passe la porte du chalet de l&rsquo;association Contact Club, situ&eacute; &agrave; R&eacute;allon au &#8230;","protected":false},"author":1,"featured_media":39448,"comment_status":"open","ping_status":"open","sticky":false,"template":"","format":"standard","meta":{"footnotes":""},"categories":[3926,3925,20],"tags":[100,4768,10,4840,5085,6261,329,540,4468,59,1063,752,16,1404,668,1393,2915,99,61],"news-destination":[3944],"news-source":[475],"is_homepage":[],"ta_other":[],"class_list":["post-39447","post","type-post","status-publish","format-standard","has-post-thumbnail","hentry","category-accueil-merge","category-accueil-third","category-societe","tag-activites","tag-alpes","tag-bouches-du-rhone","tag-busserine","tag-colonies-de-vacances","tag-farida-benaouda","tag-festival","tag-gauche","tag-hautes-alpes","tag-jeunes","tag-jeunesse","tag-maire","tag-marseille","tag-parc-national","tag-quartiers","tag-randonnee","tag-souvenirs","tag-ville-de-marseille","tag-visite","news-destination-homepage","news-source-website"],"_links":{"self":[{"href":"https:\/\/euapp01.newsmemory.com\/lamarseillaise\/news\/wp-json\/wp\/v2\/posts\/39447","targetHints":{"allow":["GET"]}}],"collection":[{"href":"https:\/\/euapp01.newsmemory.com\/lamarseillaise\/news\/wp-json\/wp\/v2\/posts"}],"about":[{"href":"https:\/\/euapp01.newsmemory.com\/lamarseillaise\/news\/wp-json\/wp\/v2\/types\/post"}],"author":[{"embeddable":true,"href":"https:\/\/euapp01.newsmemory.com\/lamarseillaise\/news\/wp-json\/wp\/v2\/users\/1"}],"replies":[{"embeddable":true,"href":"https:\/\/euapp01.newsmemory.com\/lamarseillaise\/news\/wp-json\/wp\/v2\/comments?post=39447"}],"version-history":[{"count":3,"href":"https:\/\/euapp01.newsmemory.com\/lamarseillaise\/news\/wp-json\/wp\/v2\/posts\/39447\/revisions"}],"predecessor-version":[{"id":39942,"href":"https:\/\/euapp01.newsmemory.com\/lamarseillaise\/news\/wp-json\/wp\/v2\/posts\/39447\/revisions\/39942"}],"wp:featuredmedia":[{"embeddable":true,"href":"https:\/\/euapp01.newsmemory.com\/lamarseillaise\/news\/wp-json\/wp\/v2\/media\/39448"}],"wp:attachment":[{"href":"https:\/\/euapp01.newsmemory.com\/lamarseillaise\/news\/wp-json\/wp\/v2\/media?parent=39447"}],"wp:term":[{"taxonomy":"category","embeddable":true,"href":"https:\/\/euapp01.newsmemory.com\/lamarseillaise\/news\/wp-json\/wp\/v2\/categories?post=39447"},{"taxonomy":"post_tag","embeddable":true,"href":"https:\/\/euapp01.newsmemory.com\/lamarseillaise\/news\/wp-json\/wp\/v2\/tags?post=39447"},{"taxonomy":"news-destination","embeddable":true,"href":"https:\/\/euapp01.newsmemory.com\/lamarseillaise\/news\/wp-json\/wp\/v2\/news-destination?post=39447"},{"taxonomy":"news-source","embeddable":true,"href":"https:\/\/euapp01.newsmemory.com\/lamarseillaise\/news\/wp-json\/wp\/v2\/news-source?post=39447"},{"taxonomy":"is_homepage","embeddable":true,"href":"https:\/\/euapp01.newsmemory.com\/lamarseillaise\/news\/wp-json\/wp\/v2\/is_homepage?post=39447"},{"taxonomy":"ta_other","embeddable":true,"href":"https:\/\/euapp01.newsmemory.com\/lamarseillaise\/news\/wp-json\/wp\/v2\/ta_other?post=39447"}],"curies":[{"name":"wp","href":"https:\/\/api.w.org\/{rel}","templated":true}]}}