{"id":39444,"date":"2026-08-17T06:27:00","date_gmt":"2026-08-17T04:27:00","guid":{"rendered":"https:\/\/euapp01.newsmemory.com\/lamarseillaise\/news\/?p=39444"},"modified":"2026-08-17T10:09:07","modified_gmt":"2026-08-17T08:09:07","slug":"la-piscine-de-nino","status":"publish","type":"post","link":"https:\/\/euapp01.newsmemory.com\/lamarseillaise\/news\/2026\/08\/17\/la-piscine-de-nino\/","title":{"rendered":"La piscine de Nino"},"content":{"rendered":"<div class=\"paragraph\">\n<p>Sous sa petite tente surchauff\u00e9e, \u00c9lise s\u2019appr\u00eate \u00e0 (sur)vivre une nouvelle journ\u00e9e. Elle est sans-abri, dans une extr\u00eame pr\u00e9carit\u00e9. Elle se fait discr\u00e8te en marchant dans la rue ou quand elle s\u2019assied sur le bitume, &#8211;\u00a0qui br\u00fble \u00e0 plus de 40\u00b0\u00a0&#8211; pour faire la manche. \u00c9lise re\u00e7oit plus d\u2019indiff\u00e9rence que de mains tendues. Mais elle s\u2019accroche, reste digne malgr\u00e9 l\u2019exclusion.<\/p>\n<p>\u00c0 Marseille, les personnes sans-abri sont pr\u00e8s de 16\u00a0000 dont 40\u00a0% de femmes. Parmi elles, \u00c9lise. Leur situation est gravissime mais n\u2019emp\u00eache pas l\u2019\u00c9tat de supprimer 200\u00a0places d\u2019h\u00e9bergement d\u2019urgence dans les Bouches-du-Rh\u00f4ne. Pourtant Emmanuel Macron promettait \u00ab\u00a0z\u00e9ro SDF\u00a0\u00bb. Une gal\u00e9jade du pr\u00e9sident des riches, pilote de jet-ski.<\/p>\n<p><b>Indignit\u00e9<\/b><\/p>\n<p>L\u2019\u00c9tat et ses repr\u00e9sentants savent parfois se montrer z\u00e9l\u00e9s avec les \u00c9lise de la rue. Pr\u00e9cisons que si ces actes seraient a priori marginaux, des humiliations et vexations seraient commises par ceux qui sont cens\u00e9s prot\u00e9ger. Oui, les forces de l\u2019ordre arpentent la ville pour notre s\u00e9curit\u00e9. C\u2019est bien. Mais, parfois, certains policiers butent sur une petite tente surchauff\u00e9e, bien cach\u00e9e des regards mais pas du leur. Celui du limier. Que voient les pandores\u00a0?Une minuscule piscine s\u2019\u00e9tiole pr\u00e8s de la tente. On ne saura dire quel justicier a sorti un canif pour crever cette \u00ab\u00a0arme par destination contre la canicule\u00a0\u00bb, qui a vomi son eau en quelques secondes. Ce microbassin de fortune (qui ne g\u00eanait personne) servait \u00e0 rafra\u00eechir le chien d\u2019\u00c9lise. Unique compagnon de rue contre la solitude. Celui, aussi, qui \u00e9loigne les violeurs. La piscine de Nino a donc \u00e9t\u00e9 crev\u00e9e\u00a0; des dizaines d\u2019h\u00e9bergements sont supprim\u00e9es\u00a0; Une dizaine de sans-abri sont d\u00e9j\u00e0 morts d\u2019hyperthermie en France, depuis juin. Du plus infime au plus tragique, ces faits r\u00e9v\u00e8lent l\u2019indignit\u00e9 d\u2019une politique et l\u2019absence de volont\u00e9. Il est temps que cela cesse.<\/p>\n<\/p><\/div>\n","protected":false},"excerpt":{"rendered":"Sous sa petite tente surchauff&eacute;e, &Eacute;lise s&rsquo;appr&ecirc;te &agrave; (sur)vivre une nouvelle journ&eacute;e. Elle est sans-abri, dans une extr&ecirc;me pr&eacute;carit&eacute;. Elle se fait discr&egrave;te en marchant dans la rue ou &#8230;","protected":false},"author":1,"featured_media":39445,"comment_status":"open","ping_status":"open","sticky":false,"template":"","format":"standard","meta":{"footnotes":""},"categories":[332],"tags":[10,1372,575,2721,3626,5947,16,3062],"news-destination":[],"news-source":[475],"is_homepage":[],"ta_other":[],"class_list":["post-39444","post","type-post","status-publish","format-standard","has-post-thumbnail","hentry","category-edito","tag-bouches-du-rhone","tag-editoriaux","tag-emmanuel-macron","tag-hebergement","tag-hebergement-durgence","tag-indignite","tag-marseille","tag-sans-abris","news-source-website"],"_links":{"self":[{"href":"https:\/\/euapp01.newsmemory.com\/lamarseillaise\/news\/wp-json\/wp\/v2\/posts\/39444","targetHints":{"allow":["GET"]}}],"collection":[{"href":"https:\/\/euapp01.newsmemory.com\/lamarseillaise\/news\/wp-json\/wp\/v2\/posts"}],"about":[{"href":"https:\/\/euapp01.newsmemory.com\/lamarseillaise\/news\/wp-json\/wp\/v2\/types\/post"}],"author":[{"embeddable":true,"href":"https:\/\/euapp01.newsmemory.com\/lamarseillaise\/news\/wp-json\/wp\/v2\/users\/1"}],"replies":[{"embeddable":true,"href":"https:\/\/euapp01.newsmemory.com\/lamarseillaise\/news\/wp-json\/wp\/v2\/comments?post=39444"}],"version-history":[{"count":1,"href":"https:\/\/euapp01.newsmemory.com\/lamarseillaise\/news\/wp-json\/wp\/v2\/posts\/39444\/revisions"}],"predecessor-version":[{"id":39446,"href":"https:\/\/euapp01.newsmemory.com\/lamarseillaise\/news\/wp-json\/wp\/v2\/posts\/39444\/revisions\/39446"}],"wp:featuredmedia":[{"embeddable":true,"href":"https:\/\/euapp01.newsmemory.com\/lamarseillaise\/news\/wp-json\/wp\/v2\/media\/39445"}],"wp:attachment":[{"href":"https:\/\/euapp01.newsmemory.com\/lamarseillaise\/news\/wp-json\/wp\/v2\/media?parent=39444"}],"wp:term":[{"taxonomy":"category","embeddable":true,"href":"https:\/\/euapp01.newsmemory.com\/lamarseillaise\/news\/wp-json\/wp\/v2\/categories?post=39444"},{"taxonomy":"post_tag","embeddable":true,"href":"https:\/\/euapp01.newsmemory.com\/lamarseillaise\/news\/wp-json\/wp\/v2\/tags?post=39444"},{"taxonomy":"news-destination","embeddable":true,"href":"https:\/\/euapp01.newsmemory.com\/lamarseillaise\/news\/wp-json\/wp\/v2\/news-destination?post=39444"},{"taxonomy":"news-source","embeddable":true,"href":"https:\/\/euapp01.newsmemory.com\/lamarseillaise\/news\/wp-json\/wp\/v2\/news-source?post=39444"},{"taxonomy":"is_homepage","embeddable":true,"href":"https:\/\/euapp01.newsmemory.com\/lamarseillaise\/news\/wp-json\/wp\/v2\/is_homepage?post=39444"},{"taxonomy":"ta_other","embeddable":true,"href":"https:\/\/euapp01.newsmemory.com\/lamarseillaise\/news\/wp-json\/wp\/v2\/ta_other?post=39444"}],"curies":[{"name":"wp","href":"https:\/\/api.w.org\/{rel}","templated":true}]}}