{"id":39441,"date":"2026-08-17T06:34:00","date_gmt":"2026-08-17T04:34:00","guid":{"rendered":"https:\/\/euapp01.newsmemory.com\/lamarseillaise\/news\/?p=39441"},"modified":"2026-08-22T08:00:00","modified_gmt":"2026-08-22T06:00:00","slug":"places-daccueil-sabrees-des-vies-fragilisees","status":"publish","type":"post","link":"https:\/\/euapp01.newsmemory.com\/lamarseillaise\/news\/2026\/08\/17\/places-daccueil-sabrees-des-vies-fragilisees\/","title":{"rendered":"Places d\u2019accueil sabr\u00e9es, des vies fragilis\u00e9es"},"content":{"rendered":"<div class=\"paragraph\">\n<p>\u00ab <i>M<\/i><i>oi<\/i> <i>et ma famille on \u00e9tait h\u00e9berg\u00e9s \u00e0 l\u2019h\u00f4tel par le<\/i><i>\u00a0<\/i><i>115, ils nous ont appel\u00e9s pour nous informer qu\u2019ils ont trouv\u00e9 une chambre [dans] un foyer&#8230; On a essay\u00e9 de refuser, ils ont dit que nous n\u2019avons pas le choix, c\u2019est soit \u00e7a, soit ils nous mettent dehors. On a fait confiance et on a accept\u00e9. Aujourd\u2019hui, ils nous ont d\u00e9plac\u00e9s et c\u2019est la d\u00e9ception totale.<\/i>\u00a0\u00bb<i> <\/i>Dans une lettre au Secours catholique, cette maman de deux enfants dont un \u00e2g\u00e9 d\u2019un an, appelle \u00e0 l\u2019aide. Elle s\u2019est vue mettre la pression pour d\u00e9m\u00e9nager alors qu\u2019elle a toute sa vie dans une ville o\u00f9 elle essaie de s\u2019en sortir. Son mari ayant m\u00eame obtenu un travail. Elle poursuit\u00a0: \u00ab\u00a0<i>Le foyer est au milieu de nulle part. Et la chambre, plus petite que celle de l\u2019h\u00f4tel, pleine de cafards. Sans climatisation, mes enfants n\u2019ont pas pu dormir jusqu\u2019\u00e0 1h. Mon fils n\u2019a pas du tout accept\u00e9 ce changement, il \u00e9tait tr\u00e8s malheureux. J\u2019aimerais que le<\/i><i>\u00a0<\/i><i>115 me d\u00e9place (&#8230;) avec des conditions de vies plus adapt\u00e9es pour mes enfants et moi<\/i>\u00a0\u00bb.<\/p>\n<p>Des t\u00e9moignages comme \u00e7a, Alain*, travailleur social du Secours catholique dans un centre d\u2019accueil pour femmes, en a \u00e0 la pelle. Dire qu\u2019il soutient la lettre de l\u2019association envoy\u00e9e au pr\u00e9fet, d\u00e9non\u00e7ant comme de nombreuses autres impliqu\u00e9es dans l\u2019h\u00e9bergement d\u2019urgence, les instructions du repr\u00e9sentant de l\u2019\u00c9tat, est un euph\u00e9misme.<\/p>\n<p>Il raconte cette femme venue de Lyon avec ses enfants pour fuir son mari violent qui voulait la tuer et qui a fait de la prison pour cela. On lui demande d\u2019y retourner car les violences n\u2019ont pas eu lieu dans la ville o\u00f9 elle est accueillie. Elle restera dans sa voiture avec ses enfants en attendant une solution. Cette autre, enceinte de neuf mois qui sort de l\u2019h\u00f4pital apr\u00e8s des contractions, reste sans aucune solution aupr\u00e8s du\u00a0115, et est h\u00e9berg\u00e9e au centre, le temps d\u2019en trouver une. Ou encore cette femme enceinte, violent\u00e9e \u00e0 Montpellier, qui part \u00e0 Vitrolles, que le\u00a0115 refuse d\u2019h\u00e9berger car elle n\u2019est plus en danger.<\/p>\n<\/p><\/div>\n<div class=\"intext\"> Faveurs sexuelles et viol\n              <\/div>\n<div class=\"paragraph\">\n<p>\u00catre femmes \u00e0 la rue, c\u2019est \u00ab<i>\u00a0<\/i><i>100% de chances de se faire agresser sexuellement ou violer<\/i><i>\u00a0<\/i>\u00bb, ass\u00e8ne le travailleur social. C\u2019est aussi \u00ab\u00a0<i>\u00eatre oblig\u00e9e d\u2019\u00e9changer des faveurs sexuelles en h\u00e9bergement chez un tiers, de faire l\u2019esclave moderne en faisant le m\u00e9nage<\/i>\u00a0\u00bb assure-t-il, fort des histoires de la vingtaine de personnes que re\u00e7oit le centre chaque jour. Un lieu pour prendre sa douche, se poser, respirer en toute intimit\u00e9. S\u2019il con\u00e7oit que les places en h\u00f4tel sont co\u00fbteuses, il rappelle que \u00ab\u00a0<i>ce n\u2019est pas la panac\u00e9e<\/i>\u00a0\u00bb. \u00ab\u00a0<i>On ne peut pas y cuisiner et cela se passe plus ou moins bien suivant l\u2019h\u00f4telier. Le matin, on doit partir, le soir on dort \u00e0 20h ou \u00e0 19h. Parfois, c\u2019est ouvert le matin, parfois, l\u2019apr\u00e8s-midi, parfois, on oblige \u00e0 faire le m\u00e9nage pour rester, sous peine d\u2019un signalement o\u00f9 on va dire que la personne s\u2019est mal comport\u00e9e et elle peut \u00eatre mise dehors. On a eu des retours o\u00f9 l\u2019on se servait joyeusement en disant que si l\u2019h\u00e9berg\u00e9e voulait rester, c\u2019\u00e9tait de la faveur sexuelle<\/i>\u00a0\u00bb d\u00e9taille-t-il.<\/p>\n<p>Il revient aussi sur les cons\u00e9quences de cette remise \u00e0 la rue pour des personnes qui vont jusqu\u2019\u00e0 garder tous leurs tickets RTM pour nourrir leur dossier, montrant \u00e0 quel point elles sont honn\u00eates. \u00ab\u00a0<i>Oui, ce sont souvent des personnes en situation irr\u00e9guli\u00e8re<\/i>\u00a0\u00bb<i> <\/i>admet Alain,<i> <\/i>\u00ab\u00a0<i>mais qui sont l\u00e0 depuis 3, 4<\/i><i>\u00a0<\/i><i>ou 5<\/i><i>\u00a0<\/i><i>ans, qui ont un emploi, se comportent comme des bons citoyens. Les enfants vont \u00e0 l\u2019\u00e9cole<\/i>. <i>Et \u00e0 qui on dit finalement, d\u00e9sol\u00e9, tu repars \u00e0 la rue, ou alors \u00e0 Vitrolles, Marignane<\/i><i>\u00a0<\/i>\u00bb indique-t-il. De quoi nourrir \u00ab\u00a0<i>la col\u00e8re voire la haine, avec des gamins qui trouveront leur int\u00e9r\u00eat \u00e0 faire le chouf \u00e0 la cit\u00e9 du coin, moyennant 150<\/i><i>\u00a0<\/i><i>euros la journ\u00e9e<\/i>\u00a0\u00bb, o\u00f9 \u00ab\u00a0<i>l\u2019argent \u00e9conomis\u00e9 en h\u00e9bergement d\u2019urgence, va \u00eatre d\u00e9pens\u00e9 en sant\u00e9 mentale, en frais hospitaliers, en police, en lutte contre le narcotrafic<\/i>\u00a0\u00bb. Un \u00ab\u00a0<i>terrible retour en arri\u00e8re<\/i><i>\u00a0<\/i>\u00bb d\u00e9plore-t-il.<\/p>\n<p>Le tout alors que les femmes sans-abri \u00e9taient une priorit\u00e9 affich\u00e9e par la pr\u00e9f\u00e8te \u00e0 l\u2019\u00e9galit\u00e9 des chances, Isabelle \u00c9paillard, aujourd\u2019hui sur le d\u00e9part. <a href=\"https:\/\/www.lamarseillaise.fr\/societe\/femmes-sans-abri-face-a-des-hopitaux-demunis-ID20450484\">Cette derni\u00e8re insistant dans nos colonnes sur leur prise en compte lors de la pr\u00e9sentation en juillet, par l\u2019Observatoire de la pauvret\u00e9 de la premi\u00e8re enqu\u00eate sur \u00ab\u00a0<\/a><a href=\"https:\/\/www.lamarseillaise.fr\/societe\/femmes-sans-abri-face-a-des-hopitaux-demunis-ID20450484\">le parcours de prise en charge des personnes sans domicile en sortie d\u2019hospitalisation \u00e0 Marseille\u00a0<\/a><a href=\"https:\/\/www.lamarseillaise.fr\/societe\/femmes-sans-abri-face-a-des-hopitaux-demunis-ID20450484\">\u00bb<\/a>. Un double discours insoutenable pour les associations qui ont entam\u00e9 un v\u00e9ritable bras de fer avec l\u2019\u00c9tat.<\/p>\n<\/p><\/div>\n<div class=\"paragraph\">\n<p><i>*Le pr\u00e9nom a \u00e9t\u00e9 chang\u00e9<\/i><\/p>\n<\/p><\/div>\n","protected":false},"excerpt":{"rendered":"&laquo; Moi et ma famille on &eacute;tait h&eacute;berg&eacute;s &agrave; l&rsquo;h&ocirc;tel par le&nbsp;115, ils nous ont appel&eacute;s pour nous informer qu&rsquo;ils ont trouv&eacute; une chambre [dans] un foyer&#8230; On a essay&eacute; de &#8230;","protected":false},"author":1,"featured_media":39442,"comment_status":"open","ping_status":"open","sticky":false,"template":"","format":"standard","meta":{"footnotes":""},"categories":[3926,3925,20],"tags":[138,10,1336,511,1428,1497,133,57,58,387,2721,3626,5947,268,1142,1281,763,1567,3203,2471,1031,3062,3313,424,915,2160,53,2908,272,5982,2787,1304],"news-destination":[3944],"news-source":[475],"is_homepage":[],"ta_other":[],"class_list":["post-39441","post","type-post","status-publish","format-standard","has-post-thumbnail","hentry","category-accueil-merge","category-accueil-third","category-societe","tag-associations","tag-bouches-du-rhone","tag-chiffres","tag-citoyens","tag-climatisation","tag-colere","tag-departement","tag-enfants","tag-famille","tag-femmes","tag-hebergement","tag-hebergement-durgence","tag-indignite","tag-narcotrafic","tag-parcours","tag-pauvrete","tag-police","tag-prefet","tag-prefete","tag-prise-en-charge","tag-prison","tag-sans-abris","tag-sans-domicile","tag-sante-mentale","tag-secours-catholique","tag-temoignages","tag-travail","tag-viol","tag-violences","tag-violences-faites-aux-enfants","tag-violences-faites-aux-femmes","tag-violences-sexuelles","news-destination-homepage","news-source-website"],"_links":{"self":[{"href":"https:\/\/euapp01.newsmemory.com\/lamarseillaise\/news\/wp-json\/wp\/v2\/posts\/39441","targetHints":{"allow":["GET"]}}],"collection":[{"href":"https:\/\/euapp01.newsmemory.com\/lamarseillaise\/news\/wp-json\/wp\/v2\/posts"}],"about":[{"href":"https:\/\/euapp01.newsmemory.com\/lamarseillaise\/news\/wp-json\/wp\/v2\/types\/post"}],"author":[{"embeddable":true,"href":"https:\/\/euapp01.newsmemory.com\/lamarseillaise\/news\/wp-json\/wp\/v2\/users\/1"}],"replies":[{"embeddable":true,"href":"https:\/\/euapp01.newsmemory.com\/lamarseillaise\/news\/wp-json\/wp\/v2\/comments?post=39441"}],"version-history":[{"count":1,"href":"https:\/\/euapp01.newsmemory.com\/lamarseillaise\/news\/wp-json\/wp\/v2\/posts\/39441\/revisions"}],"predecessor-version":[{"id":39443,"href":"https:\/\/euapp01.newsmemory.com\/lamarseillaise\/news\/wp-json\/wp\/v2\/posts\/39441\/revisions\/39443"}],"wp:featuredmedia":[{"embeddable":true,"href":"https:\/\/euapp01.newsmemory.com\/lamarseillaise\/news\/wp-json\/wp\/v2\/media\/39442"}],"wp:attachment":[{"href":"https:\/\/euapp01.newsmemory.com\/lamarseillaise\/news\/wp-json\/wp\/v2\/media?parent=39441"}],"wp:term":[{"taxonomy":"category","embeddable":true,"href":"https:\/\/euapp01.newsmemory.com\/lamarseillaise\/news\/wp-json\/wp\/v2\/categories?post=39441"},{"taxonomy":"post_tag","embeddable":true,"href":"https:\/\/euapp01.newsmemory.com\/lamarseillaise\/news\/wp-json\/wp\/v2\/tags?post=39441"},{"taxonomy":"news-destination","embeddable":true,"href":"https:\/\/euapp01.newsmemory.com\/lamarseillaise\/news\/wp-json\/wp\/v2\/news-destination?post=39441"},{"taxonomy":"news-source","embeddable":true,"href":"https:\/\/euapp01.newsmemory.com\/lamarseillaise\/news\/wp-json\/wp\/v2\/news-source?post=39441"},{"taxonomy":"is_homepage","embeddable":true,"href":"https:\/\/euapp01.newsmemory.com\/lamarseillaise\/news\/wp-json\/wp\/v2\/is_homepage?post=39441"},{"taxonomy":"ta_other","embeddable":true,"href":"https:\/\/euapp01.newsmemory.com\/lamarseillaise\/news\/wp-json\/wp\/v2\/ta_other?post=39441"}],"curies":[{"name":"wp","href":"https:\/\/api.w.org\/{rel}","templated":true}]}}