{"id":39431,"date":"2026-08-16T08:34:00","date_gmt":"2026-08-16T06:34:00","guid":{"rendered":"https:\/\/euapp01.newsmemory.com\/lamarseillaise\/news\/?p=39431"},"modified":"2026-08-22T08:11:05","modified_gmt":"2026-08-22T06:11:05","slug":"a-palavas-les-plaisanciers-sensibilises-a-la-preservation-du-milieu-marin","status":"publish","type":"post","link":"https:\/\/euapp01.newsmemory.com\/lamarseillaise\/news\/2026\/08\/16\/a-palavas-les-plaisanciers-sensibilises-a-la-preservation-du-milieu-marin\/","title":{"rendered":"\u00c0 Palavas, les plaisanciers sensibilis\u00e9s \u00e0 la pr\u00e9servation du milieu marin"},"content":{"rendered":"<div class=\"paragraph\">\n<p><i>\u00ab Rien par-dessus bord, tous mes d\u00e9chets au port<\/i><i>\u00a0<\/i><i>!<\/i><i>\u00a0<\/i>\u00bb<i>\u00a0<\/i>: tel est le slogan de la campagne nationale de sensibilisation \u00ab\u00a0Je navigue, je trie\u00a0\u00bb, lanc\u00e9e en 2011 \u00e0 destination des usagers de la mer par l\u2019association Gestes propres. Pour la troisi\u00e8me saison cons\u00e9cutive, les ports de Palavas-les-Flots, d\u00e9tenteurs de longue date du Pavillon bleu et labellis\u00e9s \u00ab\u00a0Ports propres actifs en biodiversit\u00e9\u00a0\u00bb, sont partenaires de ce programme. Lequel, \u00e0 l\u2019initiative de la Fondation de la Mer, s\u2019enrichit cette ann\u00e9e d\u2019un volet \u00ab\u00a0Je prot\u00e8ge la biodiversit\u00e9\u00a0\u00bb.<\/p>\n<p>Le dispositif se mat\u00e9rialise par la distribution, sur les pontons, d\u2019outils concrets par les ports partenaires. \u00ab\u00a0<i>Nous distribuons des sacs-poubelles de collecte, des cendriers de poche &#8211;<\/i><i>\u00a0<\/i><i>un seul m\u00e9got peut polluer jusqu&#8217;\u00e0 500<\/i><i>\u00a0<\/i><i>litres d&#8217;eau en raison des milliers de substances chimiques toxiques qu&#8217;il lib\u00e8re<\/i><i>\u00a0<\/i><i>&#8211; et une fiche pratique p\u00e9dagogique &#8220;<\/i><i>SOS biodiversit\u00e9<\/i><i>&#8220;, qui recense les comportements \u00e0 adopter (en mati\u00e8re d\u2019hydrocarbures, d\u2019eaux us\u00e9es, d\u2019ancrage, de d\u00e9chets&#8230;) ainsi que les num\u00e9ros \u00e0 contacter face \u00e0 un animal en d\u00e9tresse (raies, requins, tortues, oiseaux&#8230;)<\/i>\u00a0\u00bb, indique Cyril Pagel-Grechi, directeur des ports de Palavas-les-Flots, qui accueillent 1\u00a0800\u00a0plaisanciers \u00e0 l\u2019ann\u00e9e. \u00ab\u00a0<i>Cette sensibilisation a pour but de faire comprendre aux plaisanciers que quand ils sont en mer, ils doivent \u00eatre vigilants \u00e0 ce qu\u2019aucun d\u00e9chet humain de type plastique ou non biod\u00e9gradable ne soit d\u00e9vers\u00e9 dans le milieu marin, parce que la faune en subit les cons\u00e9quences. De nombreux reportages ont montr\u00e9 que les animaux marins se retrouvent avec l\u2019estomac plein de microplastiques<\/i>\u00a0\u00bb, d\u00e9veloppe Cyril Pagel-Grechi.<\/p>\n<\/p><\/div>\n<div class=\"intext\"> 200\u00a0000\u00a0bateaux<br \/>\n               <br \/>de plaisance chaque \u00e9t\u00e9 en M\u00e9diterran\u00e9e\n              <\/div>\n<div class=\"paragraph\">\n<p>Chaque minute, en effet, entre 15\u00a0et 18\u00a0tonnes de plastique sont d\u00e9vers\u00e9es dans l\u2019oc\u00e9an, soit l\u2019\u00e9quivalent d\u2019un camion-poubelle. \u00ab\u00a0<i>Une fois en mer, ces d\u00e9chets se fragmentent progressivement sous l\u2019effet des courants et de la chaleur en particules de plus en plus petites, affectant durablement les \u00e9cosyst\u00e8mes marins. Chaque geste pour contrer cette pollution compte<\/i>\u00a0\u00bb<i>, <\/i>insiste la Fondation de la Mer, qui rappelle que<i> <\/i>\u00ab\u00a0<i>la M\u00e9diterran\u00e9e, mer semi-ferm\u00e9e, ne repr\u00e9sente que 0,8% de la surface des mers mais abrite 9% de la biodiversit\u00e9 marine mondiale. Or, ce sont pr\u00e8s de 200<\/i><i>\u00a0<\/i><i>000<\/i><i>\u00a0<\/i><i>bateaux de plaisance qui s\u2019y retrouvent chaque \u00e9t\u00e9. La pression anthropique y est donc particuli\u00e8rement forte. Sensibiliser les plaisanciers de M\u00e9diterran\u00e9e aux bons gestes pour prot\u00e9ger l\u2019oc\u00e9an est ainsi particuli\u00e8rement important<\/i>\u00a0\u00bb.<\/p>\n<p>Voil\u00e0 plusieurs ann\u00e9es d\u00e9j\u00e0 que les ports de Palavas sont engag\u00e9s dans la protection de la biodiversit\u00e9, via notamment l\u2019installation, en mai\u00a02024, de 37\u00a0nurseries artificielles fournies par l\u2019entreprise h\u00e9raultaise Ecocean. \u00ab\u00a0<i>Il s\u2019agit de mini-nurseries avec des panneaux d\u2019information pour pouvoir recevoir les scolaires, les informer avec des jeux. Le but de ces \u00e9quipements est que les alevins de poissons puissent grandir en se prot\u00e9geant des pr\u00e9dateurs, jusqu\u2019\u00e0 atteindre une taille qui leur permet de mieux se d\u00e9brouiller<\/i>\u00a0\u00bb, explique Cyril Pagel-Grechi. \u00ab\u00a0<i>L\u00e0, je viens de signer un engagement avec la start-up Lineup ocean pour d\u00e9ployer des dispositifs biosourc\u00e9s destin\u00e9s \u00e0 faciliter la nidification et la reproduction des poulpes, des mini-r\u00e9cifs artificiels pour prot\u00e9ger les poissons sur une taille au-dessus de celle des nurseries et des \u00e9quipements sur les pieux du port pour prot\u00e9ger et fournir de la nourriture aux poissons, de fa\u00e7on \u00e0 ce que les ports deviennent des zones relais o\u00f9 les poissons puissent grossir avant de reprendre la mer<\/i>\u00a0\u00bb, poursuit le directeur. En septembre\u00a02023, les ports de Palavas ont \u00e9galement install\u00e9 la premi\u00e8re station-service maritime de bio\u00e9thanol au monde, \u00ab\u00a0<i>toujours dans cette d\u00e9marche de protection de l\u2019environnement et de verdissement de la plaisance<\/i>\u00a0\u00bb<i>.<\/i><\/p>\n<\/p><\/div>\n","protected":false},"excerpt":{"rendered":"&laquo; Rien par-dessus bord, tous mes d&eacute;chets au port&nbsp;!&nbsp;&raquo;&nbsp;: tel est le slogan de la campagne nationale de sensibilisation &laquo;&nbsp;Je navigue, je trie&nbsp;&raquo;, lanc&eacute;e en 2011 &agrave; destination des &#8230;","protected":false},"author":1,"featured_media":39432,"comment_status":"open","ping_status":"open","sticky":false,"template":"","format":"standard","meta":{"footnotes":""},"categories":[3926,3925,333,20],"tags":[659,84,239,128,284,6260,658,991,431,1085],"news-destination":[3944],"news-source":[475],"is_homepage":[],"ta_other":[],"class_list":["post-39431","post","type-post","status-publish","format-standard","has-post-thumbnail","hentry","category-accueil-merge","category-accueil-third","category-environnement","category-societe","tag-bateaux","tag-biodiversite","tag-herault","tag-mediterranee","tag-occitanie","tag-palavas-les-flots","tag-plaisanciers","tag-plastique","tag-prevention","tag-sensibilisation","news-destination-homepage","news-source-website"],"_links":{"self":[{"href":"https:\/\/euapp01.newsmemory.com\/lamarseillaise\/news\/wp-json\/wp\/v2\/posts\/39431","targetHints":{"allow":["GET"]}}],"collection":[{"href":"https:\/\/euapp01.newsmemory.com\/lamarseillaise\/news\/wp-json\/wp\/v2\/posts"}],"about":[{"href":"https:\/\/euapp01.newsmemory.com\/lamarseillaise\/news\/wp-json\/wp\/v2\/types\/post"}],"author":[{"embeddable":true,"href":"https:\/\/euapp01.newsmemory.com\/lamarseillaise\/news\/wp-json\/wp\/v2\/users\/1"}],"replies":[{"embeddable":true,"href":"https:\/\/euapp01.newsmemory.com\/lamarseillaise\/news\/wp-json\/wp\/v2\/comments?post=39431"}],"version-history":[{"count":1,"href":"https:\/\/euapp01.newsmemory.com\/lamarseillaise\/news\/wp-json\/wp\/v2\/posts\/39431\/revisions"}],"predecessor-version":[{"id":39433,"href":"https:\/\/euapp01.newsmemory.com\/lamarseillaise\/news\/wp-json\/wp\/v2\/posts\/39431\/revisions\/39433"}],"wp:featuredmedia":[{"embeddable":true,"href":"https:\/\/euapp01.newsmemory.com\/lamarseillaise\/news\/wp-json\/wp\/v2\/media\/39432"}],"wp:attachment":[{"href":"https:\/\/euapp01.newsmemory.com\/lamarseillaise\/news\/wp-json\/wp\/v2\/media?parent=39431"}],"wp:term":[{"taxonomy":"category","embeddable":true,"href":"https:\/\/euapp01.newsmemory.com\/lamarseillaise\/news\/wp-json\/wp\/v2\/categories?post=39431"},{"taxonomy":"post_tag","embeddable":true,"href":"https:\/\/euapp01.newsmemory.com\/lamarseillaise\/news\/wp-json\/wp\/v2\/tags?post=39431"},{"taxonomy":"news-destination","embeddable":true,"href":"https:\/\/euapp01.newsmemory.com\/lamarseillaise\/news\/wp-json\/wp\/v2\/news-destination?post=39431"},{"taxonomy":"news-source","embeddable":true,"href":"https:\/\/euapp01.newsmemory.com\/lamarseillaise\/news\/wp-json\/wp\/v2\/news-source?post=39431"},{"taxonomy":"is_homepage","embeddable":true,"href":"https:\/\/euapp01.newsmemory.com\/lamarseillaise\/news\/wp-json\/wp\/v2\/is_homepage?post=39431"},{"taxonomy":"ta_other","embeddable":true,"href":"https:\/\/euapp01.newsmemory.com\/lamarseillaise\/news\/wp-json\/wp\/v2\/ta_other?post=39431"}],"curies":[{"name":"wp","href":"https:\/\/api.w.org\/{rel}","templated":true}]}}