{"id":39428,"date":"2026-08-15T19:01:00","date_gmt":"2026-08-15T17:01:00","guid":{"rendered":"https:\/\/euapp01.newsmemory.com\/lamarseillaise\/news\/?p=39428"},"modified":"2026-08-22T07:35:47","modified_gmt":"2026-08-22T05:35:47","slug":"il-y-a-80-ans-149-anciens-bagnards-debarquaient-a-la-joliette","status":"publish","type":"post","link":"https:\/\/euapp01.newsmemory.com\/lamarseillaise\/news\/2026\/08\/15\/il-y-a-80-ans-149-anciens-bagnards-debarquaient-a-la-joliette\/","title":{"rendered":"Il y a 80 ans, 149 anciens bagnards d\u00e9barquaient \u00e0 la Joliette"},"content":{"rendered":"<div class=\"paragraph\">\n<p>Ce grand retour fait suite au d\u00e9cret-loi de juin 1938 qui a supprim\u00e9 la transportation vers la Guyane. Le rapatriement des lib\u00e9r\u00e9s avait \u00e9t\u00e9 retard\u00e9 avec la guerre et le r\u00e9gime de Vichy. Il faut attendre la Lib\u00e9ration pour que leur retour soit organis\u00e9 avec le concours de l\u2019Arm\u00e9e du Salut, tr\u00e8s d\u00e9vou\u00e9e au sort des bagnards et de leur r\u00e9insertion dont le major Charles P\u00e9an qui pilote un dispositif devant permettre \u00e0 tous ces hommes de retrouver une existence sociale, apr\u00e8s plusieurs d\u00e9cennies de rel\u00e9gation.<\/p>\n<p>Les d\u00e9tenus lib\u00e9rables ont \u00e9t\u00e9 regroup\u00e9s \u00e0 Saint-Laurent-du-Maroni, puis achemin\u00e9s vers la m\u00e9tropole par le paquebot Athos II des Messageries maritimes qui accoste le vendredi 16 ao\u00fbt 1946 \u00e0 15h45 au M\u00f4le G avec 1653 passagers \u00e0 bord dont 149 premiers for\u00e7ats lib\u00e9r\u00e9s, un homme \u00e9tant d\u00e9c\u00e9d\u00e9 pendant le voyage.<\/p>\n<p>\u00ab <i>Ils ont \u00e9t\u00e9 r\u00e9habilit\u00e9s pour leur bonne conduite et retrouvent leur vie d\u2019hommes libres \u00bb<\/i> \u00e9crit <i>La Marseillaise<\/i><i>.<\/i> \u00ab <i>Je m\u2019attendais \u00e0 rencontrer des for\u00e7ats en tenues ray\u00e9es et droguets sur la t\u00eate, ils \u00e9taient en civil et en chapeau mou. Nombre d\u2019entre eux regardaient avec \u00e9motion cette terre de France qu\u2019ils revoyaient apr\u00e8s de longues ann\u00e9es d\u2019absence. Plus d\u2019un ne pouvait cacher des larmes de joie. \u00bb<\/i><\/p>\n<p><b>\u00ab Un visage burin\u00e9 par la souffrance \u00bb<\/b><\/p>\n<p>Le reporter de <i>La Marseillaise<\/i>, Alfred Carrasso, ancien r\u00e9sistant, aborde \u00ab <i>un homme grand, mince, au visage burin\u00e9 par la souffrance \u00bb<\/i>. Il s\u2019appelle Paul Hourdeau, a \u00e9t\u00e9 condamn\u00e9 \u00e0 5 ans de bagne et 20 autres de rel\u00e9gation. Il explique avoir \u00ab <i>travaill\u00e9 dans les bureaux de la Compagnie des Mines d\u2019or de la Guyane dont le si\u00e8ge est \u00e0 Paris<\/i> \u00bb. Sur le quai, le sonneur de cloches des \u00eeles (du Salut). \u00ab <i>Il a \u00e9t\u00e9 rel\u00e9gu\u00e9 en 1897 pour rupture d\u2019interdiction de s\u00e9jour. On le gracie \u00e0 76 ans. Que voulez-vous qu\u2019il fasse pour vivre ? Il a demand\u00e9 \u00e0 continuer son emploi au bagne, mais on l\u2019a fichu dehors. Il est libre ! \u00bb<\/i><\/p>\n<p>Un lib\u00e9r\u00e9 raconte \u00e0 <i>La Marseillaise<\/i> qu\u2019 \u00ab <i>en 1940, 800 rel\u00e9gu\u00e9s avaient demand\u00e9 \u00e0 s\u2019engager volontaires dans les Forces fran\u00e7aises libres. Six ont \u00e9t\u00e9 admis \u00e0 la suite d\u2019une erreur. Malgr\u00e9 cela, 180 d\u2019entre nous ont suivi le capitaine Chaudon qui les fit \u00e9vader \u00e0 travers le Maroni en Guyane hollandaise et se sont battus courageusement. Une trentaine furent cependant repris et condamn\u00e9s \u00e0 des peines de 5 \u00e0 20 ans de travaux forc\u00e9s pour avoir voulu combattre pour leur pays. Trois ont \u00e9t\u00e9 condamn\u00e9s \u00e0 mort. <\/i>\u00bb<\/p>\n<p>L\u2019article rapporte la pr\u00e9sence sur le navire du peintre Mo\u00efse Kisling, r\u00e9fugi\u00e9 \u00e0 New-York depuis 1940. Ce n\u2019est nullement un bagnard lib\u00e9r\u00e9 m\u00eame s\u2019il avait \u00e9t\u00e9 condamn\u00e9 \u00e0 mort par contumace par l\u2019Allemagne nazie pour ses activit\u00e9s antifascistes et ses origines juives. Le peintre revient en France et vivra \u00e0 Sanary. D\u2019autres bagnards avaient embarqu\u00e9 \u00e0 Fort-de-France le 30 juillet mais \u00e0 leurs frais.<\/p>\n<p>Dans l\u2019apr\u00e8s-midi, les revenants sont conduits au centre d\u2019accueil de l\u2019Arm\u00e9e du salut, rue F\u00e9lix-Pyat, o\u00f9 ils sont h\u00e9berg\u00e9s. Tous ces hommes retrouvent une France profond\u00e9ment transform\u00e9e par la guerre. Certains ont de la famille et des amis qui les attendent. Un repr\u00e9sentant du Syndicat des marins s\u2019interroge sur leur sort. \u00ab <i>Que vont devenir ces hommes que nous ramenons? Je les connais, j\u2019ai v\u00e9cu un mois avec eux. Ils ont tous l\u2019ambition de refaire leur vie. Ils viennent en France avec beaucoup d\u2019illusions. Certains croient pouvoir partir au Canada, d\u2019autres aux colonies. Leur situation est tragique. Qu\u2019a-t-on pr\u00e9vu pour eux ? Que leur a-t-on pr\u00e9par\u00e9 ? Des papiers ? Du travail ? \u00c0 la premi\u00e8re infraction ils seront \u00e0 nouveau durement frapp\u00e9s. \u00bb<\/i><\/p>\n<p>En ao\u00fbt 1946, il restait encore environ 2000 lib\u00e9r\u00e9s \u00e0 devoir encore \u00eatre rapatri\u00e9s, 800 restant en cours de peine \u00e0 Saint-Laurent-du-Maroni. Les derniers condamn\u00e9s ne rentreront donc que beaucoup plus tard. Le 8 ao\u00fbt 1953, le San Mateo ram\u00e8nera encore plus de 80 hommes tournant la page d\u2019un si\u00e8cle d\u2019un syst\u00e8me carc\u00e9ral abominable que la France avait mis en place en 1852, la transportation des condamn\u00e9s vers la Guyane et la Nouvelle-Cal\u00e9donie.<\/p>\n<p><b>David Coquille <\/b><\/p>\n<\/p><\/div>\n","protected":false},"excerpt":{"rendered":"Ce grand retour fait suite au d&eacute;cret-loi de juin 1938 qui a supprim&eacute; la transportation vers la Guyane. Le rapatriement des lib&eacute;r&eacute;s avait &eacute;t&eacute; retard&eacute; avec la guerre et le r&eacute;gime de Vichy. Il &#8230;","protected":false},"author":1,"featured_media":39429,"comment_status":"open","ping_status":"open","sticky":false,"template":"","format":"standard","meta":{"footnotes":""},"categories":[3926,3925,20],"tags":[2149,10,280,126,1647,16,535,6259,5092,4731,2292,4101,2107,2629,2517],"news-destination":[3944],"news-source":[475],"is_homepage":[],"ta_other":[],"class_list":["post-39428","post","type-post","status-publish","format-standard","has-post-thumbnail","hentry","category-accueil-merge","category-accueil-third","category-societe","tag-anniversaire","tag-bouches-du-rhone","tag-histoire","tag-la-marseillaise","tag-liberation","tag-marseille","tag-metropole","tag-rapatriement","tag-rapatries","tag-regime-de-vichy","tag-reinsertion","tag-relegation","tag-reporter","tag-resistant","tag-souffrance","news-destination-homepage","news-source-website"],"_links":{"self":[{"href":"https:\/\/euapp01.newsmemory.com\/lamarseillaise\/news\/wp-json\/wp\/v2\/posts\/39428","targetHints":{"allow":["GET"]}}],"collection":[{"href":"https:\/\/euapp01.newsmemory.com\/lamarseillaise\/news\/wp-json\/wp\/v2\/posts"}],"about":[{"href":"https:\/\/euapp01.newsmemory.com\/lamarseillaise\/news\/wp-json\/wp\/v2\/types\/post"}],"author":[{"embeddable":true,"href":"https:\/\/euapp01.newsmemory.com\/lamarseillaise\/news\/wp-json\/wp\/v2\/users\/1"}],"replies":[{"embeddable":true,"href":"https:\/\/euapp01.newsmemory.com\/lamarseillaise\/news\/wp-json\/wp\/v2\/comments?post=39428"}],"version-history":[{"count":1,"href":"https:\/\/euapp01.newsmemory.com\/lamarseillaise\/news\/wp-json\/wp\/v2\/posts\/39428\/revisions"}],"predecessor-version":[{"id":39430,"href":"https:\/\/euapp01.newsmemory.com\/lamarseillaise\/news\/wp-json\/wp\/v2\/posts\/39428\/revisions\/39430"}],"wp:featuredmedia":[{"embeddable":true,"href":"https:\/\/euapp01.newsmemory.com\/lamarseillaise\/news\/wp-json\/wp\/v2\/media\/39429"}],"wp:attachment":[{"href":"https:\/\/euapp01.newsmemory.com\/lamarseillaise\/news\/wp-json\/wp\/v2\/media?parent=39428"}],"wp:term":[{"taxonomy":"category","embeddable":true,"href":"https:\/\/euapp01.newsmemory.com\/lamarseillaise\/news\/wp-json\/wp\/v2\/categories?post=39428"},{"taxonomy":"post_tag","embeddable":true,"href":"https:\/\/euapp01.newsmemory.com\/lamarseillaise\/news\/wp-json\/wp\/v2\/tags?post=39428"},{"taxonomy":"news-destination","embeddable":true,"href":"https:\/\/euapp01.newsmemory.com\/lamarseillaise\/news\/wp-json\/wp\/v2\/news-destination?post=39428"},{"taxonomy":"news-source","embeddable":true,"href":"https:\/\/euapp01.newsmemory.com\/lamarseillaise\/news\/wp-json\/wp\/v2\/news-source?post=39428"},{"taxonomy":"is_homepage","embeddable":true,"href":"https:\/\/euapp01.newsmemory.com\/lamarseillaise\/news\/wp-json\/wp\/v2\/is_homepage?post=39428"},{"taxonomy":"ta_other","embeddable":true,"href":"https:\/\/euapp01.newsmemory.com\/lamarseillaise\/news\/wp-json\/wp\/v2\/ta_other?post=39428"}],"curies":[{"name":"wp","href":"https:\/\/api.w.org\/{rel}","templated":true}]}}