{"id":39425,"date":"2026-08-15T15:59:00","date_gmt":"2026-08-15T13:59:00","guid":{"rendered":"https:\/\/euapp01.newsmemory.com\/lamarseillaise\/news\/?p=39425"},"modified":"2026-08-22T07:35:47","modified_gmt":"2026-08-22T05:35:47","slug":"marseille-fermeture-du-metro-dimanche-16-aout-de-5-heures-a-14-heures","status":"publish","type":"post","link":"https:\/\/euapp01.newsmemory.com\/lamarseillaise\/news\/2026\/08\/15\/marseille-fermeture-du-metro-dimanche-16-aout-de-5-heures-a-14-heures\/","title":{"rendered":"Marseille : fermeture du m\u00e9tro dimanche 16 ao\u00fbt de 5 heures \u00e0 14 heures"},"content":{"rendered":"<div class=\"paragraph\">\n<p>Dans le cadre du projet de renouvellement des rames de m\u00e9tro et afin d\u2019effectuer des essais, le m\u00e9tro (M1 et M2) sera ferm\u00e9 ce dimanche 16 ao\u00fbt de 5 heures du matin \u00e0 14h.<\/p>\n<p>Pendant ces fermetures la RTM met en place<a rel=\"nofollow\" href=\"https:\/\/www.rtm.fr\/bus-relais-m1m2\"> trois lignes de Bus gratuites<\/a>, avec une fr\u00e9quence de 10 min de 5h \u00e0 14h00 . Le BM1A relie le m\u00e9tro La Rose au m\u00e9tro La Timone ; le BM1B part du m\u00e9tro La Timone jusqu\u2019au m\u00e9tro La Fourrag\u00e8re et le bus relais BM2 effectue le trajet entre le m\u00e9tro G\u00e8ze jusqu\u2019au m\u00e9tro Sainte-Marguerite Dromel. La ligne 3 du tramway est \u00e9galement renforc\u00e9e avec une fr\u00e9quence de 10 min d\u00e8s 9h00.<\/p>\n<p>Le dimanche 13 septembre, le m\u00e9tro sera \u00e9galement ferm\u00e9 de 5h \u00e0 14h pour la suite des essais.<\/p>\n<\/p><\/div>\n","protected":false},"excerpt":{"rendered":"Dans le cadre du projet de renouvellement des rames de m&eacute;tro et afin d&rsquo;effectuer des essais, le m&eacute;tro (M1 et M2) sera ferm&eacute; ce dimanche 16 ao&ucirc;t de 5 heures du matin &agrave; 14h. Pendant ces fermetures la RTM met en &#8230;","protected":false},"author":1,"featured_media":39426,"comment_status":"open","ping_status":"open","sticky":false,"template":"","format":"standard","meta":{"footnotes":""},"categories":[3926,3925,20],"tags":[10,6257,6258,105,1083,16,1937,6105,730,666,818],"news-destination":[3944],"news-source":[475],"is_homepage":[],"ta_other":[],"class_list":["post-39425","post","type-post","status-publish","format-standard","has-post-thumbnail","hentry","category-accueil-merge","category-accueil-third","category-societe","tag-bouches-du-rhone","tag-bus-relais","tag-essais-rames-metro","tag-fermeture","tag-gratuit","tag-marseille","tag-metro","tag-navette","tag-tramway","tag-transports","tag-transports-en-commun","news-destination-homepage","news-source-website"],"_links":{"self":[{"href":"https:\/\/euapp01.newsmemory.com\/lamarseillaise\/news\/wp-json\/wp\/v2\/posts\/39425","targetHints":{"allow":["GET"]}}],"collection":[{"href":"https:\/\/euapp01.newsmemory.com\/lamarseillaise\/news\/wp-json\/wp\/v2\/posts"}],"about":[{"href":"https:\/\/euapp01.newsmemory.com\/lamarseillaise\/news\/wp-json\/wp\/v2\/types\/post"}],"author":[{"embeddable":true,"href":"https:\/\/euapp01.newsmemory.com\/lamarseillaise\/news\/wp-json\/wp\/v2\/users\/1"}],"replies":[{"embeddable":true,"href":"https:\/\/euapp01.newsmemory.com\/lamarseillaise\/news\/wp-json\/wp\/v2\/comments?post=39425"}],"version-history":[{"count":1,"href":"https:\/\/euapp01.newsmemory.com\/lamarseillaise\/news\/wp-json\/wp\/v2\/posts\/39425\/revisions"}],"predecessor-version":[{"id":39427,"href":"https:\/\/euapp01.newsmemory.com\/lamarseillaise\/news\/wp-json\/wp\/v2\/posts\/39425\/revisions\/39427"}],"wp:featuredmedia":[{"embeddable":true,"href":"https:\/\/euapp01.newsmemory.com\/lamarseillaise\/news\/wp-json\/wp\/v2\/media\/39426"}],"wp:attachment":[{"href":"https:\/\/euapp01.newsmemory.com\/lamarseillaise\/news\/wp-json\/wp\/v2\/media?parent=39425"}],"wp:term":[{"taxonomy":"category","embeddable":true,"href":"https:\/\/euapp01.newsmemory.com\/lamarseillaise\/news\/wp-json\/wp\/v2\/categories?post=39425"},{"taxonomy":"post_tag","embeddable":true,"href":"https:\/\/euapp01.newsmemory.com\/lamarseillaise\/news\/wp-json\/wp\/v2\/tags?post=39425"},{"taxonomy":"news-destination","embeddable":true,"href":"https:\/\/euapp01.newsmemory.com\/lamarseillaise\/news\/wp-json\/wp\/v2\/news-destination?post=39425"},{"taxonomy":"news-source","embeddable":true,"href":"https:\/\/euapp01.newsmemory.com\/lamarseillaise\/news\/wp-json\/wp\/v2\/news-source?post=39425"},{"taxonomy":"is_homepage","embeddable":true,"href":"https:\/\/euapp01.newsmemory.com\/lamarseillaise\/news\/wp-json\/wp\/v2\/is_homepage?post=39425"},{"taxonomy":"ta_other","embeddable":true,"href":"https:\/\/euapp01.newsmemory.com\/lamarseillaise\/news\/wp-json\/wp\/v2\/ta_other?post=39425"}],"curies":[{"name":"wp","href":"https:\/\/api.w.org\/{rel}","templated":true}]}}