{"id":39422,"date":"2026-08-15T15:09:00","date_gmt":"2026-08-15T13:09:00","guid":{"rendered":"https:\/\/euapp01.newsmemory.com\/lamarseillaise\/news\/?p=39422"},"modified":"2026-08-15T15:29:44","modified_gmt":"2026-08-15T13:29:44","slug":"week-end-orange-le-theatre-antique-et-larc-de-triomphe","status":"publish","type":"post","link":"https:\/\/euapp01.newsmemory.com\/lamarseillaise\/news\/2026\/08\/15\/week-end-orange-le-theatre-antique-et-larc-de-triomphe\/","title":{"rendered":"[Week-end] Orange : le th\u00e9\u00e2tre antique et l\u2019arc de triomphe"},"content":{"rendered":"<div class=\"paragraph\">\n<p><i><span class=\"mln_small-caps_mln\">Unesco, les sites class\u00e9s en r\u00e9gion<\/span><\/i><\/p>\n<\/p><\/div>\n<div class=\"paragraph\">\n<p>Le premier, avec son mur de fa\u00e7ade de 103\u00a0m de long et 37\u00a0m de haut, est l\u2019un des mieux pr\u00e9serv\u00e9s de tous les grands th\u00e9\u00e2tres romains. Ferm\u00e9 par d\u00e9cret imp\u00e9rial en 391, il fut abandonn\u00e9 puis, saccag\u00e9 et pill\u00e9 par les barbares. Il rena\u00eet au XIX<sup>e<\/sup>\u00a0si\u00e8cle gr\u00e2ce aux travaux de restauration entam\u00e9s en 1825. <br \/>Le deuxi\u00e8me, construit entre 10 et 25 ap. J.-C., il est l\u2019un des plus beaux et des plus int\u00e9ressants arcs de triomphe provinciaux d\u2019\u00e9poque august\u00e9enne, gr\u00e2ce \u00e0 ses bas-reliefs qui retracent l\u2019\u00e9tablissement de la Pax Romana.<\/p>\n<\/p><\/div>\n","protected":false},"excerpt":{"rendered":"Unesco, les sites class&eacute;s en r&eacute;gionLe premier, avec son mur de fa&ccedil;ade de 103&nbsp;m de long et 37&nbsp;m de haut, est l&rsquo;un des mieux pr&eacute;serv&eacute;s de tous les grands th&eacute;&acirc;tres romains. Ferm&eacute; &#8230;","protected":false},"author":1,"featured_media":39423,"comment_status":"open","ping_status":"open","sticky":false,"template":"","format":"standard","meta":{"footnotes":""},"categories":[32],"tags":[280,2459,97,199,3808,171,988,2001],"news-destination":[],"news-source":[475],"is_homepage":[],"ta_other":[],"class_list":["post-39422","post","type-post","status-publish","format-standard","has-post-thumbnail","hentry","category-culture","tag-histoire","tag-histoire-de-lart","tag-patrimoine","tag-theatre-antique","tag-unesco","tag-vaucluse","tag-week-end","tag-weekend","news-source-website"],"_links":{"self":[{"href":"https:\/\/euapp01.newsmemory.com\/lamarseillaise\/news\/wp-json\/wp\/v2\/posts\/39422","targetHints":{"allow":["GET"]}}],"collection":[{"href":"https:\/\/euapp01.newsmemory.com\/lamarseillaise\/news\/wp-json\/wp\/v2\/posts"}],"about":[{"href":"https:\/\/euapp01.newsmemory.com\/lamarseillaise\/news\/wp-json\/wp\/v2\/types\/post"}],"author":[{"embeddable":true,"href":"https:\/\/euapp01.newsmemory.com\/lamarseillaise\/news\/wp-json\/wp\/v2\/users\/1"}],"replies":[{"embeddable":true,"href":"https:\/\/euapp01.newsmemory.com\/lamarseillaise\/news\/wp-json\/wp\/v2\/comments?post=39422"}],"version-history":[{"count":1,"href":"https:\/\/euapp01.newsmemory.com\/lamarseillaise\/news\/wp-json\/wp\/v2\/posts\/39422\/revisions"}],"predecessor-version":[{"id":39424,"href":"https:\/\/euapp01.newsmemory.com\/lamarseillaise\/news\/wp-json\/wp\/v2\/posts\/39422\/revisions\/39424"}],"wp:featuredmedia":[{"embeddable":true,"href":"https:\/\/euapp01.newsmemory.com\/lamarseillaise\/news\/wp-json\/wp\/v2\/media\/39423"}],"wp:attachment":[{"href":"https:\/\/euapp01.newsmemory.com\/lamarseillaise\/news\/wp-json\/wp\/v2\/media?parent=39422"}],"wp:term":[{"taxonomy":"category","embeddable":true,"href":"https:\/\/euapp01.newsmemory.com\/lamarseillaise\/news\/wp-json\/wp\/v2\/categories?post=39422"},{"taxonomy":"post_tag","embeddable":true,"href":"https:\/\/euapp01.newsmemory.com\/lamarseillaise\/news\/wp-json\/wp\/v2\/tags?post=39422"},{"taxonomy":"news-destination","embeddable":true,"href":"https:\/\/euapp01.newsmemory.com\/lamarseillaise\/news\/wp-json\/wp\/v2\/news-destination?post=39422"},{"taxonomy":"news-source","embeddable":true,"href":"https:\/\/euapp01.newsmemory.com\/lamarseillaise\/news\/wp-json\/wp\/v2\/news-source?post=39422"},{"taxonomy":"is_homepage","embeddable":true,"href":"https:\/\/euapp01.newsmemory.com\/lamarseillaise\/news\/wp-json\/wp\/v2\/is_homepage?post=39422"},{"taxonomy":"ta_other","embeddable":true,"href":"https:\/\/euapp01.newsmemory.com\/lamarseillaise\/news\/wp-json\/wp\/v2\/ta_other?post=39422"}],"curies":[{"name":"wp","href":"https:\/\/api.w.org\/{rel}","templated":true}]}}