{"id":39419,"date":"2026-08-15T14:40:00","date_gmt":"2026-08-15T12:40:00","guid":{"rendered":"https:\/\/euapp01.newsmemory.com\/lamarseillaise\/news\/?p=39419"},"modified":"2026-08-15T15:06:27","modified_gmt":"2026-08-15T13:06:27","slug":"le-coin-bd-une-histoire-noire-des-luttes-contre-le-racisme","status":"publish","type":"post","link":"https:\/\/euapp01.newsmemory.com\/lamarseillaise\/news\/2026\/08\/15\/le-coin-bd-une-histoire-noire-des-luttes-contre-le-racisme\/","title":{"rendered":"[Le coin BD] Une histoire noire des luttes contre le racisme"},"content":{"rendered":"<div class=\"paragraph\">\n<p>S\u2019opposer \u00e0 la domination d\u2019un Etat et d\u2019une soci\u00e9t\u00e9 essentiellement raciste classant les individus et leurs droits selon leur couleur de peau a un prix souvent cher pay\u00e9. Partant du \u00e9ni\u00e8me assassinat d\u2019un afro-am\u00e9ricain par la police, celui de Philando Castile abattu sans raison dans sa voiture sous les yeux de sa famille, l\u2019auteur engag\u00e9 contre l\u2019oppression raciale Ben Passmore va retracer un si\u00e8cle de r\u00e9sistances diverses et toujours r\u00e9prim\u00e9es des descendants d\u2019esclaves. Alors que des \u00e9meutes suivent la mort de Castile, Ben, un m\u00e9tis, va suivre son p\u00e8re Ronnie dans un voyage dans le temps \u00e0 la d\u00e9couverte d\u2019un r\u00e9cit et de personnages qu\u2019il ignorait\u00a0: une histoire longue, faite de sang, de rage et de r\u00e9sistance, \u00e0 r\u00e9apprendre aujourd\u2019hui \u00e0 l\u2019heure de l\u2019Am\u00e9rique raciste de Trump qui ne vient pas de nulle part. De Marcus Garvey \u00e0 Malcom X en passant par Martin Luther King, Black Lives Matter ou les Black Panters, Ben Passmore raconte cette qu\u00eate de lib\u00e9ration toujours inachev\u00e9e dans un album parfaitement maitris\u00e9, fruit d\u2019une recherche approfondie. Et ouvre une r\u00e9flexion ainsi qu\u2019une introspection sur la suite \u00e0 donner \u00e0 ses d\u00e9cennies de luttes, arm\u00e9es ou pacifiques, face \u00e0 la violence \u00e9tatique. Aux confluences des luttes sociales et raciales, cette BD rappelle \u00e0 quel point le cas des USA issus de la s\u00e9gr\u00e9gation est sp\u00e9cifique avec des luttes difficilement transposables telles quelles dans une Europe h\u00e9riti\u00e8re elle de la violence coloniale.<\/p>\n<\/p><\/div>\n<div class=\"paragraph\">\n<p><b>ET AUSSI&#8230;<\/b><\/p>\n<p><b>La Fayette<\/b><\/p>\n<\/p><\/div>\n<div class=\"paragraph\">\n<p>Encore un voyage aux \u00c9tats-Unis dans cette biographie de Thomas Marlier et Romane Faure sous-titr\u00e9e \u00ab Le marquis et la R\u00e9volution am\u00e9ricaine \u00bb. \u00c0 l\u2019occasion des 250 ans de l\u2019ind\u00e9pendance des USA, les auteurs dressent le portait d\u2019un jeune noble fran\u00e7ais et de son engagement pour la libert\u00e9 sous les ordres de George Washington. Un combat qui conduira \u00e0 la cr\u00e9ation du pays mais laissera en plan la question de l\u2019esclavage dont la non-abolition, malgr\u00e9 l\u2019engagement d\u2019un homme comme Benjamin Franklin, p\u00e8se de tout son poids encore aujourd\u2019hui.<\/p>\n<p><i>Chez Dunod Graphic, 22,90 euros<\/i><\/p>\n<p><b>In Waves<\/b><\/p>\n<\/p><\/div>\n<div class=\"paragraph\">\n<p>\u00c0 l\u2019occasion de la sortie du film d\u2019animation de Phuong Mai Nguyen tir\u00e9 du livre, Casterman publie une \u00e9dition augment\u00e9e du bouleversant roman graphique du californien Aj Dungo. M\u00ealant l\u2019histoire du surf \u00e0 sa tragique romance adolescente avec Kristen, atteinte par un cancer qui finira par l\u2019emporter en pleine jeunesse, Dungo oscille entre po\u00e9sie, tendresse et pudeur, \u00e9mouvant aux larmes tout en \u00e9vitant le pathos. Salu\u00e9e par la critique lors de sortie, cette \u0153uvre majeure vaut la (re)d\u00e9couverte avant d\u2019aller se plonger dans ce drame en salle.<\/p>\n<p><i>Chez Casterman, 26 euros<\/i><\/p>\n<p><b>L\u2019\u00eele des riches<\/b><\/p>\n<\/p><\/div>\n<div class=\"paragraph\">\n<p>Ultime \u0153uvre du ma\u00eetre du sc\u00e9nario disparu en 2024 Pierre Christin, assist\u00e9 de Stella Lory avec au dessin Titwane, cette BD se situe dans une \u00eele priv\u00e9e r\u00e9serv\u00e9e aux ultras-riches d\u00e9cid\u00e9s \u00e0 se couper du reste du monde pour y vivre dans un luxe d\u00e9mentiel.<\/p>\n<p>Mais la nature et ses catastrophes n\u2019ont rien \u00e0 faire de la fortune et c\u2019est ce qu\u2019apprendront \u00e0 leurs d\u00e9pens dans cette satire sociale ces insulaires, renvoy\u00e9s \u00e0 leur statut d\u2019humain ballott\u00e9 par les \u00e9l\u00e9ments. Une derni\u00e8re r\u00e9ussite pour le cr\u00e9ateur notamment de Val\u00e9rian et des albums politiques d\u2019Enki Bilal.<\/p>\n<p><i>Chez Dargaud, 22,95 euros<\/i><\/p>\n<p><b>Mussolini<\/b><\/p>\n<\/p><\/div>\n<div class=\"paragraph\">\n<p>Titr\u00e9 \u00ab Avanti popolo \u00bb, ce premier tome d\u2019un diptyque sign\u00e9 Patrice Perna et Malo Kerfriden raconte les derni\u00e8res heures du cr\u00e9ateur du fascisme traqu\u00e9 dans le nord de l\u2019Italie par les alli\u00e9s et les partisans, pas forc\u00e9ment pour les m\u00eames raisons. Folco, jeune fils d\u2019immigr\u00e9s italiens en France, a rejoint la botte et la R\u00e9sistance pour se venger du dictateur. Malgr\u00e9 la protection de ses alli\u00e9s allemands et les m\u00e9diations de l\u2019\u00c9glise, le Duce n\u2019\u00e9chappera pas \u00e0 son destin : une ex\u00e9cution avant d\u2019\u00eatre pendu par les pieds \u00e0 un croc de boucher sur la piazzale Loreto de Milan.<\/p>\n<p><i>Chez Gl\u00e9nat, 15,50 euros<\/i><\/p>\n<p><b>Attends-moi<\/b><\/p>\n<\/p><\/div>\n<div class=\"paragraph\">\n<p>Quels sont les liens et que valent les promesses entre un humain et un animal ? C\u2019est sur cette question que se penchent les Espagnols David Mu\u00f1oz et Tirso Cons dans cette belle histoire o\u00f9 une veuve qui a recueilli le chien de son fils tout juste d\u00e9c\u00e9d\u00e9 doit l\u2019abandonner pour \u00e9vacuer apr\u00e8s un accident dans la centrale nucl\u00e9aire voisine.<\/p>\n<p>Avec une promesse : \u00ab Attends-moi \u00bb. Mais elle ne pourra pas revenir. Chacun devra aller vers sa survie et sa r\u00e9silience alors que la cruaut\u00e9 des Hommes les emm\u00e8nera \u00e0 \u00e9liminer tous les animaux de la zone contamin\u00e9e.<\/p>\n<p><i>Chez Le Lombard, 24,95 euros<\/i><\/p>\n<p><b>L\u2019invisible<\/b><\/p>\n<\/p><\/div>\n<div class=\"paragraph\">\n<p>Encore un auteur espagnol avec Rub\u00e9n del Rinc\u00f3n qui plonge son lecteur au c\u0153ur de la r\u00e9volution sandiniste au Nicaragua en 1978. L\u2019histoire d\u00e9bute \u00e0 Kiev en 2019 quand apr\u00e8s une fusillade qui a fait de nombreux morts, on retrouve une Fran\u00e7aise de 60 ans qui a surv\u00e9cu. Personne ne la soup\u00e7onne, pourtant elle est \u00e0 l\u2019origine de tout. Mais comment en est-elle arriv\u00e9e l\u00e0 ? Et quel est le lien avec ce qui s\u2019est pass\u00e9 en Am\u00e9rique centrale 40 ans auparavant ? La fusillade va en tout cas faire ressurgir une tornade de souvenirs profond\u00e9ment enfouis.<\/p>\n<p><i>Chez Ankama, 19,95 euros<\/i><\/p>\n<\/p><\/div>\n","protected":false},"excerpt":{"rendered":"S&rsquo;opposer &agrave; la domination d&rsquo;un Etat et d&rsquo;une soci&eacute;t&eacute; essentiellement raciste classant les individus et leurs droits selon leur couleur de peau a un prix souvent cher pay&eacute;. Partant du &eacute;ni&egrave;me &#8230;","protected":false},"author":1,"featured_media":39420,"comment_status":"open","ping_status":"open","sticky":false,"template":"","format":"standard","meta":{"footnotes":""},"categories":[32],"tags":[1262,2859,276,572,1293,1248,1244,857,1729,988,2001],"news-destination":[],"news-source":[475],"is_homepage":[],"ta_other":[],"class_list":["post-39419","post","type-post","status-publish","format-standard","has-post-thumbnail","hentry","category-culture","tag-bande-dessinee","tag-bd","tag-etats-unis","tag-france","tag-lecture","tag-livre","tag-livres","tag-racisme","tag-resistance","tag-week-end","tag-weekend","news-source-website"],"_links":{"self":[{"href":"https:\/\/euapp01.newsmemory.com\/lamarseillaise\/news\/wp-json\/wp\/v2\/posts\/39419","targetHints":{"allow":["GET"]}}],"collection":[{"href":"https:\/\/euapp01.newsmemory.com\/lamarseillaise\/news\/wp-json\/wp\/v2\/posts"}],"about":[{"href":"https:\/\/euapp01.newsmemory.com\/lamarseillaise\/news\/wp-json\/wp\/v2\/types\/post"}],"author":[{"embeddable":true,"href":"https:\/\/euapp01.newsmemory.com\/lamarseillaise\/news\/wp-json\/wp\/v2\/users\/1"}],"replies":[{"embeddable":true,"href":"https:\/\/euapp01.newsmemory.com\/lamarseillaise\/news\/wp-json\/wp\/v2\/comments?post=39419"}],"version-history":[{"count":1,"href":"https:\/\/euapp01.newsmemory.com\/lamarseillaise\/news\/wp-json\/wp\/v2\/posts\/39419\/revisions"}],"predecessor-version":[{"id":39421,"href":"https:\/\/euapp01.newsmemory.com\/lamarseillaise\/news\/wp-json\/wp\/v2\/posts\/39419\/revisions\/39421"}],"wp:featuredmedia":[{"embeddable":true,"href":"https:\/\/euapp01.newsmemory.com\/lamarseillaise\/news\/wp-json\/wp\/v2\/media\/39420"}],"wp:attachment":[{"href":"https:\/\/euapp01.newsmemory.com\/lamarseillaise\/news\/wp-json\/wp\/v2\/media?parent=39419"}],"wp:term":[{"taxonomy":"category","embeddable":true,"href":"https:\/\/euapp01.newsmemory.com\/lamarseillaise\/news\/wp-json\/wp\/v2\/categories?post=39419"},{"taxonomy":"post_tag","embeddable":true,"href":"https:\/\/euapp01.newsmemory.com\/lamarseillaise\/news\/wp-json\/wp\/v2\/tags?post=39419"},{"taxonomy":"news-destination","embeddable":true,"href":"https:\/\/euapp01.newsmemory.com\/lamarseillaise\/news\/wp-json\/wp\/v2\/news-destination?post=39419"},{"taxonomy":"news-source","embeddable":true,"href":"https:\/\/euapp01.newsmemory.com\/lamarseillaise\/news\/wp-json\/wp\/v2\/news-source?post=39419"},{"taxonomy":"is_homepage","embeddable":true,"href":"https:\/\/euapp01.newsmemory.com\/lamarseillaise\/news\/wp-json\/wp\/v2\/is_homepage?post=39419"},{"taxonomy":"ta_other","embeddable":true,"href":"https:\/\/euapp01.newsmemory.com\/lamarseillaise\/news\/wp-json\/wp\/v2\/ta_other?post=39419"}],"curies":[{"name":"wp","href":"https:\/\/api.w.org\/{rel}","templated":true}]}}