{"id":39417,"date":"2026-08-15T13:45:00","date_gmt":"2026-08-15T11:45:00","guid":{"rendered":"https:\/\/euapp01.newsmemory.com\/lamarseillaise\/news\/?p=39417"},"modified":"2026-08-22T07:35:47","modified_gmt":"2026-08-22T05:35:47","slug":"memoire-ouvriere-lucien-molino-dockers-traminots-metallos-a-larret","status":"publish","type":"post","link":"https:\/\/euapp01.newsmemory.com\/lamarseillaise\/news\/2026\/08\/15\/memoire-ouvriere-lucien-molino-dockers-traminots-metallos-a-larret\/","title":{"rendered":"[M\u00e9moire ouvri\u00e8re] Lucien Molino. Dockers, traminots, m\u00e9tallos&#8230; \u00e0 l\u2019arr\u00eat"},"content":{"rendered":"<div class=\"paragraph\">\n<p>Le pr\u00e9fet intervint mais il fut renvoy\u00e9 sur les roses. Il essaya vainement de faire intervenir les militaires mais il ne put d\u00e9loger les piquets de gr\u00e8ve des dockers.<\/p>\n<p>Le samedi 15 novembre, nous apprenions que le Conseil des ministres avait d\u00e9cid\u00e9 un \u00ab\u00a0nouveau train de hausse sous pression\u00a0\u00bb qui augmentait de 45% le prix de l\u2019\u00e9lectricit\u00e9 et du gaz, de 25% les tarifs SNCF. Ces d\u00e9cisions confort\u00e8rent nos positions en faveur de l\u2019augmentation des salaires. Les syndicats redoubl\u00e8rent d\u2019efforts, la gr\u00e8ve s&#8217;\u00e9tendit\u00a0: m\u00e9tallurgie, produits chimiques&#8230; Le b\u00e2timent fut la premi\u00e8re branche professionnelle \u00e0 d\u00e9velopper la gr\u00e8ve sur le plan d\u00e9partemental apr\u00e8s consultation des travailleurs. \u00c0 Marseille, le syndicat du livre et typo fait conna\u00eetre leur solidarit\u00e9. Mais ayant obtenu des augmentations, ils ne s\u2019engagent pas dans la gr\u00e8ve. Cette prise locale de position de camarades socialistes comme Dumonceau refl\u00e9tait l\u2019ampleur prise par le mouvement. En effet, au soir de cette journ\u00e9e, nous estimions au bureau de l&#8217;Union d\u00e9partementale que 85% de l&#8217;activit\u00e9 \u00e9conomique de Marseille \u00e9tait paralys\u00e9e.<\/p>\n<p><b>Face \u00e0 l\u2019inflation<\/b><\/p>\n<p>Je d\u00e9cidais alors d\u2019envoyer les secr\u00e9taires de l\u2019UD et du bureau dans les grandes villes du d\u00e9partement pour demander aux syndicats ou sections syndicales de r\u00e9unir les travailleurs afin qu\u2019ils se d\u00e9terminent apr\u00e8s le vote sur les revendications et les 25% d\u2019augmentation demand\u00e9s au CCN. Les arr\u00eats de travail s\u2019\u00e9tendirent rapidement dans le d\u00e9partement.<\/p>\n<p>\u00c0 l\u2019assembl\u00e9e g\u00e9n\u00e9rale du syndicat des traminots \u00e0 Marseille, salle Ferrer, \u00e0 la vieille Bourse du travail, \u00e0 21 heures, 3\u00a0500 traminots \u00e9taient pr\u00e9sents. Prirent la parole Isoard, secr\u00e9taire du syndicat, et Exbrayat du secr\u00e9tariat de l\u2019UD. Apr\u00e8s un vote unanime, la gr\u00e8ve totale et illimit\u00e9e avec occupation des ateliers et d\u00e9p\u00f4ts fut d\u00e9cid\u00e9e en d\u00e9pit de l\u2019opposition de l\u2019administrateur s\u00e9questr\u00e9 de la compagnie du pr\u00e9fet.<\/p>\n<p>Cette gr\u00e8ve priva Marseille de tout transport en commun \u00e0 partir du dimanche matin. Le 16 novembre (chiffre contr\u00f4le), on comptait 90\u00a0000\u00a0gr\u00e9vistes. Ce qui est certain, c\u2019est que cette gr\u00e8ve a quintupl\u00e9 en trois jours. Notre r\u00f4le \u00e9tait d\u2019aider, d\u2019organiser et de coordonner le mouvement. <i>Le<\/i><i>\u00a0<\/i><i>M\u00e9ridional<\/i> et <i>Le<\/i><i>\u00a0<\/i><i>Proven\u00e7al<\/i> nous accusaient d\u2019\u00eatre le chef d\u2019orchestre de ces mouvements, arguments que nous d\u00e9noncions dans <i>Rouge<\/i><i>\u00a0<\/i><i>Midi<\/i> et <i>La<\/i><i>\u00a0<\/i><i>Marseillaise<\/i> du lundi 17\u00a0novembre en faisant conna\u00eetre la composition du Comit\u00e9 central de gr\u00e8ve\u00a0: celui-ci regroupait les secr\u00e9taires de l&#8217;UD avec les repr\u00e9sentants des syndicats les plus importants, m\u00e9taux, b\u00e2timents, produits chimiques, dockers, traminots et marins, habillement, corporations en gr\u00e8ve illimit\u00e9e. Il avait une double fonction\u00a0: intervenir aupr\u00e8s des unions locales des Bouches-du-Rh\u00f4ne et g\u00e9rer la gr\u00e8ve.<\/p>\n<p><i>\u00e0 suivre la semaine prochaine&#8230;<\/i><\/p>\n<\/p><\/div>\n","protected":false},"excerpt":{"rendered":"Le pr&eacute;fet intervint mais il fut renvoy&eacute; sur les roses. Il essaya vainement de faire intervenir les militaires mais il ne put d&eacute;loger les piquets de gr&egrave;ve des dockers. Le samedi 15 novembre, nous apprenions que le Conseil &#8230;","protected":false},"author":1,"featured_media":38860,"comment_status":"open","ping_status":"open","sticky":false,"template":"","format":"standard","meta":{"footnotes":""},"categories":[20],"tags":[10,113,618,1974,876,280,2317,126,2630,16,920,5199,2202,250,1186,2938,1729,4253,3082,364,666,988,2001],"news-destination":[],"news-source":[475],"is_homepage":[],"ta_other":[],"class_list":["post-39417","post","type-post","status-publish","format-standard","has-post-thumbnail","hentry","category-societe","tag-bouches-du-rhone","tag-cgt","tag-devoir-de-memoire","tag-dockers","tag-greve","tag-histoire","tag-journalistes","tag-la-marseillaise","tag-lucien-molino","tag-marseille","tag-memoire","tag-memoire-ouvriere","tag-metallurgie","tag-pcf","tag-presse","tag-recit","tag-resistance","tag-resistants","tag-seconde-guerre-mondiale","tag-syndicats","tag-transports","tag-week-end","tag-weekend","news-source-website"],"_links":{"self":[{"href":"https:\/\/euapp01.newsmemory.com\/lamarseillaise\/news\/wp-json\/wp\/v2\/posts\/39417","targetHints":{"allow":["GET"]}}],"collection":[{"href":"https:\/\/euapp01.newsmemory.com\/lamarseillaise\/news\/wp-json\/wp\/v2\/posts"}],"about":[{"href":"https:\/\/euapp01.newsmemory.com\/lamarseillaise\/news\/wp-json\/wp\/v2\/types\/post"}],"author":[{"embeddable":true,"href":"https:\/\/euapp01.newsmemory.com\/lamarseillaise\/news\/wp-json\/wp\/v2\/users\/1"}],"replies":[{"embeddable":true,"href":"https:\/\/euapp01.newsmemory.com\/lamarseillaise\/news\/wp-json\/wp\/v2\/comments?post=39417"}],"version-history":[{"count":1,"href":"https:\/\/euapp01.newsmemory.com\/lamarseillaise\/news\/wp-json\/wp\/v2\/posts\/39417\/revisions"}],"predecessor-version":[{"id":39418,"href":"https:\/\/euapp01.newsmemory.com\/lamarseillaise\/news\/wp-json\/wp\/v2\/posts\/39417\/revisions\/39418"}],"wp:featuredmedia":[{"embeddable":true,"href":"https:\/\/euapp01.newsmemory.com\/lamarseillaise\/news\/wp-json\/wp\/v2\/media\/38860"}],"wp:attachment":[{"href":"https:\/\/euapp01.newsmemory.com\/lamarseillaise\/news\/wp-json\/wp\/v2\/media?parent=39417"}],"wp:term":[{"taxonomy":"category","embeddable":true,"href":"https:\/\/euapp01.newsmemory.com\/lamarseillaise\/news\/wp-json\/wp\/v2\/categories?post=39417"},{"taxonomy":"post_tag","embeddable":true,"href":"https:\/\/euapp01.newsmemory.com\/lamarseillaise\/news\/wp-json\/wp\/v2\/tags?post=39417"},{"taxonomy":"news-destination","embeddable":true,"href":"https:\/\/euapp01.newsmemory.com\/lamarseillaise\/news\/wp-json\/wp\/v2\/news-destination?post=39417"},{"taxonomy":"news-source","embeddable":true,"href":"https:\/\/euapp01.newsmemory.com\/lamarseillaise\/news\/wp-json\/wp\/v2\/news-source?post=39417"},{"taxonomy":"is_homepage","embeddable":true,"href":"https:\/\/euapp01.newsmemory.com\/lamarseillaise\/news\/wp-json\/wp\/v2\/is_homepage?post=39417"},{"taxonomy":"ta_other","embeddable":true,"href":"https:\/\/euapp01.newsmemory.com\/lamarseillaise\/news\/wp-json\/wp\/v2\/ta_other?post=39417"}],"curies":[{"name":"wp","href":"https:\/\/api.w.org\/{rel}","templated":true}]}}