{"id":39414,"date":"2026-08-15T12:07:00","date_gmt":"2026-08-15T10:07:00","guid":{"rendered":"https:\/\/euapp01.newsmemory.com\/lamarseillaise\/news\/?p=39414"},"modified":"2026-08-21T12:41:36","modified_gmt":"2026-08-21T10:41:36","slug":"kalliste-et-des-enfers-surgirent-les-diables-rouges-2-3","status":"publish","type":"post","link":"https:\/\/euapp01.newsmemory.com\/lamarseillaise\/news\/2026\/08\/15\/kalliste-et-des-enfers-surgirent-les-diables-rouges-2-3\/","title":{"rendered":"[Kallist\u00e9] Et des enfers surgirent les Diables rouges (2\/3)"},"content":{"rendered":"<div class=\"paragraph\">\n<p>Quelques jours plus tard, un samedi soir d\u2019ao\u00fbt, je retrouve Louis Poggi et Xavier-Joseph Tavera au stade Ange-Casanova pour un match amical contre la r\u00e9serve du SC Bastia. Le d\u00e9cor est diff\u00e9rent, mais il raconte la m\u00eame histoire. Quelques centaines de personnes ont pris place dans les tribunes. Il y a des anciens qui commentent d\u00e9j\u00e0 les mouvements des recrues, des enfants qui courent dans les trav\u00e9es du stade, des parents qui discutent en bord de terrain, et cette ambiance particuli\u00e8re des matchs de pr\u00e9paration, o\u00f9 le r\u00e9sultat importe finalement assez peu. Car ce qui compte, c\u2019est de revenir, de retrouver un rythme, une habitude, un lieu.<\/p>\n<p>Le stade Ange-Casanova, justement, dit beaucoup du Gaz. Il ne ressemble pas aux enceintes modernes que le football professionnel impose aujourd\u2019hui. Il est l\u00e0, un peu brut, un peu marqu\u00e9 par le temps. Son nom n\u2019a rien d\u2019anodin.<\/p>\n<p><b>Ancr\u00e9 dans la solidarit\u00e9 collective<\/b><\/p>\n<p>Ange Casanova fut l\u2019un des fondateurs du club, un homme profond\u00e9ment engag\u00e9 dans la vie sociale et politique ajaccienne, syndicaliste et militant communiste, qui avait imagin\u00e9 le Gaz\u00e9lec comme un club populaire, ancr\u00e9 dans la solidarit\u00e9 collective. Et cette histoire n\u2019est pas un d\u00e9tail du pass\u00e9. Elle continue de structurer le club aujourd\u2019hui. Car au Gaz, on retrouve encore cette id\u00e9e que le club appartient d\u2019abord \u00e0 ceux qui le font vivre.<\/p>\n<p>Louis Poggi me le dit avec beaucoup de simplicit\u00e9. Lui n\u2019\u00e9tait pas revenu pour pr\u00e9sider. Il \u00e9tait revenu pour jouer. Mais lorsque le club s\u2019est effondr\u00e9 en 2023, lorsque la liquidation judiciaire a sembl\u00e9 tout emporter, il n\u2019a pas vraiment r\u00e9fl\u00e9chi. Le club lui avait trop donn\u00e9. Alors il fallait rendre.<\/p>\n<p>Avec Xavier-Joseph Tavera, ils racontent surtout la vitesse avec laquelle tout s\u2019est jou\u00e9. Il a fallu sauver l\u2019essentiel, et l\u2019essentiel, au Gaz, ce n\u2019\u00e9tait pas seulement l\u2019\u00e9quipe premi\u00e8re. C\u2019\u00e9taient les jeunes. Pr\u00e9server les cat\u00e9gories nationales, maintenir l\u2019\u00e9cole de football, continuer \u00e0 accueillir les enfants du club\u00a0: voil\u00e0 ce qui comptait. \u00c0 suivre&#8230;<\/p>\n<\/p><\/div>\n<div class=\"paragraph\">\n<p>Lire aussi le <a href=\"https:\/\/www.lamarseillaise.fr\/societe\/kalliste-et-des-enfers-surgirent-les-diables-rouges-1-3-GA20577274\">premier volet de notre plong\u00e9e dans l\u2019histoire du Gaz\u00e9lec football club d\u2019Ajaccio<\/a>.<\/p>\n<\/p><\/div>\n","protected":false},"excerpt":{"rendered":"Quelques jours plus tard, un samedi soir d&rsquo;ao&ucirc;t, je retrouve Louis Poggi et Xavier-Joseph Tavera au stade Ange-Casanova pour un match amical contre la r&eacute;serve du SC Bastia. Le d&eacute;cor est diff&eacute;rent, mais il raconte la &#8230;","protected":false},"author":1,"featured_media":39415,"comment_status":"open","ping_status":"open","sticky":false,"template":"","format":"standard","meta":{"footnotes":""},"categories":[20],"tags":[4535,2632,226,2524,13,280,549,2398,260,988,2001],"news-destination":[],"news-source":[475],"is_homepage":[],"ta_other":[],"class_list":["post-39414","post","type-post","status-publish","format-standard","has-post-thumbnail","hentry","category-societe","tag-association-kalliste","tag-chronique-corse","tag-clubs","tag-corse","tag-football","tag-histoire","tag-jean-frederic-dejean","tag-kalliste","tag-solidarite","tag-week-end","tag-weekend","news-source-website"],"_links":{"self":[{"href":"https:\/\/euapp01.newsmemory.com\/lamarseillaise\/news\/wp-json\/wp\/v2\/posts\/39414","targetHints":{"allow":["GET"]}}],"collection":[{"href":"https:\/\/euapp01.newsmemory.com\/lamarseillaise\/news\/wp-json\/wp\/v2\/posts"}],"about":[{"href":"https:\/\/euapp01.newsmemory.com\/lamarseillaise\/news\/wp-json\/wp\/v2\/types\/post"}],"author":[{"embeddable":true,"href":"https:\/\/euapp01.newsmemory.com\/lamarseillaise\/news\/wp-json\/wp\/v2\/users\/1"}],"replies":[{"embeddable":true,"href":"https:\/\/euapp01.newsmemory.com\/lamarseillaise\/news\/wp-json\/wp\/v2\/comments?post=39414"}],"version-history":[{"count":1,"href":"https:\/\/euapp01.newsmemory.com\/lamarseillaise\/news\/wp-json\/wp\/v2\/posts\/39414\/revisions"}],"predecessor-version":[{"id":39416,"href":"https:\/\/euapp01.newsmemory.com\/lamarseillaise\/news\/wp-json\/wp\/v2\/posts\/39414\/revisions\/39416"}],"wp:featuredmedia":[{"embeddable":true,"href":"https:\/\/euapp01.newsmemory.com\/lamarseillaise\/news\/wp-json\/wp\/v2\/media\/39415"}],"wp:attachment":[{"href":"https:\/\/euapp01.newsmemory.com\/lamarseillaise\/news\/wp-json\/wp\/v2\/media?parent=39414"}],"wp:term":[{"taxonomy":"category","embeddable":true,"href":"https:\/\/euapp01.newsmemory.com\/lamarseillaise\/news\/wp-json\/wp\/v2\/categories?post=39414"},{"taxonomy":"post_tag","embeddable":true,"href":"https:\/\/euapp01.newsmemory.com\/lamarseillaise\/news\/wp-json\/wp\/v2\/tags?post=39414"},{"taxonomy":"news-destination","embeddable":true,"href":"https:\/\/euapp01.newsmemory.com\/lamarseillaise\/news\/wp-json\/wp\/v2\/news-destination?post=39414"},{"taxonomy":"news-source","embeddable":true,"href":"https:\/\/euapp01.newsmemory.com\/lamarseillaise\/news\/wp-json\/wp\/v2\/news-source?post=39414"},{"taxonomy":"is_homepage","embeddable":true,"href":"https:\/\/euapp01.newsmemory.com\/lamarseillaise\/news\/wp-json\/wp\/v2\/is_homepage?post=39414"},{"taxonomy":"ta_other","embeddable":true,"href":"https:\/\/euapp01.newsmemory.com\/lamarseillaise\/news\/wp-json\/wp\/v2\/ta_other?post=39414"}],"curies":[{"name":"wp","href":"https:\/\/api.w.org\/{rel}","templated":true}]}}