{"id":39404,"date":"2026-08-15T09:24:00","date_gmt":"2026-08-15T07:24:00","guid":{"rendered":"https:\/\/euapp01.newsmemory.com\/lamarseillaise\/news\/?p=39404"},"modified":"2026-08-21T09:23:33","modified_gmt":"2026-08-21T07:23:33","slug":"week-end-lesprit-de-1936-dans-le-vaucluse-des-greves-tous-azimuts","status":"publish","type":"post","link":"https:\/\/euapp01.newsmemory.com\/lamarseillaise\/news\/2026\/08\/15\/week-end-lesprit-de-1936-dans-le-vaucluse-des-greves-tous-azimuts\/","title":{"rendered":"[Week-end] L\u2019esprit de 1936 : dans le Vaucluse, des gr\u00e8ves tous azimuts"},"content":{"rendered":"<div class=\"paragraph\">\n<p><b>Dans le d\u00e9partement, la gauche l\u2019emporte largement aux l\u00e9gislatives et des mouvements de gr\u00e8ve touchent autant l\u2019industrie que les travailleurs agricoles.<\/b><\/p>\n<\/p><\/div>\n<div class=\"paragraph\">\n<p>Le Vaucluse va lui aussi conna\u00eetre la victoire du Front populaire et le mouvement de gr\u00e8ve qui va suivre. \u00ab\u00a0<i>Pour la circonscription d\u2019Avignon, le PCF a pr\u00e9sent\u00e9 Fernand Arnal, ouvrier \u00e9lectricien qui obtient 3<\/i><i>\u00a0<\/i><i>842<\/i><i>\u00a0<\/i><i>voix sur les 23<\/i><i>\u00a0<\/i><i>634<\/i><i>\u00a0<\/i><i>inscrits. Le Radical-socialiste Gonnet et lui appellent \u00e0 voter, au deuxi\u00e8me tour, pour Vaillandet, SFIO, arriv\u00e9 en t\u00eate au premier tour. Pour celle d\u2019Orange, \u00c9tienne Charpier a \u00e9t\u00e9 d\u00e9sign\u00e9 pour affronter Daladier. Il recueille 4<\/i><i>\u00a0<\/i><i>885<\/i><i>\u00a0<\/i><i>suffrages mais Daladier est \u00e9lu au premier tour avec 7<\/i><i>\u00a0<\/i><i>983<\/i><i>\u00a0<\/i><i>voix sur 18<\/i><i>\u00a0<\/i><i>580<\/i><i>\u00a0<\/i><i>inscrits. Dans la circonscription d\u2019Apt, Ayme est devanc\u00e9 par Lussy de la SFIO par 9<\/i><i>\u00a0<\/i><i>506<\/i><i>\u00a0<\/i><i>voix contre 1<\/i><i>\u00a0<\/i><i>715<\/i><i>\u00a0<\/i><i>sur 11<\/i><i>\u00a0<\/i><i>702<\/i><i>\u00a0<\/i><i>inscrits. Dans celle de Carpentras, le maire de Velleron, Clerc, ne se pr\u00e9sente finalement pas et Girard qui le remplace obtient 19<\/i><i>\u00a0<\/i><i>059<\/i><i>\u00a0<\/i><i>voix au premier tour. Il se d\u00e9siste, tout comme All\u00e8gre de la SFIO, pour le Radical-socialiste Guichard au deuxi\u00e8me tour<\/i>\u00a0\u00bb, racontent Roselyne Bouriche, Nadia Boyer, Andr\u00e9 Castelli, Fr\u00e9d\u00e9ric Meyer, Thierry Maillet et Vivian Point dans leur livre <i>Communistes en Vaucluse, regards sur un si\u00e8cle d\u2019histoire<\/i>. \u00ab\u00a0<i>Au total, le PCF obtient environ 9<\/i><i>\u00a0<\/i><i>000<\/i><i>\u00a0<\/i><i>voix de plus qu\u2019aux l\u00e9gislatives de<\/i><i>\u00a0<\/i><i>1932 mais aucun \u00e9lu.<\/i><i>\u00a0<\/i>\u00bb<\/p>\n<p>Du c\u00f4t\u00e9 syndical, le mouvement de gr\u00e8ve a \u00e9t\u00e9 soudain et a pris au d\u00e9pourvu les cadres syndicaux car \u00ab\u00a0<i>la plupart de ces mouvements se sont d\u00e9clench\u00e9s dans des industries et des usines o\u00f9 la CGT n\u2019avait aucune esp\u00e8ce d\u2019organisation et qu\u2019il a donc fallu que les camarades \u00e0 la t\u00eate des syndicats existants canalisent le mouvement imp\u00e9tueux<\/i>\u00a0\u00bb, racontait alors Gaston Dijon, secr\u00e9taire adjoint de l\u2019UD CGT et membre du PCF qui avait lui-m\u00eame dirig\u00e9 la gr\u00e8ve chez Vouland et Sud <span class=\"mln_uppercase_mln\">\u00e9<\/span>lectrique.<\/p>\n<p>Alors que les gr\u00e9vistes \u00ab<i>\u00a0<\/i><i>ne com<\/i><i>mettent aucun d\u00e9g\u00e2t, aucune d\u00e9gradation<\/i>\u00a0\u00bb, des acquis sont obtenus par la gr\u00e8ve, mais aussi comme \u00e0 l\u2019usine \u00e0 soie ou \u00e0 l\u2019usine \u00e0 gaz d\u2019Avignon, par des n\u00e9gociations avec des patrons \u00ab<i>\u00a0<\/i><i>moins intransigeants<\/i><i>\u00a0<\/i>\u00bb. Une gr\u00e8ve dans le b\u00e2timent aboutit \u00e0 un accord sur les cong\u00e9s pay\u00e9s et une convention collective apr\u00e8s des \u00e9chauffour\u00e9es sur la rue de la R\u00e9publique d\u2019Avignon avec des non-gr\u00e9vistes, mais aussi avec une partie du monde agricole car les gr\u00e9vistes ont voulu s\u2019opposer \u00e0 l\u2019exp\u00e9dition des denr\u00e9es agricoles, provoquant l\u2019indignation des commer\u00e7ants et des mara\u00eechers.<\/p>\n<p>Alors que depuis un d\u00e9cret d\u2019appellation du 15\u00a0mai Ch\u00e2teauneuf-du-Pape est devenue la 1<sup>re<\/sup>\u00a0AOC viticole de France, \u00ab\u00a0<i>en revanche, la gr\u00e8ve des ouvriers viticoles de Ch\u00e2teauneuf-du-Pape, est un \u00e9chec<\/i><i>\u00a0<\/i>\u00bb, notent les auteurs de <i>Communistes en Vaucluse, regards sur un si\u00e8cle d\u2019histoire<\/i>. \u00ab\u00a0<i>Dans le Vaucluse o\u00f9 les productions mara\u00eech\u00e8res sont \u00e9troitement d\u00e9pendantes des conditions d\u2019acheminement, les mouvements gr\u00e9vistes atteignent directement les int\u00e9r\u00eats des cultivateurs<\/i><i>\u00a0<\/i>\u00bb, soulignait l\u2019historien \u00c9douard Lynch dans son livre <i>Les socialistes fran\u00e7ais et la soci\u00e9t\u00e9 paysanne durant l\u2019entre-deux-guerres<\/i>.<\/p>\n<p>\u00c0 la fin de l\u2019ann\u00e9e 1936, la CGT du Vaucluse va compter 20\u00a0000\u00a0adh\u00e9rents et cinq unions locales \u00e0 Avignon, Cavaillon, Orange, Pertuis et Carpentras.<\/p>\n<\/p><\/div>\n<div class=\"paragraph\">\n<p><b>Remerciements<\/b><\/p>\n<p>Ce magazine a re\u00e7u l\u2019aide et le soutien sans faille et bienveillant de l\u2019association Prom\u00e9mo et de son pr\u00e9sident G\u00e9rard Leidet. Ouverte \u00e0 toutes les sensibilit\u00e9s associatives, syndicales et politiques li\u00e9es au monde du travail, comptant dans ses rangs aussi bien des universitaires que des militants des mouvements sociaux et associatifs, l\u2019association Provence, M\u00e9moire et Monde ouvrier (Prom\u00e9mo), cr\u00e9\u00e9e en 1999 a pour objet de contribuer \u00e0 l\u2019\u00e9laboration, la r\u00e9daction et la diffusion du Dictionnaire biographique du mouvement ouvrier et du mouvement social, l\u2019\u0153uvre immense commenc\u00e9e en 1955 par Jean Maitron ; d\u2019encourager et de d\u00e9velopper les recherches scientifiques autour de l\u2019histoire du monde et du mouvement ouvriers en Provence et de favoriser la conservation des documents et archives les concernant. Remerciements \u00e9galement \u00e0 Yann Bertolone des archives de la f\u00e9d\u00e9ration du PCF des Bouches-du-Rh\u00f4ne, \u00e0 Fr\u00e9d\u00e9ric Rosmini de la f\u00e9d\u00e9ration L\u00e9o Lagrange et de Parcours, \u00e0 l\u2019Institut d\u2019Histoire Sociale (IHS) au niveau national et dans tous les d\u00e9partements et \u00e0 la Fondation Gabriel Peri.<\/p>\n<\/p><\/div>\n","protected":false},"excerpt":{"rendered":"Dans le d&eacute;partement, la gauche l&rsquo;emporte largement aux l&eacute;gislatives et des mouvements de gr&egrave;ve touchent autant l&rsquo;industrie que les travailleurs agricoles.Le Vaucluse va lui aussi conna&icirc;tre la victoire du Front &#8230;","protected":false},"author":1,"featured_media":39405,"comment_status":"open","ping_status":"open","sticky":false,"template":"","format":"standard","meta":{"footnotes":""},"categories":[3926,3925,20],"tags":[3111,876,280,852,250,2938,171,988,2001],"news-destination":[3944],"news-source":[475],"is_homepage":[],"ta_other":[],"class_list":["post-39404","post","type-post","status-publish","format-standard","has-post-thumbnail","hentry","category-accueil-merge","category-accueil-third","category-societe","tag-front-populaire","tag-greve","tag-histoire","tag-mouvement-social","tag-pcf","tag-recit","tag-vaucluse","tag-week-end","tag-weekend","news-destination-homepage","news-source-website"],"_links":{"self":[{"href":"https:\/\/euapp01.newsmemory.com\/lamarseillaise\/news\/wp-json\/wp\/v2\/posts\/39404","targetHints":{"allow":["GET"]}}],"collection":[{"href":"https:\/\/euapp01.newsmemory.com\/lamarseillaise\/news\/wp-json\/wp\/v2\/posts"}],"about":[{"href":"https:\/\/euapp01.newsmemory.com\/lamarseillaise\/news\/wp-json\/wp\/v2\/types\/post"}],"author":[{"embeddable":true,"href":"https:\/\/euapp01.newsmemory.com\/lamarseillaise\/news\/wp-json\/wp\/v2\/users\/1"}],"replies":[{"embeddable":true,"href":"https:\/\/euapp01.newsmemory.com\/lamarseillaise\/news\/wp-json\/wp\/v2\/comments?post=39404"}],"version-history":[{"count":1,"href":"https:\/\/euapp01.newsmemory.com\/lamarseillaise\/news\/wp-json\/wp\/v2\/posts\/39404\/revisions"}],"predecessor-version":[{"id":39406,"href":"https:\/\/euapp01.newsmemory.com\/lamarseillaise\/news\/wp-json\/wp\/v2\/posts\/39404\/revisions\/39406"}],"wp:featuredmedia":[{"embeddable":true,"href":"https:\/\/euapp01.newsmemory.com\/lamarseillaise\/news\/wp-json\/wp\/v2\/media\/39405"}],"wp:attachment":[{"href":"https:\/\/euapp01.newsmemory.com\/lamarseillaise\/news\/wp-json\/wp\/v2\/media?parent=39404"}],"wp:term":[{"taxonomy":"category","embeddable":true,"href":"https:\/\/euapp01.newsmemory.com\/lamarseillaise\/news\/wp-json\/wp\/v2\/categories?post=39404"},{"taxonomy":"post_tag","embeddable":true,"href":"https:\/\/euapp01.newsmemory.com\/lamarseillaise\/news\/wp-json\/wp\/v2\/tags?post=39404"},{"taxonomy":"news-destination","embeddable":true,"href":"https:\/\/euapp01.newsmemory.com\/lamarseillaise\/news\/wp-json\/wp\/v2\/news-destination?post=39404"},{"taxonomy":"news-source","embeddable":true,"href":"https:\/\/euapp01.newsmemory.com\/lamarseillaise\/news\/wp-json\/wp\/v2\/news-source?post=39404"},{"taxonomy":"is_homepage","embeddable":true,"href":"https:\/\/euapp01.newsmemory.com\/lamarseillaise\/news\/wp-json\/wp\/v2\/is_homepage?post=39404"},{"taxonomy":"ta_other","embeddable":true,"href":"https:\/\/euapp01.newsmemory.com\/lamarseillaise\/news\/wp-json\/wp\/v2\/ta_other?post=39404"}],"curies":[{"name":"wp","href":"https:\/\/api.w.org\/{rel}","templated":true}]}}