{"id":39398,"date":"2026-08-15T08:27:00","date_gmt":"2026-08-15T06:27:00","guid":{"rendered":"https:\/\/euapp01.newsmemory.com\/lamarseillaise\/news\/?p=39398"},"modified":"2026-08-21T09:23:33","modified_gmt":"2026-08-21T07:23:33","slug":"esterel-caravaning-a-saint-raphael-le-camping-version-luxe","status":"publish","type":"post","link":"https:\/\/euapp01.newsmemory.com\/lamarseillaise\/news\/2026\/08\/15\/esterel-caravaning-a-saint-raphael-le-camping-version-luxe\/","title":{"rendered":"[Week-end] Est\u00e9rel Caravaning \u00e0 Saint-Rapha\u00ebl, le camping version luxe"},"content":{"rendered":"<div class=\"paragraph\">\n<p><b><span class=\"mln_uppercase_mln\"><\/span><\/b><\/p>\n<p>Ici, pas de danse des tongs. Encore moins lors des soir\u00e9es blanches, tradition bimensuelle lors de laquelle les clients se parent de blanc pour assister \u00e0 un show en grande pompe, au bord de la piscine. \u00ab\u00a0<i>Je n\u2019ai jamais \u00e9t\u00e9 invit\u00e9e aux soir\u00e9es d\u2019Eddie Barclay, alors j\u2019ai voulu faire pareil. Et en mieux, vous allez voir<\/i>\u00a0\u00bb, parie Aurore Laroche, instigatrice de ces moments voluptueux. Surtout en cette soir\u00e9e des 50\u00a0ans d\u2019Esterel Caravaning, pour laquelle la directrice n\u2019a pas l\u00e9sin\u00e9 sur les moyens afin d\u2019offrir un spectacle digne d\u2019un grand cabaret m\u00ealant chant, danse, musique, dans une sc\u00e9nographie \u00e9poustouflante, loin de l\u2019id\u00e9e qu\u2019on se fait du camping.<\/p>\n<p><b>Un site \u00ab<\/b><b>\u00a0<\/b><b>hors-norme<\/b><b>\u00a0<\/b><b>\u00bb<\/b><\/p>\n<p>Dans la droite ligne de l\u2019extravagance assum\u00e9e de ce bout de femme de 58\u00a0ans aux cheveux courts blonds platine, robe de froufrous, \u00e9nergie rotor et main de fer dans un gant de velours, qui passe entre les tables pour discuter avec chacun des convives, habitu\u00e9 ou nouveau venu. Son but\u00a0: continuer \u00e0 faire de l\u2019\u00e9tablissement, cr\u00e9\u00e9 par ses parents, Jean et Jacqueline, en\u00a01976, \u00ab\u00a0<i>un camping hors norme<\/i><i>\u00a0<\/i>\u00bb. Car d\u00e8s son ouverture, il s\u2019est distingu\u00e9 par un \u00ab\u00a0<i>concept avant-gardiste<\/i>\u00a0\u00bb\u00a0: des salles de bain ind\u00e9pendantes sur les emplacements. Dot\u00e9 de 164 pour camping-car et caravane (pas de tente) et 331\u00a0mobile homes sur 12\u00a0hectares entre le massif de l\u2019Est\u00e9rel et la rade d\u2019Agay, le camping n\u2019a cess\u00e9 de grandir. Ce \u00ab\u00a0<i>qui n\u2019\u00e9tait qu\u2019un espace de garrigue brute<\/i><i>\u00a0<\/i>\u00bb, retrace Aurore Laroche, compte d\u00e9sormais 298\u00a0000\u00a0plantes\u00a0: \u00ab\u00a0<i>Je plante 10<\/i><i>\u00a0<\/i><i>000<\/i><i>\u00a0<\/i><i>plantes, arbres, fleurs par an, depuis 20<\/i><i>\u00a0<\/i><i>ans, par passion et pour compenser ma d\u00e9pense carbone<\/i>\u00a0\u00bb, annonce-t-elle. Et s\u2019il offre des services classiques (sup\u00e9rette, piscine, terrains de p\u00e9tanque, snack&#8230;), tout y est plus grand. Parc aquatique d\u2019un hectare, restaurant semi-gastronomique, plage artificielle avec vue sur l\u2019Est\u00e9rel, terrains de padel, salle de squash, et un grand nombre d\u2019activit\u00e9s enti\u00e8rement gratuites. Et surtout, des emplacements et bungalows pour certains dot\u00e9s de piscines et de spas, avec des prix grimpant jusqu\u2019\u00e0 9\u00a0800\u00a0euros la semaine pour 12\u00a0personnes en pleine saison. \u00ab\u00a0<i>Mais il y en a pour tout le monde<\/i><i>\u00a0<\/i>\u00bb, assure Aurore Laroche\u00a0: 805\u00a0euros pour un mobile home 2\/3\u00a0personnes, 560\u00a0euros pour un emplacement standard. Laure et St\u00e9phanie, plus habitu\u00e9es aux villas et aux h\u00f4tels, ont trouv\u00e9 leur compte avec un mobile home agr\u00e9ment\u00e9 d\u2019un spa\u00a0: \u00ab\u00a0<i>C\u2019est important d\u2019\u00eatre install\u00e9 confortablement. Il y a toutes les infrastructures, la sup\u00e9rette, les animations pour enfants, dans un cadre magnifique<\/i>\u00a0\u00bb, se r\u00e9jouissent-elles. Mourad, Christine et leur fils Kamil, venus du Nord, sont des habitu\u00e9s. \u00ab\u00a0<i>Je suis venue ici pour la premi\u00e8re fois en<\/i><i>\u00a0<\/i><i>1982<\/i><i>\u00a0<\/i>\u00bb, raconte Christine, qui a vu le camping se transformer depuis. Install\u00e9s au premier rang pour le spectacle, avec les autres fid\u00e8les, ils passent tous leurs \u00e9t\u00e9s ici, eux qui y sont propri\u00e9taires d\u2019un mobile home\u00a0: \u00ab\u00a0<i>La baie d\u2019Agay et l\u2019une des plus belles de la r\u00e9gion, et ici, on a trouv\u00e9 un esprit familial, de la convivialit\u00e9, et un cercle d\u2019amis qu\u2019on revoit chaque ann\u00e9e<\/i>\u00a0\u00bb. Au sein duquel on retrouve Claude et Florence, assis \u00e0 la table d\u2019\u00e0 c\u00f4t\u00e9, originaires de l\u2019Essonne, et qui viennent depuis\u00a01993 dans \u00ab\u00a0<i>ce camping d\u00e9couvert par hasard. Maintenant, ce sont nos enfants qui y am\u00e8nent les leurs, la tradition se perp\u00e9tue<\/i>\u00a0\u00bb. Pour eux, le quotidien, c\u2019est surtout la plage. \u00ab\u00a0<i>Et un peu la p\u00e9tanque parce qu\u2019ici, c\u2019est facile de gagner<\/i>\u00a0\u00bb, s\u2019amuse Claude, en taquinant Kamil, annon\u00e7ant la revanche du lendemain. Comme dans n\u2019importe quel camping, finalement.<\/p>\n<\/p><\/div>\n","protected":false},"excerpt":{"rendered":"","protected":false},"author":1,"featured_media":39399,"comment_status":"open","ping_status":"open","sticky":false,"template":"","format":"standard","meta":{"footnotes":""},"categories":[3926,3925,20],"tags":[6085,5238,336,3239,1013,672,605,529,1361,31,988,2001],"news-destination":[3944],"news-source":[475],"is_homepage":[],"ta_other":[],"class_list":["post-39398","post","type-post","status-publish","format-standard","has-post-thumbnail","hentry","category-accueil-merge","category-accueil-third","category-societe","tag-cest-lete","tag-camping","tag-ete","tag-massif","tag-petanque","tag-piscine","tag-saint-raphael","tag-spectacle","tag-vacances","tag-var","tag-week-end","tag-weekend","news-destination-homepage","news-source-website"],"_links":{"self":[{"href":"https:\/\/euapp01.newsmemory.com\/lamarseillaise\/news\/wp-json\/wp\/v2\/posts\/39398","targetHints":{"allow":["GET"]}}],"collection":[{"href":"https:\/\/euapp01.newsmemory.com\/lamarseillaise\/news\/wp-json\/wp\/v2\/posts"}],"about":[{"href":"https:\/\/euapp01.newsmemory.com\/lamarseillaise\/news\/wp-json\/wp\/v2\/types\/post"}],"author":[{"embeddable":true,"href":"https:\/\/euapp01.newsmemory.com\/lamarseillaise\/news\/wp-json\/wp\/v2\/users\/1"}],"replies":[{"embeddable":true,"href":"https:\/\/euapp01.newsmemory.com\/lamarseillaise\/news\/wp-json\/wp\/v2\/comments?post=39398"}],"version-history":[{"count":2,"href":"https:\/\/euapp01.newsmemory.com\/lamarseillaise\/news\/wp-json\/wp\/v2\/posts\/39398\/revisions"}],"predecessor-version":[{"id":39407,"href":"https:\/\/euapp01.newsmemory.com\/lamarseillaise\/news\/wp-json\/wp\/v2\/posts\/39398\/revisions\/39407"}],"wp:featuredmedia":[{"embeddable":true,"href":"https:\/\/euapp01.newsmemory.com\/lamarseillaise\/news\/wp-json\/wp\/v2\/media\/39399"}],"wp:attachment":[{"href":"https:\/\/euapp01.newsmemory.com\/lamarseillaise\/news\/wp-json\/wp\/v2\/media?parent=39398"}],"wp:term":[{"taxonomy":"category","embeddable":true,"href":"https:\/\/euapp01.newsmemory.com\/lamarseillaise\/news\/wp-json\/wp\/v2\/categories?post=39398"},{"taxonomy":"post_tag","embeddable":true,"href":"https:\/\/euapp01.newsmemory.com\/lamarseillaise\/news\/wp-json\/wp\/v2\/tags?post=39398"},{"taxonomy":"news-destination","embeddable":true,"href":"https:\/\/euapp01.newsmemory.com\/lamarseillaise\/news\/wp-json\/wp\/v2\/news-destination?post=39398"},{"taxonomy":"news-source","embeddable":true,"href":"https:\/\/euapp01.newsmemory.com\/lamarseillaise\/news\/wp-json\/wp\/v2\/news-source?post=39398"},{"taxonomy":"is_homepage","embeddable":true,"href":"https:\/\/euapp01.newsmemory.com\/lamarseillaise\/news\/wp-json\/wp\/v2\/is_homepage?post=39398"},{"taxonomy":"ta_other","embeddable":true,"href":"https:\/\/euapp01.newsmemory.com\/lamarseillaise\/news\/wp-json\/wp\/v2\/ta_other?post=39398"}],"curies":[{"name":"wp","href":"https:\/\/api.w.org\/{rel}","templated":true}]}}