{"id":39395,"date":"2026-08-15T08:18:00","date_gmt":"2026-08-15T06:18:00","guid":{"rendered":"https:\/\/euapp01.newsmemory.com\/lamarseillaise\/news\/?p=39395"},"modified":"2026-08-21T08:53:18","modified_gmt":"2026-08-21T06:53:18","slug":"grand-entretien-yves-pujol-la-culture-ne-doit-pas-etre-le-parent-pauvre","status":"publish","type":"post","link":"https:\/\/euapp01.newsmemory.com\/lamarseillaise\/news\/2026\/08\/15\/grand-entretien-yves-pujol-la-culture-ne-doit-pas-etre-le-parent-pauvre\/","title":{"rendered":"[Grand entretien] Yves Pujol : \u00ab&nbsp;La culture ne doit pas \u00eatre le parent pauvre&nbsp;\u00bb"},"content":{"rendered":"<div class=\"paragraph\">\n<p><b>La Marseillaise<\/b><b>\u00a0<\/b><b>: <\/b><b>Vous \u00eates parrain depuis la premi\u00e8re \u00e9dition de ce festival, en quoi est-ce important<\/b><b>\u00a0<\/b><b>?<\/b><\/p>\n<p><b>Yves Pujol<\/b><b>\u00a0<\/b><b>:<\/b><\/p>\n<p>Le but premier, c\u2019est d\u2019aider \u00e0 r\u00e9cup\u00e9rer des sous pour une association qui s\u2019occupe des enfants ou des gens malades, l\u00e0 en l\u2019occurrence l\u2019association UJM Clart\u00e9. \u00c7a c\u2019est le premier but. Le deuxi\u00e8me, c\u2019est que cela permet \u00e0 des artistes de se faire d\u00e9couvrir, pour ceux qui ne sont pas connus dans notre r\u00e9gion, et puis \u00e0 d\u2019autres de pouvoir avoir un petit peu de temps de sc\u00e8ne.<\/p>\n<p><b>C&#8217;est une mani\u00e8re aussi de donner ce qu&#8217;on a re\u00e7u<\/b><b>\u00a0<\/b><b>? D\u2019aider de jeunes talents, comme les Chevaliers du Fiel ou Patrick S\u00e9bastien l\u2019ont fait pour vous<\/b><b>\u00a0<\/b><b>?<\/b><\/p>\n<p><b>Y.P.<\/b><b>\u00a0<\/b><b>: <\/b>Oui, sauf que la diff\u00e9rence cette fois, c\u2019est que les artistes qui vont passer l\u00e0 ne sont pas de jeunes talents. Ce sont des artistes confirm\u00e9s qui sont de la r\u00e9gion.<\/p>\n<p>Nous ne sommes pas dans l\u2019optique d\u2019un tremplin pour des jeunes. C\u2019est plut\u00f4t des artistes confirm\u00e9s qui viennent faire 20-25 minutes chacun pour la bonne cause. Apr\u00e8s, d\u00e8s que j&#8217;ai l\u2019occasion de donner du temps de jeu \u00e0 des jeunes artistes qui se lancent, je le fais, oui, parce que des gens comme Patrick S\u00e9bastien ou les Chevaliers du Fiel l&#8217;ont fait pour moi et d\u2019autres l\u2019ont fait pour eux.<\/p>\n<p><b>Justement les baisses des dotations mettent en difficult\u00e9 sc\u00e8nes, th\u00e9\u00e2tres, troupes&#8230; Vous portez quel regard sur cette situation<\/b><b>\u00a0<\/b><b>?<\/b><\/p>\n<p><b>Y.P.<\/b><b>\u00a0<\/b><b>: <\/b>Je ne fais pas trop de politique&#8230; Apr\u00e8s, je pense que la culture, il ne faut pas la d\u00e9laisser, quoi qu&#8217;il se passe. On a vu avec le Covid, qu\u2019on a \u00e9t\u00e9 les premiers \u00e0 s\u2019arr\u00eater et les derniers \u00e0 reprendre&#8230; Ce qui s\u2019explique et ce qui se comprend aussi. Mais la culture c\u2019est ce qui reste quand on n\u2019a plus rien, il ne faut pas qu\u2019elle serve de variable d\u2019ajustement, notamment quand nous sommes dans une crise mondiale, comme lors de la pand\u00e9mie. Il ne faut pas que ce soit le parent pauvre. C\u2019est trop important.<\/p>\n<p><b>Concernant votre chronique, \u00ab<\/b><b>\u00a0<\/b><b>demande-moi quand tu sais pas<\/b><b>\u00a0<\/b><b>\u00bb sur France 3 Paca, o\u00f9 en \u00eates-vous<\/b><b>\u00a0<\/b><b>? <\/b><\/p>\n<p><b>Y.P.<\/b><b>\u00a0<\/b><b>: <\/b><span class=\"mln_uppercase_mln\">\u00e7<\/span>a fait maintenant 5\u00a0ans et on en est \u00e0 plus de 250\u00a0mots, on va s\u2019approcher des 300 cette ann\u00e9e. C\u2019est une belle r\u00e9ussite, c\u2019est une chronique qui pla\u00eet bien. On est \u00e0 pr\u00e8s de 60\u00a0millions de vues cumul\u00e9es sur les r\u00e9seaux sociaux. Les gens dans la rue m\u2019arr\u00eatent en me disant \u00ab\u00a0demande-moi, si tu sais pas\u00a0!\u00a0\u00bb. C\u2019est une belle surprise\u00a0!<\/p>\n<p><b>C\u2019est une n\u00e9cessit\u00e9 de diversifier les supports, de varier les m\u00e9dias aujourd\u2019hui<\/b><b>\u00a0<\/b><b>?<\/b><\/p>\n<p><b>Y.P.<\/b><b>\u00a0<\/b><b>: <\/b>On continue de tourner avec le groupe A\u00efoli, j\u2019ai fait du cin\u00e9ma, du th\u00e9\u00e2tre, du one-man-show&#8230; tout \u00e7a c\u2019est une grande commode qui appartient \u00e0 l\u2019artistique. Et dans cette commode-l\u00e0, il y a plein de tiroirs, le vecteur, le prisme change, mais le but est le m\u00eame\u00a0: donner des \u00e9motions. C\u2019est quasiment pour moi le m\u00eame m\u00e9tier.<\/p>\n<p><b>On a vu ces derni\u00e8res ann\u00e9es une explosion des propositions de stand-up, de one-man-show, on a m\u00eame l\u2019impression que le rire est partout. Comment vous positionnez-vous par rapport \u00e0 ce ph\u00e9nom\u00e8ne<\/b><b>\u00a0<\/b><b>? <\/b><\/p>\n<p><b><\/b><\/p>\n<p><b>Y.P.<\/b><b>\u00a0<\/b><b>: <\/b>Personnellement, je suis plut\u00f4t plus vers la fin que vers le d\u00e9but\u00a0! Donc je regarde \u00e7a avec un petit peu de recul. Mais c\u2019est vrai que, comme on dit, trop d&#8217;humour, tue l&#8217;humour. C\u2019est vrai que maintenant on met l\u2019humoriste partout, dans des magazines de sant\u00e9, \u00e0 la radio, \u00e0 la t\u00e9l\u00e9, bient\u00f4t au JT, \u00e7a va arriver&#8230; Sauf qu\u2019\u00e0 moment donn\u00e9, quand on a trop d\u2019humour, m\u00eame si c\u2019est bien fait, on passe \u00e0 c\u00f4t\u00e9. On rigole, on sourit, alors qu\u2019il y a dix ans on aurait \u00e9clat\u00e9 de rire. Apr\u00e8s c\u2019est la nouvelle forme d\u2019humour des jeunes et c\u2019est tant mieux, parce qu\u2019il faut un renouvellement, cr\u00e9er des styles, donc de ce point de vue l\u00e0, c\u2019est impeccable.<\/p>\n<p>Apr\u00e8s, il y aura un effet comme \u00e0 l\u2019\u00e9poque de la Star Ac\u2019 beaucoup de gens voulaient chanter, puis peu sont rest\u00e9s. Je pense que dans le stand-up, c\u2019est pareil, apr\u00e8s le pic que nous sommes en train de conna\u00eetre, certains qui ont du talent, qui excellent dans leur art vont rester.<\/p>\n<p><b>Il y a aussi des diff\u00e9rences de formations, vous \u00eates all\u00e9 au conservatoire d\u2019art dramatique de Toulon, puis au cours Florent&#8230; <\/b><\/p>\n<p><b>Y.P.<\/b><b>\u00a0<\/b><b>: <\/b>Moi, \u00e0 mon \u00e9poque, pour monter sur sc\u00e8ne en solo, il fallait \u00eatre com\u00e9dien, parce c\u2019est de la com\u00e9die. Maintenant, plus besoin de passer par les cours de th\u00e9\u00e2tre ou avoir fait du th\u00e9\u00e2tre pour monter sur sc\u00e8ne pour raconter des blagues et faire des vannes, on fait 2-3 vannes, elles marchent, elles marchent pas, c\u2019est pas grave, on passe \u00e0 autre chose. C\u2019est une fa\u00e7on diff\u00e9rente de travailler, dans la tradition du stand-up am\u00e9ricain. Et c\u2019est parfait, je trouve \u00e7a tr\u00e8s bien.<\/p>\n<p>Mais je pense que la vie va faire que certains vont rester, ceux qui d\u00e9veloppent des personnages par exemple, comme J\u00e9rome Commandeur ou Laura Felpin, et d\u2019autres vont partir&#8230;<\/p>\n<p><b>Et votre actu<\/b><b>\u00a0<\/b><b>? <\/b><\/p>\n<p>Alors, nous faisons pendant tout l\u2019\u00e9t\u00e9, avec A\u00efoli, une tourn\u00e9e mondiale dans le Var\u00a0! Et puis je vais poursuivre avec mon dernier spectacle, <i>Parce que Pujol<\/i>, avec notamment une date le 31\u00a0d\u00e9cembre, au th\u00e9\u00e2tre Colbert, \u00e0 Toulon. <b> <\/b><\/p>\n<p><b><span class=\"mln_small-caps_mln\">Propos recueillis par Sylvain fournier<\/span><\/b><\/p>\n<\/p><\/div>\n","protected":false},"excerpt":{"rendered":"La Marseillaise&nbsp;: Vous &ecirc;tes parrain depuis la premi&egrave;re &eacute;dition de ce festival, en quoi est-ce important&nbsp;?","protected":false},"author":1,"featured_media":39396,"comment_status":"open","ping_status":"open","sticky":false,"template":"","format":"standard","meta":{"footnotes":""},"categories":[3926,3925,32],"tags":[2864,4372,5202,2928,329,2026,1964,5492,1241,31,988,2001],"news-destination":[3944],"news-source":[475],"is_homepage":[],"ta_other":[],"class_list":["post-39395","post","type-post","status-publish","format-standard","has-post-thumbnail","hentry","category-accueil-merge","category-accueil-third","category-culture","tag-bandol","tag-chanteur","tag-comedie","tag-comedien","tag-festival","tag-humour","tag-le-grand-entretien","tag-stand-up","tag-theatre","tag-var","tag-week-end","tag-weekend","news-destination-homepage","news-source-website"],"_links":{"self":[{"href":"https:\/\/euapp01.newsmemory.com\/lamarseillaise\/news\/wp-json\/wp\/v2\/posts\/39395","targetHints":{"allow":["GET"]}}],"collection":[{"href":"https:\/\/euapp01.newsmemory.com\/lamarseillaise\/news\/wp-json\/wp\/v2\/posts"}],"about":[{"href":"https:\/\/euapp01.newsmemory.com\/lamarseillaise\/news\/wp-json\/wp\/v2\/types\/post"}],"author":[{"embeddable":true,"href":"https:\/\/euapp01.newsmemory.com\/lamarseillaise\/news\/wp-json\/wp\/v2\/users\/1"}],"replies":[{"embeddable":true,"href":"https:\/\/euapp01.newsmemory.com\/lamarseillaise\/news\/wp-json\/wp\/v2\/comments?post=39395"}],"version-history":[{"count":1,"href":"https:\/\/euapp01.newsmemory.com\/lamarseillaise\/news\/wp-json\/wp\/v2\/posts\/39395\/revisions"}],"predecessor-version":[{"id":39397,"href":"https:\/\/euapp01.newsmemory.com\/lamarseillaise\/news\/wp-json\/wp\/v2\/posts\/39395\/revisions\/39397"}],"wp:featuredmedia":[{"embeddable":true,"href":"https:\/\/euapp01.newsmemory.com\/lamarseillaise\/news\/wp-json\/wp\/v2\/media\/39396"}],"wp:attachment":[{"href":"https:\/\/euapp01.newsmemory.com\/lamarseillaise\/news\/wp-json\/wp\/v2\/media?parent=39395"}],"wp:term":[{"taxonomy":"category","embeddable":true,"href":"https:\/\/euapp01.newsmemory.com\/lamarseillaise\/news\/wp-json\/wp\/v2\/categories?post=39395"},{"taxonomy":"post_tag","embeddable":true,"href":"https:\/\/euapp01.newsmemory.com\/lamarseillaise\/news\/wp-json\/wp\/v2\/tags?post=39395"},{"taxonomy":"news-destination","embeddable":true,"href":"https:\/\/euapp01.newsmemory.com\/lamarseillaise\/news\/wp-json\/wp\/v2\/news-destination?post=39395"},{"taxonomy":"news-source","embeddable":true,"href":"https:\/\/euapp01.newsmemory.com\/lamarseillaise\/news\/wp-json\/wp\/v2\/news-source?post=39395"},{"taxonomy":"is_homepage","embeddable":true,"href":"https:\/\/euapp01.newsmemory.com\/lamarseillaise\/news\/wp-json\/wp\/v2\/is_homepage?post=39395"},{"taxonomy":"ta_other","embeddable":true,"href":"https:\/\/euapp01.newsmemory.com\/lamarseillaise\/news\/wp-json\/wp\/v2\/ta_other?post=39395"}],"curies":[{"name":"wp","href":"https:\/\/api.w.org\/{rel}","templated":true}]}}