{"id":39392,"date":"2026-08-15T08:03:00","date_gmt":"2026-08-15T06:03:00","guid":{"rendered":"https:\/\/euapp01.newsmemory.com\/lamarseillaise\/news\/?p=39392"},"modified":"2026-08-21T08:53:18","modified_gmt":"2026-08-21T06:53:18","slug":"fete-du-15-aout-pluie-de-festivites-dans-le-ciel-marseillais","status":"publish","type":"post","link":"https:\/\/euapp01.newsmemory.com\/lamarseillaise\/news\/2026\/08\/15\/fete-du-15-aout-pluie-de-festivites-dans-le-ciel-marseillais\/","title":{"rendered":"[F\u00eate du 15 ao\u00fbt] Pluie de festivit\u00e9s dans le ciel marseillais"},"content":{"rendered":"<div class=\"paragraph\">\n<p>Karaok\u00e9 g\u00e9ant, spectacle de drones ou encore feu d\u2019artifice, tout Marseille est invit\u00e9 aux festivit\u00e9s exceptionnelles de ce samedi 15\u00a0ao\u00fbt. La soir\u00e9e se d\u00e9roulera face \u00e0 la mer, sur l\u2019esplanade Gis\u00e8le-Halimi au niveau du J4, dans une ambiance que la Ville promet \u00ab\u00a0<i>conviviale et festive, pour toutes les g\u00e9n\u00e9rations et toutes les envies<\/i>\u00a0\u00bb.<\/p>\n<p><b>D\u00e8s 19h, le micro est tendu au public<\/b><b>\u00a0<\/b><b>!<\/b><\/p>\n<p>Devenu un rendez-vous incontournable de l\u2019\u00e9t\u00e9 marseillais depuis sa cr\u00e9ation en 2021, le c\u00e9l\u00e8bre karaok\u00e9 en plein air fait son grand retour pour cette nouvelle \u00e9dition. Le temps d\u2019une soir\u00e9e, Marseillais et visiteurs sont convi\u00e9s \u00e0 \u00ab\u00a0<i>monter sur sc\u00e8ne et devenir la star de la soir\u00e9e<\/i>\u00a0\u00bb. Amateurs de R&#038;B comme passionn\u00e9s de chanson fran\u00e7aise, tout le monde pourra chanter en ch\u0153ur, puisque le r\u00e9pertoire de cette ann\u00e9e compte plus de 400\u00a0titres. Des tubes intemporels des ann\u00e9es\u00a080 au rap fran\u00e7ais, en passant par l\u2019afrobeat, il y en aura pour tous les go\u00fbts.<\/p>\n<p><b>Un spectacle insolite dans les airs<\/b><\/p>\n<p>C\u2019est le temps fort de la soir\u00e9e. D\u00e8s 22h, le public pourra lever les yeux vers un spectacle a\u00e9rien hors norme sous le th\u00e8me de la \u00ab\u00a0<i>M\u00e9diterran\u00e9e po\u00e9tique<\/i>\u00a0\u00bb. Le traditionnel feu d\u2019artifice s\u2019associe \u00e0 un ballet de drones in\u00e9dit, con\u00e7u par le renomm\u00e9 Groupe\u00a0F. Un rendez-vous d\u2019une vingtaine de minutes \u00ab\u00a0<i>\u00e0 d\u00e9couvrir et \u00e0 partager en famille ou entre amis<\/i><i>\u00a0<\/i>\u00bb, soulignent les organisateurs. Ensuite, le karaok\u00e9 reprendra de 22h30 \u00e0 minuit, afin de clore la soir\u00e9e comme elle avait commenc\u00e9\u00a0: en musique.<\/p>\n<p>Autour de la sc\u00e8ne, l\u2019ambiance sera de mise toute la soir\u00e9e avec six stands d\u2019animation ouverts \u00e0 tous, un espace d\u00e9tente, une aire de p\u00e9tanque et un coin restauration avec food trucks et bars install\u00e9s en bord de mer.<\/p>\n<p>L\u2019\u00e9v\u00e9nement est enti\u00e8rement gratuit et accessible \u00e0 tous. La sc\u00e8ne du karaok\u00e9 dispose d\u2019un accueil inclusion tandis qu\u2019un acc\u00e8s PMR est pr\u00e9vu sur l\u2019esplanade de la Major pour profiter du spectacle pyrotechnique. \u00c0 noter qu\u2019en cas de mauvais temps, les festivit\u00e9s pourront \u00eatre report\u00e9es au dimanche 16\u00a0ao\u00fbt.<i> <\/i><\/p>\n<p><b><span class=\"mln_small-caps_mln\">Andr\u00e9a Goyard de Castro<\/span><\/b><\/p>\n<p><i>Circulation modifi\u00e9e \u00e0 retrouver sur <a rel=\"nofollow noopener noreferrer\" href=\"https:\/\/www.marseille.fr\/\" target=\"_blank\">marseille.fr<\/a><\/i><\/p>\n<\/p><\/div>\n","protected":false},"excerpt":{"rendered":"Karaok&eacute; g&eacute;ant, spectacle de drones ou encore feu d&rsquo;artifice, tout Marseille est invit&eacute; aux festivit&eacute;s exceptionnelles de ce samedi 15&nbsp;ao&ucirc;t. La soir&eacute;e se d&eacute;roulera face &agrave; la mer, sur &#8230;","protected":false},"author":1,"featured_media":39393,"comment_status":"open","ping_status":"open","sticky":false,"template":"","format":"standard","meta":{"footnotes":""},"categories":[3926,3925,20],"tags":[6246,10,317,57,58,754,1138,1308,16,128,85,1662,2641,529,988,2001],"news-destination":[3944],"news-source":[475],"is_homepage":[],"ta_other":[],"class_list":["post-39392","post","type-post","status-publish","format-standard","has-post-thumbnail","hentry","category-accueil-merge","category-accueil-third","category-societe","tag-15-aout","tag-bouches-du-rhone","tag-drones","tag-enfants","tag-famille","tag-familles","tag-festivites","tag-lete-marseillais","tag-marseille","tag-mediterranee","tag-mer","tag-office-de-tourisme","tag-poesie","tag-spectacle","tag-week-end","tag-weekend","news-destination-homepage","news-source-website"],"_links":{"self":[{"href":"https:\/\/euapp01.newsmemory.com\/lamarseillaise\/news\/wp-json\/wp\/v2\/posts\/39392","targetHints":{"allow":["GET"]}}],"collection":[{"href":"https:\/\/euapp01.newsmemory.com\/lamarseillaise\/news\/wp-json\/wp\/v2\/posts"}],"about":[{"href":"https:\/\/euapp01.newsmemory.com\/lamarseillaise\/news\/wp-json\/wp\/v2\/types\/post"}],"author":[{"embeddable":true,"href":"https:\/\/euapp01.newsmemory.com\/lamarseillaise\/news\/wp-json\/wp\/v2\/users\/1"}],"replies":[{"embeddable":true,"href":"https:\/\/euapp01.newsmemory.com\/lamarseillaise\/news\/wp-json\/wp\/v2\/comments?post=39392"}],"version-history":[{"count":1,"href":"https:\/\/euapp01.newsmemory.com\/lamarseillaise\/news\/wp-json\/wp\/v2\/posts\/39392\/revisions"}],"predecessor-version":[{"id":39394,"href":"https:\/\/euapp01.newsmemory.com\/lamarseillaise\/news\/wp-json\/wp\/v2\/posts\/39392\/revisions\/39394"}],"wp:featuredmedia":[{"embeddable":true,"href":"https:\/\/euapp01.newsmemory.com\/lamarseillaise\/news\/wp-json\/wp\/v2\/media\/39393"}],"wp:attachment":[{"href":"https:\/\/euapp01.newsmemory.com\/lamarseillaise\/news\/wp-json\/wp\/v2\/media?parent=39392"}],"wp:term":[{"taxonomy":"category","embeddable":true,"href":"https:\/\/euapp01.newsmemory.com\/lamarseillaise\/news\/wp-json\/wp\/v2\/categories?post=39392"},{"taxonomy":"post_tag","embeddable":true,"href":"https:\/\/euapp01.newsmemory.com\/lamarseillaise\/news\/wp-json\/wp\/v2\/tags?post=39392"},{"taxonomy":"news-destination","embeddable":true,"href":"https:\/\/euapp01.newsmemory.com\/lamarseillaise\/news\/wp-json\/wp\/v2\/news-destination?post=39392"},{"taxonomy":"news-source","embeddable":true,"href":"https:\/\/euapp01.newsmemory.com\/lamarseillaise\/news\/wp-json\/wp\/v2\/news-source?post=39392"},{"taxonomy":"is_homepage","embeddable":true,"href":"https:\/\/euapp01.newsmemory.com\/lamarseillaise\/news\/wp-json\/wp\/v2\/is_homepage?post=39392"},{"taxonomy":"ta_other","embeddable":true,"href":"https:\/\/euapp01.newsmemory.com\/lamarseillaise\/news\/wp-json\/wp\/v2\/ta_other?post=39392"}],"curies":[{"name":"wp","href":"https:\/\/api.w.org\/{rel}","templated":true}]}}