{"id":39389,"date":"2026-08-15T07:53:00","date_gmt":"2026-08-15T05:53:00","guid":{"rendered":"https:\/\/euapp01.newsmemory.com\/lamarseillaise\/news\/?p=39389"},"modified":"2026-08-15T10:16:59","modified_gmt":"2026-08-15T08:16:59","slug":"en-route-vers-les-balkans-a-tarascon","status":"publish","type":"post","link":"https:\/\/euapp01.newsmemory.com\/lamarseillaise\/news\/2026\/08\/15\/en-route-vers-les-balkans-a-tarascon\/","title":{"rendered":"En route vers les Balkans \u00e0 Tarascon"},"content":{"rendered":"<div class=\"paragraph\">\n<p>Le groupe \u00ab\u00a0Kimata\u00a0\u00bb, qui veut dire \u00ab\u00a0vagues\u00a0\u00bb en grec, est un ensemble de 5\u00a0musiciens aux influences grecs, turques et bulgares. Ils cr\u00e9ent des m\u00e9lodies lancinantes, en m\u00e9langeant clarinette et bouzouki, un instrument r\u00e9pandu en Gr\u00e8ce de la m\u00eame famille que la guitare. S\u2019ajoutent \u00e0 cela, une contrebasse, une guitare et des percussions traditionnelles grecques pour faire danser le public. Ils seront place Fr\u00e9d\u00e9ric Mistral \u00e0 partir de 18h30.<\/p>\n<p>D\u00e8s 21h30, place du march\u00e9 &#8211; H\u00f4tel de Ville, Jean-Fran\u00e7ois G\u00e9rold prendra le relais square Gonthier. Il jouera du galoubet-tambourin, un instrument traditionnel proven\u00e7al qu\u2019il m\u00e9lange avec des sonorit\u00e9s venues des pays celtes. Son concert intitul\u00e9 \u00ab\u00a0Le souffle de l\u2019\u00e2me\u00a0\u00bb est accompagn\u00e9 par un orchestre symphonique.<\/p>\n<p>Pour une escale en Argentine, Le Buena Onda Club Arles et Dario Dasilva proposent une initiation gratuite au tango suivi d\u2019un bal \u00e0 20h au square Gontier.<\/p>\n<p><b><span class=\"mln_small-caps_mln\">Gabrielle Cartellier.<\/span><\/b><\/p>\n<p><i>Le festival est enti\u00e8rement gratuit.<\/i><\/p>\n<\/p><\/div>\n","protected":false},"excerpt":{"rendered":"Le groupe &laquo;&nbsp;Kimata&nbsp;&raquo;, qui veut dire &laquo;&nbsp;vagues&nbsp;&raquo; en grec, est un ensemble de 5&nbsp;musiciens aux influences grecs, turques et bulgares. Ils cr&eacute;ent des m&eacute;lodies lancinantes, en &#8230;","protected":false},"author":1,"featured_media":39390,"comment_status":"open","ping_status":"open","sticky":false,"template":"","format":"standard","meta":{"footnotes":""},"categories":[32],"tags":[10,34,329,1083,325,3045,1740,988,2001],"news-destination":[],"news-source":[475],"is_homepage":[],"ta_other":[],"class_list":["post-39389","post","type-post","status-publish","format-standard","has-post-thumbnail","hentry","category-culture","tag-bouches-du-rhone","tag-concert","tag-festival","tag-gratuit","tag-musique","tag-orchestre","tag-tarascon","tag-week-end","tag-weekend","news-source-website"],"_links":{"self":[{"href":"https:\/\/euapp01.newsmemory.com\/lamarseillaise\/news\/wp-json\/wp\/v2\/posts\/39389","targetHints":{"allow":["GET"]}}],"collection":[{"href":"https:\/\/euapp01.newsmemory.com\/lamarseillaise\/news\/wp-json\/wp\/v2\/posts"}],"about":[{"href":"https:\/\/euapp01.newsmemory.com\/lamarseillaise\/news\/wp-json\/wp\/v2\/types\/post"}],"author":[{"embeddable":true,"href":"https:\/\/euapp01.newsmemory.com\/lamarseillaise\/news\/wp-json\/wp\/v2\/users\/1"}],"replies":[{"embeddable":true,"href":"https:\/\/euapp01.newsmemory.com\/lamarseillaise\/news\/wp-json\/wp\/v2\/comments?post=39389"}],"version-history":[{"count":1,"href":"https:\/\/euapp01.newsmemory.com\/lamarseillaise\/news\/wp-json\/wp\/v2\/posts\/39389\/revisions"}],"predecessor-version":[{"id":39391,"href":"https:\/\/euapp01.newsmemory.com\/lamarseillaise\/news\/wp-json\/wp\/v2\/posts\/39389\/revisions\/39391"}],"wp:featuredmedia":[{"embeddable":true,"href":"https:\/\/euapp01.newsmemory.com\/lamarseillaise\/news\/wp-json\/wp\/v2\/media\/39390"}],"wp:attachment":[{"href":"https:\/\/euapp01.newsmemory.com\/lamarseillaise\/news\/wp-json\/wp\/v2\/media?parent=39389"}],"wp:term":[{"taxonomy":"category","embeddable":true,"href":"https:\/\/euapp01.newsmemory.com\/lamarseillaise\/news\/wp-json\/wp\/v2\/categories?post=39389"},{"taxonomy":"post_tag","embeddable":true,"href":"https:\/\/euapp01.newsmemory.com\/lamarseillaise\/news\/wp-json\/wp\/v2\/tags?post=39389"},{"taxonomy":"news-destination","embeddable":true,"href":"https:\/\/euapp01.newsmemory.com\/lamarseillaise\/news\/wp-json\/wp\/v2\/news-destination?post=39389"},{"taxonomy":"news-source","embeddable":true,"href":"https:\/\/euapp01.newsmemory.com\/lamarseillaise\/news\/wp-json\/wp\/v2\/news-source?post=39389"},{"taxonomy":"is_homepage","embeddable":true,"href":"https:\/\/euapp01.newsmemory.com\/lamarseillaise\/news\/wp-json\/wp\/v2\/is_homepage?post=39389"},{"taxonomy":"ta_other","embeddable":true,"href":"https:\/\/euapp01.newsmemory.com\/lamarseillaise\/news\/wp-json\/wp\/v2\/ta_other?post=39389"}],"curies":[{"name":"wp","href":"https:\/\/api.w.org\/{rel}","templated":true}]}}