{"id":39386,"date":"2026-08-15T07:54:00","date_gmt":"2026-08-15T05:54:00","guid":{"rendered":"https:\/\/euapp01.newsmemory.com\/lamarseillaise\/news\/?p=39386"},"modified":"2026-08-15T10:16:59","modified_gmt":"2026-08-15T08:16:59","slug":"la-cite-des-papes-davignon-de-nuit","status":"publish","type":"post","link":"https:\/\/euapp01.newsmemory.com\/lamarseillaise\/news\/2026\/08\/15\/la-cite-des-papes-davignon-de-nuit\/","title":{"rendered":"La cit\u00e9 des Papes d\u2019Avignon de nuit"},"content":{"rendered":"<div class=\"paragraph\">\n<p>Cet \u00e9difice est le t\u00e9moignage de la succession de neuf papes \u00e0 Avignon au XIV<sup>e<\/sup>\u00a0si\u00e8cle. La visite permet de comprendre les \u00e9tapes et les techniques de construction du palais, mais aussi de se rendre compte du pouvoir et du faste de la papaut\u00e9.<\/p>\n<p>La visite dure 1h45 et inclut les trois jardins\u00a0: le verger urbain, le jardin pontifical et le jardin des papes. La jauge est limit\u00e9e \u00e0 30\u00a0personnes, ce qui donne l\u2019impression aux visiteurs d\u2019\u00eatre seuls dans la cit\u00e9. Le Palais des Papes n\u2019est pas accessible aux personnes \u00e0 mobilit\u00e9 r\u00e9duite en raison d\u2019un tr\u00e8s grand nombre de marches. Les tarifs vont de 22\u00a0\u00e0 25\u00a0euros.<\/p>\n<p><b><span class=\"mln_small-caps_mln\">Gabrielle Cartellier.<\/span><\/b><\/p>\n<p><i>R\u00e9servation sur le site du Palais des papes, visite \u00e0 21H30 les vendredis et samedis d\u2019ao\u00fbt.<\/i><\/p>\n<\/p><\/div>\n","protected":false},"excerpt":{"rendered":"Cet &eacute;difice est le t&eacute;moignage de la succession de neuf papes &agrave; Avignon au XIVe&nbsp;si&egrave;cle. La visite permet de comprendre les &eacute;tapes et les techniques de construction du palais, mais aussi de se rendre compte du &#8230;","protected":false},"author":1,"featured_media":39387,"comment_status":"open","ping_status":"open","sticky":false,"template":"","format":"standard","meta":{"footnotes":""},"categories":[32],"tags":[174,6207,3391,97,529,171,988,2001],"news-destination":[],"news-source":[475],"is_homepage":[],"ta_other":[],"class_list":["post-39386","post","type-post","status-publish","format-standard","has-post-thumbnail","hentry","category-culture","tag-avignon","tag-nocturne","tag-nuit","tag-patrimoine","tag-spectacle","tag-vaucluse","tag-week-end","tag-weekend","news-source-website"],"_links":{"self":[{"href":"https:\/\/euapp01.newsmemory.com\/lamarseillaise\/news\/wp-json\/wp\/v2\/posts\/39386","targetHints":{"allow":["GET"]}}],"collection":[{"href":"https:\/\/euapp01.newsmemory.com\/lamarseillaise\/news\/wp-json\/wp\/v2\/posts"}],"about":[{"href":"https:\/\/euapp01.newsmemory.com\/lamarseillaise\/news\/wp-json\/wp\/v2\/types\/post"}],"author":[{"embeddable":true,"href":"https:\/\/euapp01.newsmemory.com\/lamarseillaise\/news\/wp-json\/wp\/v2\/users\/1"}],"replies":[{"embeddable":true,"href":"https:\/\/euapp01.newsmemory.com\/lamarseillaise\/news\/wp-json\/wp\/v2\/comments?post=39386"}],"version-history":[{"count":1,"href":"https:\/\/euapp01.newsmemory.com\/lamarseillaise\/news\/wp-json\/wp\/v2\/posts\/39386\/revisions"}],"predecessor-version":[{"id":39388,"href":"https:\/\/euapp01.newsmemory.com\/lamarseillaise\/news\/wp-json\/wp\/v2\/posts\/39386\/revisions\/39388"}],"wp:featuredmedia":[{"embeddable":true,"href":"https:\/\/euapp01.newsmemory.com\/lamarseillaise\/news\/wp-json\/wp\/v2\/media\/39387"}],"wp:attachment":[{"href":"https:\/\/euapp01.newsmemory.com\/lamarseillaise\/news\/wp-json\/wp\/v2\/media?parent=39386"}],"wp:term":[{"taxonomy":"category","embeddable":true,"href":"https:\/\/euapp01.newsmemory.com\/lamarseillaise\/news\/wp-json\/wp\/v2\/categories?post=39386"},{"taxonomy":"post_tag","embeddable":true,"href":"https:\/\/euapp01.newsmemory.com\/lamarseillaise\/news\/wp-json\/wp\/v2\/tags?post=39386"},{"taxonomy":"news-destination","embeddable":true,"href":"https:\/\/euapp01.newsmemory.com\/lamarseillaise\/news\/wp-json\/wp\/v2\/news-destination?post=39386"},{"taxonomy":"news-source","embeddable":true,"href":"https:\/\/euapp01.newsmemory.com\/lamarseillaise\/news\/wp-json\/wp\/v2\/news-source?post=39386"},{"taxonomy":"is_homepage","embeddable":true,"href":"https:\/\/euapp01.newsmemory.com\/lamarseillaise\/news\/wp-json\/wp\/v2\/is_homepage?post=39386"},{"taxonomy":"ta_other","embeddable":true,"href":"https:\/\/euapp01.newsmemory.com\/lamarseillaise\/news\/wp-json\/wp\/v2\/ta_other?post=39386"}],"curies":[{"name":"wp","href":"https:\/\/api.w.org\/{rel}","templated":true}]}}