{"id":39380,"date":"2026-08-15T07:42:00","date_gmt":"2026-08-15T05:42:00","guid":{"rendered":"https:\/\/euapp01.newsmemory.com\/lamarseillaise\/news\/?p=39380"},"modified":"2026-08-21T08:18:58","modified_gmt":"2026-08-21T06:18:58","slug":"patrimoine-au-frioul-lhopital-aux-quatre-vents-de-proust","status":"publish","type":"post","link":"https:\/\/euapp01.newsmemory.com\/lamarseillaise\/news\/2026\/08\/15\/patrimoine-au-frioul-lhopital-aux-quatre-vents-de-proust\/","title":{"rendered":"[Patrimoine] Au Frioul, l\u2019h\u00f4pital aux quatre vents de Proust"},"content":{"rendered":"<div class=\"paragraph\">\n<p><b><span class=\"mln_uppercase_mln\"><\/span><\/b><\/p>\n<p>L\u2019h\u00f4pital Caroline, complexe sanitaire de soins et de quarantaine trouve son origine dans l\u2019\u00e9pid\u00e9mie de fi\u00e8vre jaune de 1820 qui d\u00e9cima les \u00e9quipages des ports de M\u00e9diterran\u00e9e. Durant l\u2019\u00e9t\u00e9 1821, un navire venant de Cuba avait introduit la fi\u00e8vre jaune \u00e0 Barcelone provoquant 20\u00a0000\u00a0morts. Dans la foul\u00e9e, un navire infect\u00e9 venant de Malaga \u00e9tait mis en quarantaine \u00e0 Pom\u00e8gues. 12\u00a0marins d\u00e9c\u00e9daient, mais la cit\u00e9 phoc\u00e9enne n\u2019\u00e9tait pas touch\u00e9e, ce qui convainquait l\u2019Intendance sanitaire de demander \u00e0 Louis\u00a0XVIII de construire au Frioul un port bastionn\u00e9 pour la quarantaine. Il aura co\u00fbt\u00e9 638\u00a0000\u00a0francs-or sur des fonds du Tr\u00e9sor public, de la Chambre de commerce et de la Ville. Son nom est un hommage rendu \u00e0 la duchesse de Berry, Marie-Caroline de Bourbon-Siciles qui s\u00e9journa en quarantaine au la zaret d\u2019Arenc.<\/p>\n<p>Le projet est confi\u00e9 \u00e0 l\u2019architecte Michel-Robert Penchaud qui \u00e9difie en\u00a01828 cet h\u00f4pital sur un promontoire battu par les vents de l\u2019\u00eele de Ratonneau suivant un syst\u00e8me pavillonnaire autour de deux grandes cours et ob\u00e9issant aux pr\u00e9ceptes d\u2019isolement, de surveillance et d\u2019a\u00e9ration maximale. Il est con\u00e7u pour accueillir 48\u00a0malades et 24\u00a0convalescents dans 12\u00a0corps de b\u00e2timents sur 3\u00a0500\u00a0m\u00e8tres carr\u00e9s.<\/p>\n<p><b>\u00ab<\/b><b>\u00a0<\/b><b>C\u2019est une ruine<\/b><b>\u00a0<\/b><b>\u00bb<\/b><\/p>\n<p>En 1847, le secr\u00e9taire de l\u2019Intendance Sanitaire d\u00e9crit un bouge\u00a0: \u00ab\u00a0<i>Ce que j\u2019ai vu d\u00e9passe toute id\u00e9e de malpropret\u00e9 que j\u2019avais pu me faire, les quatre pavillons habit\u00e9s par les ouvriers sont dans un \u00e9tat d\u00e9plorable. Il n\u2019existe pas de cloaque plus sale, plus d\u00e9go\u00fbtant<\/i><i>\u00a0<\/i><i>; les escaliers int\u00e9rieurs, les paliers et les planchers sont meubl\u00e9s d\u2019ordure&#8230; En fait les quatre pavillons sont dans un \u00e9tat pitoyable&#8230;<\/i>\u00a0\u00bb<\/p>\n<p>Ce qui n\u2019emp\u00eache pas en\u00a01850, d\u2019y transf\u00e9rer les malades du lazaret d\u2019Arenc. Puis l\u2019arm\u00e9e r\u00e9quisitionne les lieux jusqu\u2019en 1856 pour y soigner plus de 700\u00a0soldats atteints parfois du typhus de retour d\u2019Afrique et de Crim\u00e9e. 308\u00a0navires d\u00e9barquent alors 33\u00a0500\u00a0marins, 124\u00a0200\u00a0militaires et 5\u00a0090\u00a0passagers civils. 709\u00a0malades furent trait\u00e9s \u00e0 l\u2019h\u00f4pital parmi lesquels on d\u00e9plora 165\u00a0d\u00e9c\u00e8s, dont 90\u00a0dus au typhus.<\/p>\n<p>En 1900, 35\u00a0malades de la peste y sont hospitalis\u00e9s. En d\u00e9cembre\u00a01903, un rapport \u00e0 l\u2019Acad\u00e9mie de m\u00e9decine signale son \u00e9tat d\u00e9plorable\u00a0: \u00ab\u00a0<i>Qu\u2019il me soit permis de vous d\u00e9noncer l\u2019h\u00f4pital Ratonneau destin\u00e9 aux malades atteints de la peste, de la fi\u00e8vre jaune ou du chol\u00e9ra. Il vous est impossible de vous repr\u00e9senter un h\u00f4pital aussi d\u00e9labr\u00e9 et aussi abandonn\u00e9. Il ne renferme ni pharmacie, ni instruments, en un mot il n\u2019y a rien<\/i><i>\u00a0<\/i><i>; ce n\u2019est pas un h\u00f4pital, c\u2019est une ruine<\/i>\u00a0\u00bb \u00e9crit le docteur Josias.<\/p>\n<p>Deux ans plus tard, le docteur Adrien Proust, p\u00e8re de Marcel Proust, vient \u00e0 Marseille prodiguer ses conseils pour lutter contre l\u2019\u00e9pid\u00e9mie de chol\u00e9ra. Son rapport \u00ab\u00a0<i>sur les am\u00e9liorations \u00e0 apporter au fonctionnement du service [sanitaire] dans le port de Marseille et au Lazaret du Frioul<\/i><i>\u00a0<\/i>\u00bb, fustige le recrutement des auxiliaires du lazaret parmi \u00ab\u00a0<i>les personnes errant sans emploi sur les quais de Marseille et qui n\u2019ont aucune notion du travail auquel on les destine<\/i><i>\u00a0<\/i>\u00bb. En\u00a01923, le nom d\u2019Adrien Proust est bri\u00e8vement donn\u00e9 \u00e0 l\u2019h\u00f4pital du Frioul.<\/p>\n<p>Il sert encore d\u2019h\u00f4pital en\u00a01941 en raison d\u2019une \u00e9pid\u00e9mie de typhus dans les prisons de Marseille puis devient un d\u00e9p\u00f4t de munitions de la Wehrmacht pilonn\u00e9 \u00e0 la Lib\u00e9ration. Rachet\u00e9 par la Ville en\u00a01978, il est inscrit aux monuments historiques en\u00a01980. L\u2019association Caroline s\u2019est battue avec la f\u00e9d\u00e9ration Remparts pour lancer des travaux de restauration au travers du b\u00e9n\u00e9volat estival puis a b\u00e2ti un partenariat avec la prison des Baumettes pour des chantiers de r\u00e9insertion avec des d\u00e9tenus en fin de peine. Progressivement le pavillon Saint-Roch, l\u2019ancienne infirmerie, le pavillon des morts, les murs d\u2019enceinte, le pavillon des entr\u00e9es, le pavillon de bains puis le pavillon Chevalier Roze ont \u00e9t\u00e9 restaur\u00e9s avec la chapelle centrale de style hell\u00e9nistique pour rappeler les origines de la cit\u00e9 phoc\u00e9enne. En 2007, Acta Vista poursuit le chantier pour le pavillon des intendants, la capitainerie.<\/p>\n<p>Il se visite \u00e0 l\u2019occasion des Journ\u00e9es europ\u00e9ennes du patrimoine. On peut longer l\u2019enceinte et \u00e0 travers la grille observer la cour int\u00e9rieure, la chapelle et les pavillons, tout en jouissant d\u2019une vue exceptionnelle sur la rade phoc\u00e9enne.<\/p>\n<\/p><\/div>\n","protected":false},"excerpt":{"rendered":"","protected":false},"author":1,"featured_media":39381,"comment_status":"open","ping_status":"open","sticky":false,"template":"","format":"standard","meta":{"footnotes":""},"categories":[3926,3924,32,20],"tags":[1346,168,10,280,2459,1501,5520,16,128,97,1582,180,2157,988,2001],"news-destination":[3944],"news-source":[475],"is_homepage":[],"ta_other":[],"class_list":["post-39380","post","type-post","status-publish","format-standard","has-post-thumbnail","hentry","category-accueil-merge","category-accueil-second","category-culture","category-societe","tag-architecture","tag-association","tag-bouches-du-rhone","tag-histoire","tag-histoire-de-lart","tag-hopital","tag-ile-du-frioul","tag-marseille","tag-mediterranee","tag-patrimoine","tag-renovation","tag-restauration","tag-soldats","tag-week-end","tag-weekend","news-destination-homepage","news-source-website"],"_links":{"self":[{"href":"https:\/\/euapp01.newsmemory.com\/lamarseillaise\/news\/wp-json\/wp\/v2\/posts\/39380","targetHints":{"allow":["GET"]}}],"collection":[{"href":"https:\/\/euapp01.newsmemory.com\/lamarseillaise\/news\/wp-json\/wp\/v2\/posts"}],"about":[{"href":"https:\/\/euapp01.newsmemory.com\/lamarseillaise\/news\/wp-json\/wp\/v2\/types\/post"}],"author":[{"embeddable":true,"href":"https:\/\/euapp01.newsmemory.com\/lamarseillaise\/news\/wp-json\/wp\/v2\/users\/1"}],"replies":[{"embeddable":true,"href":"https:\/\/euapp01.newsmemory.com\/lamarseillaise\/news\/wp-json\/wp\/v2\/comments?post=39380"}],"version-history":[{"count":1,"href":"https:\/\/euapp01.newsmemory.com\/lamarseillaise\/news\/wp-json\/wp\/v2\/posts\/39380\/revisions"}],"predecessor-version":[{"id":39382,"href":"https:\/\/euapp01.newsmemory.com\/lamarseillaise\/news\/wp-json\/wp\/v2\/posts\/39380\/revisions\/39382"}],"wp:featuredmedia":[{"embeddable":true,"href":"https:\/\/euapp01.newsmemory.com\/lamarseillaise\/news\/wp-json\/wp\/v2\/media\/39381"}],"wp:attachment":[{"href":"https:\/\/euapp01.newsmemory.com\/lamarseillaise\/news\/wp-json\/wp\/v2\/media?parent=39380"}],"wp:term":[{"taxonomy":"category","embeddable":true,"href":"https:\/\/euapp01.newsmemory.com\/lamarseillaise\/news\/wp-json\/wp\/v2\/categories?post=39380"},{"taxonomy":"post_tag","embeddable":true,"href":"https:\/\/euapp01.newsmemory.com\/lamarseillaise\/news\/wp-json\/wp\/v2\/tags?post=39380"},{"taxonomy":"news-destination","embeddable":true,"href":"https:\/\/euapp01.newsmemory.com\/lamarseillaise\/news\/wp-json\/wp\/v2\/news-destination?post=39380"},{"taxonomy":"news-source","embeddable":true,"href":"https:\/\/euapp01.newsmemory.com\/lamarseillaise\/news\/wp-json\/wp\/v2\/news-source?post=39380"},{"taxonomy":"is_homepage","embeddable":true,"href":"https:\/\/euapp01.newsmemory.com\/lamarseillaise\/news\/wp-json\/wp\/v2\/is_homepage?post=39380"},{"taxonomy":"ta_other","embeddable":true,"href":"https:\/\/euapp01.newsmemory.com\/lamarseillaise\/news\/wp-json\/wp\/v2\/ta_other?post=39380"}],"curies":[{"name":"wp","href":"https:\/\/api.w.org\/{rel}","templated":true}]}}