{"id":39376,"date":"2026-08-15T07:43:00","date_gmt":"2026-08-15T05:43:00","guid":{"rendered":"https:\/\/euapp01.newsmemory.com\/lamarseillaise\/news\/?p=39376"},"modified":"2026-08-21T08:18:57","modified_gmt":"2026-08-21T06:18:57","slug":"harcelement-de-rue-les-elus-nimois-ouvrent-lenquete","status":"publish","type":"post","link":"https:\/\/euapp01.newsmemory.com\/lamarseillaise\/news\/2026\/08\/15\/harcelement-de-rue-les-elus-nimois-ouvrent-lenquete\/","title":{"rendered":"Harc\u00e8lement de rue : les \u00e9lus n\u00eemois ouvrent l\u2019enqu\u00eate"},"content":{"rendered":"<div class=\"paragraph\">\n<p>\u00ab <i>O<\/i><i>n trouve insupportable que les femmes se sentent restreintes dans leurs activit\u00e9s quotidiennes<\/i><i>\u00a0<\/i>\u00bb<i>, <\/i>lance Marianne Bernede, adjointe \u00e0 la ville de N\u00eemes pour l\u2019\u00e9galit\u00e9 et contre les discriminations. Alors, face au harc\u00e8lement de rue, un groupe d\u2019\u00e9lus principalement compos\u00e9 de femmes a tenu \u00e0 prendre le probl\u00e8me \u00e0 bras-le-corps. Le 27\u00a0juillet dernier, une enqu\u00eate concernant ces comportements a \u00e9t\u00e9 lanc\u00e9e, appelant les femmes n\u00eemoises \u00e0 t\u00e9moigner. En seulement deux jours, l\u2019enqu\u00eate a atteint les 700\u00a0entr\u00e9es, \u00ab<i>\u00a0<\/i><i>ce qui n\u2019\u00e9tait jamais arriv\u00e9 pour une enqu\u00eate sur le site de la ville<\/i><i>\u00a0<\/i>\u00bb<i>,<\/i> explique l\u2019adjointe.<\/p>\n<p>\u00c9labor\u00e9e par plusieurs \u00e9lus, cette enqu\u00eate vise avant tout \u00e0 mettre la lumi\u00e8re sur ce fl\u00e9au. \u00ab<i>\u00a0<\/i><i>L\u2019id\u00e9e, c\u2019est qu\u2019on en parle,<\/i> sourit Marianne Bernede. <i>Parce qu\u2019avant d\u2019\u00eatre un probl\u00e8me de s\u00e9curit\u00e9, c\u2019est un probl\u00e8me de soci\u00e9t\u00e9.<\/i><i>\u00a0<\/i>\u00bb<i> <\/i><\/p>\n<p>Selon les donn\u00e9es fournies par l\u2019application anti harc\u00e8lement de rue, Umay, la p\u00e9riode estivale est propice \u00e0 une augmentation du nombre de ces atteintes. L\u2019application en enregistre 30% de plus \u00e0 l\u2019approche des chaleurs de l\u2019\u00e9t\u00e9,<i> <\/i>\u00ab<i>\u00a0<\/i><i>lorsque les femmes ont l\u2019outrecuidance de porter des petites robes l\u00e9g\u00e8res<\/i><i>\u00a0<\/i>\u00bb<i>,<\/i> ironise l\u2019\u00e9lue. L\u2019enqu\u00eate vise donc \u00e9galement \u00e0 faire le point \u00e0 N\u00eemes, avant d\u2019envisager de<i> <\/i>\u00ab<i>\u00a0<\/i><i>r\u00e9pondre localement<\/i><i>\u00a0<\/i>\u00bb<i>,<\/i> ajoute-t-elle.<\/p>\n<\/p><\/div>\n<div class=\"intext\"> Rentrer sans crainte\n              <\/div>\n<div class=\"paragraph\">\n<p>Gr\u00e2ce aux r\u00e9ponses donn\u00e9es dans le cadre du questionnaire, l\u2019\u00e9quipe municipale compte mettre en place un dispositif de raccompagnement, permettant aux femmes de ne plus avoir peur de sortir le soir.<\/p>\n<p>Des bus \u00e0 horaires fixes en soir\u00e9e ou encore des taxis collectifs, les modalit\u00e9s d\u2019un tel dispositif ne sont pas encore fix\u00e9es. La municipalit\u00e9 compte d\u2019ailleurs sur les N\u00eemoises volontaires pour prendre part \u00e0 des ateliers de r\u00e9flexion autour de la question. \u00ab<i>\u00a0<\/i><i>Nous, ce qu\u2019on veut, c\u2019est \u00e9couter les gens<\/i><i>\u00a0<\/i>\u00bb<i>,<\/i> compl\u00e8te l\u2019\u00e9lue.<\/p>\n<p>Apr\u00e8s l\u2019instauration du dispositif Angela en 2021, la Ville de N\u00eemes souhaite \u00e9largir la protection des femmes sur son territoire. \u00ab<i>\u00a0<\/i><i>On veut que \u00e7a puisse aider les femmes au quotidien \u00e0 se sentir plus \u00e0 l\u2019aise dans leur ville<\/i><i>\u00a0<\/i>\u00bb<i>,<\/i> conclut l\u2019\u00e9lue. L\u2019enqu\u00eate est disponible sur le site je-participe.n\u00eemes.fr et se poursuit jusqu\u2019au 27\u00a0septembre prochain.<\/p>\n<\/p><\/div>\n","protected":false},"excerpt":{"rendered":"&laquo; On trouve insupportable que les femmes se sentent restreintes dans leurs activit&eacute;s quotidiennes&nbsp;&raquo;, lance Marianne Bernede, adjointe &agrave; la ville de N&icirc;mes pour l&rsquo;&eacute;galit&eacute; et contre les &#8230;","protected":false},"author":1,"featured_media":39377,"comment_status":"open","ping_status":"open","sticky":false,"template":"","format":"standard","meta":{"footnotes":""},"categories":[3926,3925,331,20],"tags":[922,1276,387,238,6108,241,284,5629],"news-destination":[3944],"news-source":[475],"is_homepage":[],"ta_other":[],"class_list":["post-39376","post","type-post","status-publish","format-standard","has-post-thumbnail","hentry","category-accueil-merge","category-accueil-third","category-social","category-societe","tag-discriminations","tag-enquete","tag-femmes","tag-gard","tag-harcelement-de-rue","tag-nimes","tag-occitanie","tag-sexisme","news-destination-homepage","news-source-website"],"_links":{"self":[{"href":"https:\/\/euapp01.newsmemory.com\/lamarseillaise\/news\/wp-json\/wp\/v2\/posts\/39376","targetHints":{"allow":["GET"]}}],"collection":[{"href":"https:\/\/euapp01.newsmemory.com\/lamarseillaise\/news\/wp-json\/wp\/v2\/posts"}],"about":[{"href":"https:\/\/euapp01.newsmemory.com\/lamarseillaise\/news\/wp-json\/wp\/v2\/types\/post"}],"author":[{"embeddable":true,"href":"https:\/\/euapp01.newsmemory.com\/lamarseillaise\/news\/wp-json\/wp\/v2\/users\/1"}],"replies":[{"embeddable":true,"href":"https:\/\/euapp01.newsmemory.com\/lamarseillaise\/news\/wp-json\/wp\/v2\/comments?post=39376"}],"version-history":[{"count":1,"href":"https:\/\/euapp01.newsmemory.com\/lamarseillaise\/news\/wp-json\/wp\/v2\/posts\/39376\/revisions"}],"predecessor-version":[{"id":39378,"href":"https:\/\/euapp01.newsmemory.com\/lamarseillaise\/news\/wp-json\/wp\/v2\/posts\/39376\/revisions\/39378"}],"wp:featuredmedia":[{"embeddable":true,"href":"https:\/\/euapp01.newsmemory.com\/lamarseillaise\/news\/wp-json\/wp\/v2\/media\/39377"}],"wp:attachment":[{"href":"https:\/\/euapp01.newsmemory.com\/lamarseillaise\/news\/wp-json\/wp\/v2\/media?parent=39376"}],"wp:term":[{"taxonomy":"category","embeddable":true,"href":"https:\/\/euapp01.newsmemory.com\/lamarseillaise\/news\/wp-json\/wp\/v2\/categories?post=39376"},{"taxonomy":"post_tag","embeddable":true,"href":"https:\/\/euapp01.newsmemory.com\/lamarseillaise\/news\/wp-json\/wp\/v2\/tags?post=39376"},{"taxonomy":"news-destination","embeddable":true,"href":"https:\/\/euapp01.newsmemory.com\/lamarseillaise\/news\/wp-json\/wp\/v2\/news-destination?post=39376"},{"taxonomy":"news-source","embeddable":true,"href":"https:\/\/euapp01.newsmemory.com\/lamarseillaise\/news\/wp-json\/wp\/v2\/news-source?post=39376"},{"taxonomy":"is_homepage","embeddable":true,"href":"https:\/\/euapp01.newsmemory.com\/lamarseillaise\/news\/wp-json\/wp\/v2\/is_homepage?post=39376"},{"taxonomy":"ta_other","embeddable":true,"href":"https:\/\/euapp01.newsmemory.com\/lamarseillaise\/news\/wp-json\/wp\/v2\/ta_other?post=39376"}],"curies":[{"name":"wp","href":"https:\/\/api.w.org\/{rel}","templated":true}]}}