{"id":39366,"date":"2026-08-14T15:45:00","date_gmt":"2026-08-14T13:45:00","guid":{"rendered":"https:\/\/euapp01.newsmemory.com\/lamarseillaise\/news\/?p=39366"},"modified":"2026-08-21T08:18:58","modified_gmt":"2026-08-21T06:18:58","slug":"le-conseil-constitutionnel-censure-linterdiction-des-reseaux-sociaux-aux-moins-de-15-ans","status":"publish","type":"post","link":"https:\/\/euapp01.newsmemory.com\/lamarseillaise\/news\/2026\/08\/14\/le-conseil-constitutionnel-censure-linterdiction-des-reseaux-sociaux-aux-moins-de-15-ans\/","title":{"rendered":"Le Conseil constitutionnel censure l\u2019interdiction des r\u00e9seaux sociaux aux moins de 15 ans"},"content":{"rendered":"<div class=\"paragraph\">\n<p>C\u2019\u00e9tait une des mesures embl\u00e9matiques du second mandat d\u2019Emmanuel Macron : le Conseil constitutionnel a censur\u00e9 vendredi l\u2019interdiction des r\u00e9seaux sociaux aux moins de 15 ans. Dans leur d\u00e9cision, les Sages ont estim\u00e9 que la mesure <i>\u00abporte une atteinte qui n\u2019est pas adapt\u00e9e, n\u00e9cessaire et proportionn\u00e9e\u00bb<\/i> \u00e0 leur libert\u00e9 d\u2019expression et de communication.<\/p>\n<p>Si ces derniers reconnaissent \u00ab<i>l\u2019exigence constitutionnelle de protection de l\u2019int\u00e9r\u00eat sup\u00e9rieur de l\u2019enfant<\/i>\u00bb, ils rel\u00e8vent que cette interdiction tr\u00e8s large \u00ab<i>est susceptible de s\u2019appliquer \u00e0 des services de communication en ligne dont les risques pour la sant\u00e9 et la s\u00e9curit\u00e9 des mineurs<\/i> (&#8230;) <i>ne sont pas \u00e9tablis<\/i>\u00bb.<\/p>\n<p>Face \u00e0 cet \u00e9chec, le pr\u00e9sident de la R\u00e9publique a charg\u00e9 son Premier ministre de \u00ab<i>travailler (&#8230;) dans les meilleurs d\u00e9lais<\/i>\u00bb \u00e0 une r\u00e9daction \u00ab<i>tenant compte de la d\u00e9cision du Conseil constitutionnel ainsi que du cadre europ\u00e9en<\/i>\u00bb, a indiqu\u00e9 l\u2019Elys\u00e9e dans un communiqu\u00e9, ajoutant que \u00ab<i>la d\u00e9termination<\/i>\u00bb du chef de l\u2019\u00c9tat \u00e0 faire aboutir cette r\u00e9forme \u00ab<i>d\u2019ici au printemps 2027 demeure totale<\/i>\u00bb.<\/p>\n<p>Le texte censur\u00e9 devait entrer en vigueur le 1er septembre.<\/p>\n<\/p><\/div>\n","protected":false},"excerpt":{"rendered":"C&rsquo;&eacute;tait une des mesures embl&eacute;matiques du second mandat d&rsquo;Emmanuel Macron : le Conseil constitutionnel a censur&eacute; vendredi l&rsquo;interdiction des r&eacute;seaux sociaux aux moins de 15 ans. Dans leur d&eacute;cision, &#8230;","protected":false},"author":1,"featured_media":39367,"comment_status":"open","ping_status":"open","sticky":false,"template":"","format":"standard","meta":{"footnotes":""},"categories":[3926,3925,330],"tags":[132,476,575,572,3157,2800,253,380,256,833],"news-destination":[3944],"news-source":[475],"is_homepage":[],"ta_other":[],"class_list":["post-39366","post","type-post","status-publish","format-standard","has-post-thumbnail","hentry","category-accueil-merge","category-accueil-third","category-politique","tag-communication","tag-conseil-constitutionnel","tag-emmanuel-macron","tag-france","tag-liberte-dexpression","tag-loi","tag-mineurs","tag-reseaux-sociaux","tag-sante","tag-sebastien-lecornu","news-destination-homepage","news-source-website"],"_links":{"self":[{"href":"https:\/\/euapp01.newsmemory.com\/lamarseillaise\/news\/wp-json\/wp\/v2\/posts\/39366","targetHints":{"allow":["GET"]}}],"collection":[{"href":"https:\/\/euapp01.newsmemory.com\/lamarseillaise\/news\/wp-json\/wp\/v2\/posts"}],"about":[{"href":"https:\/\/euapp01.newsmemory.com\/lamarseillaise\/news\/wp-json\/wp\/v2\/types\/post"}],"author":[{"embeddable":true,"href":"https:\/\/euapp01.newsmemory.com\/lamarseillaise\/news\/wp-json\/wp\/v2\/users\/1"}],"replies":[{"embeddable":true,"href":"https:\/\/euapp01.newsmemory.com\/lamarseillaise\/news\/wp-json\/wp\/v2\/comments?post=39366"}],"version-history":[{"count":1,"href":"https:\/\/euapp01.newsmemory.com\/lamarseillaise\/news\/wp-json\/wp\/v2\/posts\/39366\/revisions"}],"predecessor-version":[{"id":39368,"href":"https:\/\/euapp01.newsmemory.com\/lamarseillaise\/news\/wp-json\/wp\/v2\/posts\/39366\/revisions\/39368"}],"wp:featuredmedia":[{"embeddable":true,"href":"https:\/\/euapp01.newsmemory.com\/lamarseillaise\/news\/wp-json\/wp\/v2\/media\/39367"}],"wp:attachment":[{"href":"https:\/\/euapp01.newsmemory.com\/lamarseillaise\/news\/wp-json\/wp\/v2\/media?parent=39366"}],"wp:term":[{"taxonomy":"category","embeddable":true,"href":"https:\/\/euapp01.newsmemory.com\/lamarseillaise\/news\/wp-json\/wp\/v2\/categories?post=39366"},{"taxonomy":"post_tag","embeddable":true,"href":"https:\/\/euapp01.newsmemory.com\/lamarseillaise\/news\/wp-json\/wp\/v2\/tags?post=39366"},{"taxonomy":"news-destination","embeddable":true,"href":"https:\/\/euapp01.newsmemory.com\/lamarseillaise\/news\/wp-json\/wp\/v2\/news-destination?post=39366"},{"taxonomy":"news-source","embeddable":true,"href":"https:\/\/euapp01.newsmemory.com\/lamarseillaise\/news\/wp-json\/wp\/v2\/news-source?post=39366"},{"taxonomy":"is_homepage","embeddable":true,"href":"https:\/\/euapp01.newsmemory.com\/lamarseillaise\/news\/wp-json\/wp\/v2\/is_homepage?post=39366"},{"taxonomy":"ta_other","embeddable":true,"href":"https:\/\/euapp01.newsmemory.com\/lamarseillaise\/news\/wp-json\/wp\/v2\/ta_other?post=39366"}],"curies":[{"name":"wp","href":"https:\/\/api.w.org\/{rel}","templated":true}]}}